{"id":125812,"date":"2023-11-26T23:12:37","date_gmt":"2023-11-27T02:12:37","guid":{"rendered":"https:\/\/eltrabajo.cl\/portal\/?p=125812"},"modified":"2023-11-26T22:40:38","modified_gmt":"2023-11-27T01:40:38","slug":"cuatro-millones-de-pesos-roban-delincuentes-desde-un-vehiculo-en-san-felipe","status":"publish","type":"post","link":"https:\/\/eltrabajo.cl\/portal\/cuatro-millones-de-pesos-roban-delincuentes-desde-un-vehiculo-en-san-felipe\/","title":{"rendered":"Cuatro millones de pesos roban delincuentes desde un veh\u00edculo en San Felipe"},"content":{"rendered":"<ul>\n<li><strong>V\u00edctima dej\u00f3 su auto en el estacionamiento del \u2018Homecenter Sodimac\u2019, a su regreso, se percat\u00f3 que le hab\u00edan robado el dinero.-<\/strong><\/li>\n<\/ul>\n<p>Delincuentes robaron cuatro millones de pesos en dinero en efectivo que manten\u00eda un hombre en la guantera de su veh\u00edculo.<\/p>\n<p>El hecho se produjo la tarde del pasado viernes, cuando la v\u00edctima dej\u00f3 su auto estacionado en el <strong>\u2018Homecenter Sodimac\u2019<\/strong>. A su regreso, se percat\u00f3 que el dinero hab\u00eda sido sustra\u00eddo.<\/p>\n<p>El teniente de Carabineros <strong>Diego Arratia<\/strong>, indic\u00f3 que <em>\u00abfue un robo de especies desde el interior de un veh\u00edculo, fueron aproximadamente 4 millones de pesos, la persona estaciona su veh\u00edculo al interior del local comercial \u2018Sodimac\u2019, al regresar se percata que le hab\u00edan sacado su dinero que manten\u00eda en la guantera de su autom\u00f3vil\u00bb.<\/em><\/p>\n<p>Respecto de si esto se trata de un robo conocido como \u2018salida de banco\u2019 o un \u2018seguimiento\u2019, Arratia sostuvo que <em>\u00abestamos viendo las diligencias para ver cu\u00e1les eran las actividades previas de la v\u00edctima. Se observa un veh\u00edculo que se acerca, abren el auto que al parecer qued\u00f3 mal cerrado y sustraen la cantidad de dinero\u00bb. <\/em><\/p>\n<p>&nbsp;<\/p>\n<p><span style=\"color: #ff0000;\">RONDA IMPACTO<\/span><\/p>\n<p>Asimismo, y en el marco de la denominada <strong>\u2018ronda impacto\u2019<\/strong> que se realiz\u00f3 en San Felipe durante la tarde del viernes y madrugada del s\u00e1bado, el teniente precis\u00f3 que <em>\u00abfue una ronda en la que trabaj\u00f3 Carabineros de San Felipe, tuvimos 6 detenidos durante la jornada, 4 de ellos por \u00f3rdenes vigentes de distintos delitos, uno de ellos correspond\u00eda a una orden del Juzgado de Garant\u00eda de San Antonio, y 2 detenidos por robo con violencia ocurrido en la comuna de Putaendo\u00bb. <\/em><\/p>\n<p>En el marco de este \u00faltimo delito descrito, Arratia dijo que <em>\u00abfueron dos personas que asaltaron a una persona rob\u00e1ndole su celular, el que fue recuperado por Carabineros\u00bb. <\/em><\/p>\n<p>Finalmente, en el desarrollo de la \u2018ronda impacto\u2019, <em>\u00abse realizaron distintos controles vehiculares y de identidad, adem\u00e1s de fiscalizaciones a locales de venta de alcoholes con algunas infracciones\u00bb,<\/em> cerr\u00f3 el teniente Diego Arratia.<\/p>\n<figure id=\"attachment_125813\" aria-describedby=\"caption-attachment-125813\" style=\"width: 699px\" class=\"wp-caption alignnone\"><img data-recalc-dims=\"1\" loading=\"lazy\" decoding=\"async\" class=\"size-full wp-image-125813\" src=\"https:\/\/i0.wp.com\/eltrabajo.cl\/portal\/wp-content\/uploads\/2023\/11\/ronda.jpg?resize=640%2C418&#038;ssl=1\" alt=\"Desde la Plaza C\u00edvica de San Felipe comenz\u00f3 la \u2018Ronda Impacto\u2019.\" width=\"640\" height=\"418\" srcset=\"https:\/\/i0.wp.com\/eltrabajo.cl\/portal\/wp-content\/uploads\/2023\/11\/ronda.jpg?w=699&amp;ssl=1 699w, https:\/\/i0.wp.com\/eltrabajo.cl\/portal\/wp-content\/uploads\/2023\/11\/ronda.jpg?resize=300%2C196&amp;ssl=1 300w, https:\/\/i0.wp.com\/eltrabajo.cl\/portal\/wp-content\/uploads\/2023\/11\/ronda.jpg?resize=200%2C131&amp;ssl=1 200w, https:\/\/i0.wp.com\/eltrabajo.cl\/portal\/wp-content\/uploads\/2023\/11\/ronda.jpg?resize=696%2C455&amp;ssl=1 696w\" sizes=\"auto, (max-width: 640px) 100vw, 640px\" \/><figcaption id=\"caption-attachment-125813\" class=\"wp-caption-text\">Desde la Plaza C\u00edvica de San Felipe comenz\u00f3 la \u2018Ronda Impacto\u2019.<\/figcaption><\/figure>\n","protected":false},"excerpt":{"rendered":"<p>V\u00edctima dej\u00f3 su auto en el estacionamiento del \u2018Homecenter Sodimac\u2019, a su regreso, se percat\u00f3 que le hab\u00edan robado el dinero.- Delincuentes robaron cuatro millones de pesos en dinero en efectivo que&#8230;<\/p>\n","protected":false},"author":482,"featured_media":125813,"comment_status":"closed","ping_status":"open","sticky":false,"template":"","format":"standard","meta":{"advanced_seo_description":"","jetpack_seo_html_title":"","jetpack_seo_noindex":false,"_jetpack_memberships_contains_paid_content":false,"footnotes":""},"categories":[21],"tags":[],"class_list":["post-125812","post","type-post","status-publish","format-standard","has-post-thumbnail","hentry","category-policial"],"jetpack_featured_media_url":"https:\/\/i0.wp.com\/eltrabajo.cl\/portal\/wp-content\/uploads\/2023\/11\/ronda.jpg?fit=699%2C457&ssl=1","jetpack_sharing_enabled":true,"jetpack_likes_enabled":true,"jetpack-related-posts":[],"_links":{"self":[{"href":"https:\/\/eltrabajo.cl\/portal\/wp-json\/wp\/v2\/posts\/125812","targetHints":{"allow":["GET"]}}],"collection":[{"href":"https:\/\/eltrabajo.cl\/portal\/wp-json\/wp\/v2\/posts"}],"about":[{"href":"https:\/\/eltrabajo.cl\/portal\/wp-json\/wp\/v2\/types\/post"}],"author":[{"embeddable":true,"href":"https:\/\/eltrabajo.cl\/portal\/wp-json\/wp\/v2\/users\/482"}],"replies":[{"embeddable":true,"href":"https:\/\/eltrabajo.cl\/portal\/wp-json\/wp\/v2\/comments?post=125812"}],"version-history":[{"count":1,"href":"https:\/\/eltrabajo.cl\/portal\/wp-json\/wp\/v2\/posts\/125812\/revisions"}],"predecessor-version":[{"id":125814,"href":"https:\/\/eltrabajo.cl\/portal\/wp-json\/wp\/v2\/posts\/125812\/revisions\/125814"}],"wp:featuredmedia":[{"embeddable":true,"href":"https:\/\/eltrabajo.cl\/portal\/wp-json\/wp\/v2\/media\/125813"}],"wp:attachment":[{"href":"https:\/\/eltrabajo.cl\/portal\/wp-json\/wp\/v2\/media?parent=125812"}],"wp:term":[{"taxonomy":"category","embeddable":true,"href":"https:\/\/eltrabajo.cl\/portal\/wp-json\/wp\/v2\/categories?post=125812"},{"taxonomy":"post_tag","embeddable":true,"href":"https:\/\/eltrabajo.cl\/portal\/wp-json\/wp\/v2\/tags?post=125812"}],"curies":[{"name":"wp","href":"https:\/\/api.w.org\/{rel}","templated":true}]}}