{"id":125830,"date":"2023-11-27T22:54:18","date_gmt":"2023-11-28T01:54:18","guid":{"rendered":"https:\/\/eltrabajo.cl\/portal\/?p=125830"},"modified":"2023-11-27T23:11:07","modified_gmt":"2023-11-28T02:11:07","slug":"la-ronda-de-las-ocho-mejores-tendra-solo-dos-selecciones-de-la-zona","status":"publish","type":"post","link":"https:\/\/eltrabajo.cl\/portal\/la-ronda-de-las-ocho-mejores-tendra-solo-dos-selecciones-de-la-zona\/","title":{"rendered":"La ronda de las ocho mejores tendr\u00e1 solo dos selecciones de la zona"},"content":{"rendered":"<p>La selecci\u00f3n de Catemu no pudo avanzar a la ronda de los ocho mejores del torneo <strong>Regional Femenino<\/strong>, tras caer de manera categ\u00f3rica por 3 goles a 0 ante su similar de la asociaci\u00f3n Puertas Del Pac\u00edfico.<\/p>\n<p>Con esto, la principal competencia femenina del balompi\u00e9 regional, qued\u00f3 solo con los representativos de Putaendo y San Felipe como las exclusivas representantes de esta parte del valle del Aconcagua.<\/p>\n<p>El campeonato de selecciones de mujeres jugar\u00e1 este fin de semana la etapa de los cuartos de final, destacando el \u2018cl\u00e1sico\u2019 entre Putaendo y San Felipe. Esto asegura que nuestra zona tendr\u00e1 al menos un conjunto en las semifinales.<\/p>\n<p>Las selecciones que avanzaron a cuartos de final son: La Ligua, Puertas Del Pac\u00edfico, Achupallas, Los Placeres, Cartagena, Pedro Aguirre Cerda, San Felipe y Putaendo.<\/p>\n<p>De acuerdo a los cuadros, los cruces ser\u00e1n: Puerta del Pac\u00edfico \u2013 Los Placeres; Pedro Aguirre Cerda \u2013 Cartagena; La Ligua \u2013 Achupallas; San Felipe \u2013 Putaendo.<\/p>\n<p>Sobre el duelo que sostendr\u00e1n Putaendo y San Felipe, nuestro medio recibi\u00f3 informacion respecto a que se est\u00e1n haciendo gestiones para que el juego se dispute en el estadio Municipal de San Felipe.<\/p>\n<figure id=\"attachment_125831\" aria-describedby=\"caption-attachment-125831\" style=\"width: 699px\" class=\"wp-caption alignnone\"><img data-recalc-dims=\"1\" loading=\"lazy\" decoding=\"async\" class=\"size-full wp-image-125831\" src=\"https:\/\/i0.wp.com\/eltrabajo.cl\/portal\/wp-content\/uploads\/2023\/11\/catemu.jpg?resize=640%2C360&#038;ssl=1\" alt=\"La selecci\u00f3n de Catemu no pudo acceder a la fase de semifinales del Regional de mujeres.\" width=\"640\" height=\"360\" srcset=\"https:\/\/i0.wp.com\/eltrabajo.cl\/portal\/wp-content\/uploads\/2023\/11\/catemu.jpg?w=699&amp;ssl=1 699w, https:\/\/i0.wp.com\/eltrabajo.cl\/portal\/wp-content\/uploads\/2023\/11\/catemu.jpg?resize=300%2C169&amp;ssl=1 300w, https:\/\/i0.wp.com\/eltrabajo.cl\/portal\/wp-content\/uploads\/2023\/11\/catemu.jpg?resize=200%2C112&amp;ssl=1 200w, https:\/\/i0.wp.com\/eltrabajo.cl\/portal\/wp-content\/uploads\/2023\/11\/catemu.jpg?resize=696%2C391&amp;ssl=1 696w\" sizes=\"auto, (max-width: 640px) 100vw, 640px\" \/><figcaption id=\"caption-attachment-125831\" class=\"wp-caption-text\">La selecci\u00f3n de Catemu no pudo acceder a la fase de semifinales del Regional de mujeres.<\/figcaption><\/figure>\n","protected":false},"excerpt":{"rendered":"<p>La selecci\u00f3n de Catemu no pudo avanzar a la ronda de los ocho mejores del torneo Regional Femenino, tras caer de manera categ\u00f3rica por 3 goles a 0 ante su similar de&#8230;<\/p>\n","protected":false},"author":482,"featured_media":125831,"comment_status":"closed","ping_status":"open","sticky":false,"template":"","format":"standard","meta":{"advanced_seo_description":"","jetpack_seo_html_title":"","jetpack_seo_noindex":false,"_jetpack_memberships_contains_paid_content":false,"footnotes":""},"categories":[19],"tags":[],"class_list":["post-125830","post","type-post","status-publish","format-standard","has-post-thumbnail","hentry","category-deportes"],"jetpack_featured_media_url":"https:\/\/i0.wp.com\/eltrabajo.cl\/portal\/wp-content\/uploads\/2023\/11\/catemu.jpg?fit=699%2C393&ssl=1","jetpack_sharing_enabled":true,"jetpack_likes_enabled":true,"jetpack-related-posts":[],"_links":{"self":[{"href":"https:\/\/eltrabajo.cl\/portal\/wp-json\/wp\/v2\/posts\/125830","targetHints":{"allow":["GET"]}}],"collection":[{"href":"https:\/\/eltrabajo.cl\/portal\/wp-json\/wp\/v2\/posts"}],"about":[{"href":"https:\/\/eltrabajo.cl\/portal\/wp-json\/wp\/v2\/types\/post"}],"author":[{"embeddable":true,"href":"https:\/\/eltrabajo.cl\/portal\/wp-json\/wp\/v2\/users\/482"}],"replies":[{"embeddable":true,"href":"https:\/\/eltrabajo.cl\/portal\/wp-json\/wp\/v2\/comments?post=125830"}],"version-history":[{"count":1,"href":"https:\/\/eltrabajo.cl\/portal\/wp-json\/wp\/v2\/posts\/125830\/revisions"}],"predecessor-version":[{"id":125832,"href":"https:\/\/eltrabajo.cl\/portal\/wp-json\/wp\/v2\/posts\/125830\/revisions\/125832"}],"wp:featuredmedia":[{"embeddable":true,"href":"https:\/\/eltrabajo.cl\/portal\/wp-json\/wp\/v2\/media\/125831"}],"wp:attachment":[{"href":"https:\/\/eltrabajo.cl\/portal\/wp-json\/wp\/v2\/media?parent=125830"}],"wp:term":[{"taxonomy":"category","embeddable":true,"href":"https:\/\/eltrabajo.cl\/portal\/wp-json\/wp\/v2\/categories?post=125830"},{"taxonomy":"post_tag","embeddable":true,"href":"https:\/\/eltrabajo.cl\/portal\/wp-json\/wp\/v2\/tags?post=125830"}],"curies":[{"name":"wp","href":"https:\/\/api.w.org\/{rel}","templated":true}]}}