{"id":125846,"date":"2023-11-28T22:50:31","date_gmt":"2023-11-29T01:50:31","guid":{"rendered":"https:\/\/eltrabajo.cl\/portal\/?p=125846"},"modified":"2023-11-28T22:27:49","modified_gmt":"2023-11-29T01:27:49","slug":"clasico-entre-putaendo-y-san-felipe-se-jugara-en-el-estadio-municipal","status":"publish","type":"post","link":"https:\/\/eltrabajo.cl\/portal\/clasico-entre-putaendo-y-san-felipe-se-jugara-en-el-estadio-municipal\/","title":{"rendered":"Cl\u00e1sico entre Putaendo y San Felipe se jugar\u00e1 en el Estadio Municipal"},"content":{"rendered":"<p>La Asociaci\u00f3n Regional de F\u00fatbol Amateur de la Quinta regi\u00f3n (ARFA Quinta) oficializ\u00f3 que el partido correspondiente a los cuartos de final del torneo Regional Femenino entre las selecciones de San Felipe y Putaendo, se jugar\u00e1 el pr\u00f3ximo s\u00e1bado en el estadio Municipal de San Felipe.<\/p>\n<p>El duelo entre los conjuntos aconcag\u00fcinos ha despertado mucho inter\u00e9s en el medio local, a ra\u00edz que ambos combinados han mostrado excelentes performances en la competencia regional, recibiendo ambas la chapa de favoritas, por lo que muchos dicen que estaremos en presencia de una final adelantada.<\/p>\n<p>Los otros pleitos correspondientes a la ronda de los ocho mejores del certamen femenino, se jugar\u00e1n tambi\u00e9n durante la jornada sabatina en el estadio Lucio Fari\u00f1a de Quillota, recinto que ser\u00e1 sede de los choques: Cartagena \u2013 Pedro Aguirre Cerda; Puertas del Pac\u00edfico \u2013 Los Placeres; La Ligua \u2013 Las Achupallas.<\/p>\n<figure id=\"attachment_125847\" aria-describedby=\"caption-attachment-125847\" style=\"width: 700px\" class=\"wp-caption alignnone\"><img data-recalc-dims=\"1\" loading=\"lazy\" decoding=\"async\" class=\"size-full wp-image-125847\" src=\"https:\/\/i0.wp.com\/eltrabajo.cl\/portal\/wp-content\/uploads\/2023\/11\/san-felipe-2.jpg?resize=640%2C480&#038;ssl=1\" alt=\"La selecci\u00f3n de San Felipe tendr\u00e1 la ventaja de la local\u00eda en su enfrentamiento contra Putaendo.\" width=\"640\" height=\"480\" srcset=\"https:\/\/i0.wp.com\/eltrabajo.cl\/portal\/wp-content\/uploads\/2023\/11\/san-felipe-2.jpg?w=700&amp;ssl=1 700w, https:\/\/i0.wp.com\/eltrabajo.cl\/portal\/wp-content\/uploads\/2023\/11\/san-felipe-2.jpg?resize=300%2C225&amp;ssl=1 300w, https:\/\/i0.wp.com\/eltrabajo.cl\/portal\/wp-content\/uploads\/2023\/11\/san-felipe-2.jpg?resize=200%2C150&amp;ssl=1 200w, https:\/\/i0.wp.com\/eltrabajo.cl\/portal\/wp-content\/uploads\/2023\/11\/san-felipe-2.jpg?resize=696%2C522&amp;ssl=1 696w\" sizes=\"auto, (max-width: 640px) 100vw, 640px\" \/><figcaption id=\"caption-attachment-125847\" class=\"wp-caption-text\">La selecci\u00f3n de San Felipe tendr\u00e1 la ventaja de la local\u00eda en su enfrentamiento contra Putaendo.<\/figcaption><\/figure>\n","protected":false},"excerpt":{"rendered":"<p>La Asociaci\u00f3n Regional de F\u00fatbol Amateur de la Quinta regi\u00f3n (ARFA Quinta) oficializ\u00f3 que el partido correspondiente a los cuartos de final del torneo Regional Femenino entre las selecciones de San Felipe&#8230;<\/p>\n","protected":false},"author":482,"featured_media":125847,"comment_status":"closed","ping_status":"open","sticky":false,"template":"","format":"standard","meta":{"advanced_seo_description":"","jetpack_seo_html_title":"","jetpack_seo_noindex":false,"_jetpack_memberships_contains_paid_content":false,"footnotes":""},"categories":[19],"tags":[],"class_list":["post-125846","post","type-post","status-publish","format-standard","has-post-thumbnail","hentry","category-deportes"],"jetpack_featured_media_url":"https:\/\/i0.wp.com\/eltrabajo.cl\/portal\/wp-content\/uploads\/2023\/11\/san-felipe-2.jpg?fit=700%2C525&ssl=1","jetpack_sharing_enabled":true,"jetpack_likes_enabled":true,"jetpack-related-posts":[],"_links":{"self":[{"href":"https:\/\/eltrabajo.cl\/portal\/wp-json\/wp\/v2\/posts\/125846","targetHints":{"allow":["GET"]}}],"collection":[{"href":"https:\/\/eltrabajo.cl\/portal\/wp-json\/wp\/v2\/posts"}],"about":[{"href":"https:\/\/eltrabajo.cl\/portal\/wp-json\/wp\/v2\/types\/post"}],"author":[{"embeddable":true,"href":"https:\/\/eltrabajo.cl\/portal\/wp-json\/wp\/v2\/users\/482"}],"replies":[{"embeddable":true,"href":"https:\/\/eltrabajo.cl\/portal\/wp-json\/wp\/v2\/comments?post=125846"}],"version-history":[{"count":1,"href":"https:\/\/eltrabajo.cl\/portal\/wp-json\/wp\/v2\/posts\/125846\/revisions"}],"predecessor-version":[{"id":125848,"href":"https:\/\/eltrabajo.cl\/portal\/wp-json\/wp\/v2\/posts\/125846\/revisions\/125848"}],"wp:featuredmedia":[{"embeddable":true,"href":"https:\/\/eltrabajo.cl\/portal\/wp-json\/wp\/v2\/media\/125847"}],"wp:attachment":[{"href":"https:\/\/eltrabajo.cl\/portal\/wp-json\/wp\/v2\/media?parent=125846"}],"wp:term":[{"taxonomy":"category","embeddable":true,"href":"https:\/\/eltrabajo.cl\/portal\/wp-json\/wp\/v2\/categories?post=125846"},{"taxonomy":"post_tag","embeddable":true,"href":"https:\/\/eltrabajo.cl\/portal\/wp-json\/wp\/v2\/tags?post=125846"}],"curies":[{"name":"wp","href":"https:\/\/api.w.org\/{rel}","templated":true}]}}