{"id":125904,"date":"2023-11-30T23:06:46","date_gmt":"2023-12-01T02:06:46","guid":{"rendered":"https:\/\/eltrabajo.cl\/portal\/?p=125904"},"modified":"2023-11-30T22:53:16","modified_gmt":"2023-12-01T01:53:16","slug":"en-37-paises-escuchan-musica-del-pianista-aconcaguino-sebastian-gesser","status":"publish","type":"post","link":"https:\/\/eltrabajo.cl\/portal\/en-37-paises-escuchan-musica-del-pianista-aconcaguino-sebastian-gesser\/","title":{"rendered":"En 37 pa\u00edses escuchan m\u00fasica del pianista Aconcag\u00fcino Sebastian Gesser"},"content":{"rendered":"<p><span style=\"color: #ff0000;\"><strong>Informe WRAPPED Spotify 2023:<\/strong><\/span><\/p>\n<p>La plataforma de distribuci\u00f3n de m\u00fasica digital <strong>Spotify<\/strong>, liber\u00f3 esta semana su informe anual <strong>\u2018Wrapped For Artist\u2019<\/strong>, en el que se consolidan datos relacionados con las preferencias musicales de sus usuarios, como canciones m\u00e1s escuchadas, cantidad de horas de reproducci\u00f3n, ubicaci\u00f3n de las transmisiones, entre otros datos.<\/p>\n<p>En la planilla recibida por el pianista de Aconcagua, <strong>Sebastian Gesser<\/strong>, se revel\u00f3 que -durante 2023-, sus singles fueron descubiertos por usuarios de Spotify de 37 pa\u00edses, destacando entre los primeros cinco lugares, Chile, Estados Unidos, Francia, Espa\u00f1a y Brasil.<\/p>\n<p>En el reporte se puede apreciar que la versi\u00f3n en piano del cl\u00e1sico <strong>\u2018Puerto Montt\u2019<\/strong>, fue el tema preferido por los oyentes de Gesser, registrando que 187 personas lo reprodujeron 909 veces, acumulando un total de 9 mil 378 reproducciones, desde su estreno.<\/p>\n<p>Respecto a los medios por los que los usuarios compartieron la m\u00fasica del pianista, figura Whatsapp en primer lugar con un 43%, siguiendo Direct Link (enlaces directos) con 26%, Instagram con 23% y otros medios con un 8%.<\/p>\n<p>Finalmente, en el Wrapped For Artist, figura que los covers de Sebastian Gesser, Puerto Montt, Billie Jean y Arthur\u00b4s Theme, fueron los m\u00e1s compartidos por los oyentes del m\u00fasico local.<\/p>\n<p>\u00ab<em>Estoy muy feliz con estos resultados. Son peque\u00f1os y no se comparan con las elevadas cifras de los pianistas famosos, pero representan un avance para m\u00ed y me estimulan a seguir adelante, componiendo temas para piano y produciendo nuevos covers, que sean del agrado de la gente\u00bb,<\/em> sostuvo Gesser.<\/p>\n<figure id=\"attachment_125905\" aria-describedby=\"caption-attachment-125905\" style=\"width: 698px\" class=\"wp-caption alignnone\"><img data-recalc-dims=\"1\" loading=\"lazy\" decoding=\"async\" class=\"size-full wp-image-125905\" src=\"https:\/\/i0.wp.com\/eltrabajo.cl\/portal\/wp-content\/uploads\/2023\/11\/sebastian-gesser.jpg?resize=640%2C411&#038;ssl=1\" alt=\"Sebastian Gesser, pianista aconcag\u00fcino.\" width=\"640\" height=\"411\" srcset=\"https:\/\/i0.wp.com\/eltrabajo.cl\/portal\/wp-content\/uploads\/2023\/11\/sebastian-gesser.jpg?w=698&amp;ssl=1 698w, https:\/\/i0.wp.com\/eltrabajo.cl\/portal\/wp-content\/uploads\/2023\/11\/sebastian-gesser.jpg?resize=300%2C193&amp;ssl=1 300w, https:\/\/i0.wp.com\/eltrabajo.cl\/portal\/wp-content\/uploads\/2023\/11\/sebastian-gesser.jpg?resize=200%2C128&amp;ssl=1 200w, https:\/\/i0.wp.com\/eltrabajo.cl\/portal\/wp-content\/uploads\/2023\/11\/sebastian-gesser.jpg?resize=696%2C447&amp;ssl=1 696w\" sizes=\"auto, (max-width: 640px) 100vw, 640px\" \/><figcaption id=\"caption-attachment-125905\" class=\"wp-caption-text\">Sebastian Gesser, pianista aconcag\u00fcino.<\/figcaption><\/figure>\n<figure id=\"attachment_125906\" aria-describedby=\"caption-attachment-125906\" style=\"width: 700px\" class=\"wp-caption alignnone\"><img data-recalc-dims=\"1\" loading=\"lazy\" decoding=\"async\" class=\"size-full wp-image-125906\" src=\"https:\/\/i0.wp.com\/eltrabajo.cl\/portal\/wp-content\/uploads\/2023\/11\/sebastian-top-paises-2023.jpg?resize=640%2C934&#038;ssl=1\" alt=\"Chile, Estados Unidos, Francia, Espa\u00f1a y Brasil son los cinco primeros lugares donde m\u00e1s escuchan al pianista Sebastian Gesser.\" width=\"640\" height=\"934\" srcset=\"https:\/\/i0.wp.com\/eltrabajo.cl\/portal\/wp-content\/uploads\/2023\/11\/sebastian-top-paises-2023.jpg?w=700&amp;ssl=1 700w, https:\/\/i0.wp.com\/eltrabajo.cl\/portal\/wp-content\/uploads\/2023\/11\/sebastian-top-paises-2023.jpg?resize=205%2C300&amp;ssl=1 205w, https:\/\/i0.wp.com\/eltrabajo.cl\/portal\/wp-content\/uploads\/2023\/11\/sebastian-top-paises-2023.jpg?resize=103%2C150&amp;ssl=1 103w, https:\/\/i0.wp.com\/eltrabajo.cl\/portal\/wp-content\/uploads\/2023\/11\/sebastian-top-paises-2023.jpg?resize=696%2C1016&amp;ssl=1 696w\" sizes=\"auto, (max-width: 640px) 100vw, 640px\" \/><figcaption id=\"caption-attachment-125906\" class=\"wp-caption-text\">Chile, Estados Unidos, Francia, Espa\u00f1a y Brasil son los cinco primeros lugares donde m\u00e1s escuchan al pianista Sebastian Gesser.<\/figcaption><\/figure>\n","protected":false},"excerpt":{"rendered":"<p>Informe WRAPPED Spotify 2023: La plataforma de distribuci\u00f3n de m\u00fasica digital Spotify, liber\u00f3 esta semana su informe anual \u2018Wrapped For Artist\u2019, en el que se consolidan datos relacionados con las preferencias musicales&#8230;<\/p>\n","protected":false},"author":482,"featured_media":125905,"comment_status":"closed","ping_status":"open","sticky":false,"template":"","format":"standard","meta":{"advanced_seo_description":"","jetpack_seo_html_title":"","jetpack_seo_noindex":false,"_jetpack_memberships_contains_paid_content":false,"footnotes":""},"categories":[20],"tags":[],"class_list":["post-125904","post","type-post","status-publish","format-standard","has-post-thumbnail","hentry","category-arte-y-cultura"],"jetpack_featured_media_url":"https:\/\/i0.wp.com\/eltrabajo.cl\/portal\/wp-content\/uploads\/2023\/11\/sebastian-gesser.jpg?fit=698%2C448&ssl=1","jetpack_sharing_enabled":true,"jetpack_likes_enabled":true,"jetpack-related-posts":[],"_links":{"self":[{"href":"https:\/\/eltrabajo.cl\/portal\/wp-json\/wp\/v2\/posts\/125904","targetHints":{"allow":["GET"]}}],"collection":[{"href":"https:\/\/eltrabajo.cl\/portal\/wp-json\/wp\/v2\/posts"}],"about":[{"href":"https:\/\/eltrabajo.cl\/portal\/wp-json\/wp\/v2\/types\/post"}],"author":[{"embeddable":true,"href":"https:\/\/eltrabajo.cl\/portal\/wp-json\/wp\/v2\/users\/482"}],"replies":[{"embeddable":true,"href":"https:\/\/eltrabajo.cl\/portal\/wp-json\/wp\/v2\/comments?post=125904"}],"version-history":[{"count":1,"href":"https:\/\/eltrabajo.cl\/portal\/wp-json\/wp\/v2\/posts\/125904\/revisions"}],"predecessor-version":[{"id":125907,"href":"https:\/\/eltrabajo.cl\/portal\/wp-json\/wp\/v2\/posts\/125904\/revisions\/125907"}],"wp:featuredmedia":[{"embeddable":true,"href":"https:\/\/eltrabajo.cl\/portal\/wp-json\/wp\/v2\/media\/125905"}],"wp:attachment":[{"href":"https:\/\/eltrabajo.cl\/portal\/wp-json\/wp\/v2\/media?parent=125904"}],"wp:term":[{"taxonomy":"category","embeddable":true,"href":"https:\/\/eltrabajo.cl\/portal\/wp-json\/wp\/v2\/categories?post=125904"},{"taxonomy":"post_tag","embeddable":true,"href":"https:\/\/eltrabajo.cl\/portal\/wp-json\/wp\/v2\/tags?post=125904"}],"curies":[{"name":"wp","href":"https:\/\/api.w.org\/{rel}","templated":true}]}}