{"id":126174,"date":"2023-12-13T23:12:19","date_gmt":"2023-12-14T02:12:19","guid":{"rendered":"https:\/\/eltrabajo.cl\/portal\/?p=126174"},"modified":"2023-12-13T22:42:00","modified_gmt":"2023-12-14T01:42:00","slug":"sujetos-queman-malla-para-entrar-a-robar-a-dos-puestos-de-feria-yungay","status":"publish","type":"post","link":"https:\/\/eltrabajo.cl\/portal\/sujetos-queman-malla-para-entrar-a-robar-a-dos-puestos-de-feria-yungay\/","title":{"rendered":"Sujetos queman malla para entrar a robar a dos puestos de feria Yungay"},"content":{"rendered":"<p>La madrugada de este d\u00eda martes dos sujetos quemaron una malla y entraron a robar plantas y ropa a dos puestos de la feria instalada en avenida Yungay, entre San Mart\u00edn y O\u2019Higgins.<\/p>\n<p>La v\u00edctima, en conversaci\u00f3n con <strong>Diario El Trabajo<\/strong>, reconoci\u00f3 que hace falta m\u00e1s fiscalizaci\u00f3n, porque parte de lo robado lo encontr\u00f3 en una vivienda habitada por Okupas, ubicada en calle San Mart\u00edn, a mitad de cuadra.<\/p>\n<p>Seg\u00fan nos coment\u00f3 la afectada, este martes <em>\u00aben la madrugada, a las 5 de la ma\u00f1ana, se metieron dos tipos, empezaron a quemar las mallas, hacer orificios para poder meterse a robar a los puestos. Hay algunas c\u00e1maras que indican, bueno, estas personas son un grupo de \u2018Okupas\u2019 que est\u00e1n ocupando una casa abandonada en calle San Mart\u00edn, en la primera cuadra, a la mitad. Llamamos a Carabineros, estuvimos tres horas esperando para que vinieran y no pudieron detener a nadie porque no se hab\u00eda pillado en flagrancia. Recuperamos, s\u00f3lo yo recuper\u00e9, una parte de las plantas que me robaron y la vecina que tiene ropa y gorros, mercader\u00eda que es m\u00e1s f\u00e1cil de reducir, no recuper\u00f3 nada, no hab\u00eda nada dentro de la casa. Pudimos entrar con Carabineros a esa casa en San Mart\u00edn,\u00a0 pero el tema es que aqu\u00ed no hay mucha fiscalizaci\u00f3n tampoco, no pasan Carabineros durante la noche, eso es lo que estamos esperando, que tal vez se haga cargo un poco la municipalidad de ver de alguna manera un poco m\u00e1s de seguridad para todos estos locales que estamos en la Alameda, porque un incendio se puede volver incontrolable tambi\u00e9n,\u00a0 aqu\u00ed todos usamos mallas rachel que son pl\u00e1sticas, al igual que los toldos, mucha gente tiene juguetes que tambi\u00e9n son inflamables, ese es el tema que nos tiene preocupados.<\/em><\/p>\n<p>&#8211; <strong>Me contaba que tuvo que meterse la mano al bolsillo para arreglar su puesto.<\/strong><\/p>\n<p>&#8211; S\u00ed, hay que tratar de cerrar, cercar lo m\u00e1s que se puede por detr\u00e1s, lo que han hecho algunos, yo no ten\u00eda cercado mi lugar porque tengo un pedazo m\u00e1s extendido, pero por ese lado quemaron la malla e hicieron un forado y se pasaron despu\u00e9s al otro puesto, no s\u00f3lo al m\u00edo, si no al del lado para sustraerle cosas.<\/p>\n<p>&#8211; <strong>\u00bfQu\u00e9 le robaron?<\/strong><\/p>\n<p>&#8211; Plantas.<\/p>\n<p>&#8211; <strong>\u00bfCu\u00e1ntas le robaron, en valor?<\/strong><\/p>\n<p>&#8211; Bueno, en valor son como 140 mil pesos y yo recuper\u00e9 la mitad de eso\u2026 menos de la mitad, poquito menos de las plantas que logr\u00e9 recuperar de esa casa que le digo.<\/p>\n<p>&#8211; <strong>\u00bfEstaban ah\u00ed las plantas?<\/strong><\/p>\n<p>&#8211; S\u00ed, estaban ah\u00ed.<\/p>\n<p>&#8211; <strong>Lo otro, tuvo que incurrir en gastos como dice usted, un maestro.<\/strong><\/p>\n<p>&#8211; La malla me sali\u00f3 19 mil pesos y al maestro otra platita m\u00e1s que le tuve que pasar unas 5 lucas m\u00e1s, eso.<\/p>\n<p>&#8211; <strong>Convers\u00e1bamos reci\u00e9n que venden muy poco, entre 5 a 15 mil pesos.<\/strong><\/p>\n<p>&#8211; Bueno s\u00ed, en la semana se est\u00e1n vendiendo 15-20 mil pesos, alguna gente vende menos, pero el fin de semana se recupera un poco m\u00e1s. Pero los 5 d\u00edas de la semana ha estado muy lento, muy lento. Esa es una de las situaciones que le da qu\u00e9 pensar a uno si es que ponerse este a\u00f1o, porque uno sabe que la situaci\u00f3n\u00a0 est\u00e1 complicada. Adem\u00e1s son muchos puestos tambi\u00e9n, la competencia, pero uno conversa con los mismos locatarios de ac\u00e1 y la verdad que se est\u00e1 vendiendo bastante poco.<\/p>\n<p>Agrega que adem\u00e1s tienen gastos importantes como el permiso municipal que son 80 mil pesos, m\u00e1s 81 mil por servicio de guardias, en total 161 mil pesos; <em>\u00abesa es la plata que tenemos como m\u00ednimo para poder estar aqu\u00ed\u00a0 en este sector\u00bb,<\/em> dice.<\/p>\n<p>La segunda v\u00edctima alcanz\u00f3 a recuperar un sombrero de todo lo robado.<\/p>\n<p>Esta feria se encuentra ubicada entre la Avenida Yungay, entre San Mart\u00edn y Avenida O\u00b4Higgins.<\/p>\n<figure id=\"attachment_126176\" aria-describedby=\"caption-attachment-126176\" style=\"width: 698px\" class=\"wp-caption alignnone\"><img data-recalc-dims=\"1\" loading=\"lazy\" decoding=\"async\" class=\"size-full wp-image-126176\" src=\"https:\/\/i0.wp.com\/eltrabajo.cl\/portal\/wp-content\/uploads\/2023\/12\/robo-feria.jpg?resize=640%2C320&#038;ssl=1\" alt=\"Esta es una de las ferias instaladas en Avenida Yungay.\" width=\"640\" height=\"320\" srcset=\"https:\/\/i0.wp.com\/eltrabajo.cl\/portal\/wp-content\/uploads\/2023\/12\/robo-feria.jpg?w=698&amp;ssl=1 698w, https:\/\/i0.wp.com\/eltrabajo.cl\/portal\/wp-content\/uploads\/2023\/12\/robo-feria.jpg?resize=300%2C150&amp;ssl=1 300w, https:\/\/i0.wp.com\/eltrabajo.cl\/portal\/wp-content\/uploads\/2023\/12\/robo-feria.jpg?resize=200%2C100&amp;ssl=1 200w, https:\/\/i0.wp.com\/eltrabajo.cl\/portal\/wp-content\/uploads\/2023\/12\/robo-feria.jpg?resize=696%2C348&amp;ssl=1 696w\" sizes=\"auto, (max-width: 640px) 100vw, 640px\" \/><figcaption id=\"caption-attachment-126176\" class=\"wp-caption-text\">Esta es una de las ferias instaladas en Avenida Yungay.<\/figcaption><\/figure>\n<figure id=\"attachment_126175\" aria-describedby=\"caption-attachment-126175\" style=\"width: 700px\" class=\"wp-caption alignnone\"><img data-recalc-dims=\"1\" loading=\"lazy\" decoding=\"async\" class=\"size-full wp-image-126175\" src=\"https:\/\/i0.wp.com\/eltrabajo.cl\/portal\/wp-content\/uploads\/2023\/12\/robo-casa.jpg?resize=640%2C480&#038;ssl=1\" alt=\"En esta casa de calle San Mart\u00edn, la afectada recuper\u00f3 parte de las plantas robadas.\" width=\"640\" height=\"480\" srcset=\"https:\/\/i0.wp.com\/eltrabajo.cl\/portal\/wp-content\/uploads\/2023\/12\/robo-casa.jpg?w=700&amp;ssl=1 700w, https:\/\/i0.wp.com\/eltrabajo.cl\/portal\/wp-content\/uploads\/2023\/12\/robo-casa.jpg?resize=300%2C225&amp;ssl=1 300w, https:\/\/i0.wp.com\/eltrabajo.cl\/portal\/wp-content\/uploads\/2023\/12\/robo-casa.jpg?resize=200%2C150&amp;ssl=1 200w, https:\/\/i0.wp.com\/eltrabajo.cl\/portal\/wp-content\/uploads\/2023\/12\/robo-casa.jpg?resize=696%2C522&amp;ssl=1 696w\" sizes=\"auto, (max-width: 640px) 100vw, 640px\" \/><figcaption id=\"caption-attachment-126175\" class=\"wp-caption-text\">En esta casa de calle San Mart\u00edn, la afectada recuper\u00f3 parte de las plantas robadas.<\/figcaption><\/figure>\n","protected":false},"excerpt":{"rendered":"<p>La madrugada de este d\u00eda martes dos sujetos quemaron una malla y entraron a robar plantas y ropa a dos puestos de la feria instalada en avenida Yungay, entre San Mart\u00edn y&#8230;<\/p>\n","protected":false},"author":482,"featured_media":126176,"comment_status":"closed","ping_status":"open","sticky":false,"template":"","format":"standard","meta":{"advanced_seo_description":"","jetpack_seo_html_title":"","jetpack_seo_noindex":false,"_jetpack_memberships_contains_paid_content":false,"footnotes":""},"categories":[21],"tags":[],"class_list":["post-126174","post","type-post","status-publish","format-standard","has-post-thumbnail","hentry","category-policial"],"jetpack_featured_media_url":"https:\/\/i0.wp.com\/eltrabajo.cl\/portal\/wp-content\/uploads\/2023\/12\/robo-feria.jpg?fit=698%2C349&ssl=1","jetpack_sharing_enabled":true,"jetpack_likes_enabled":true,"jetpack-related-posts":[],"_links":{"self":[{"href":"https:\/\/eltrabajo.cl\/portal\/wp-json\/wp\/v2\/posts\/126174","targetHints":{"allow":["GET"]}}],"collection":[{"href":"https:\/\/eltrabajo.cl\/portal\/wp-json\/wp\/v2\/posts"}],"about":[{"href":"https:\/\/eltrabajo.cl\/portal\/wp-json\/wp\/v2\/types\/post"}],"author":[{"embeddable":true,"href":"https:\/\/eltrabajo.cl\/portal\/wp-json\/wp\/v2\/users\/482"}],"replies":[{"embeddable":true,"href":"https:\/\/eltrabajo.cl\/portal\/wp-json\/wp\/v2\/comments?post=126174"}],"version-history":[{"count":1,"href":"https:\/\/eltrabajo.cl\/portal\/wp-json\/wp\/v2\/posts\/126174\/revisions"}],"predecessor-version":[{"id":126177,"href":"https:\/\/eltrabajo.cl\/portal\/wp-json\/wp\/v2\/posts\/126174\/revisions\/126177"}],"wp:featuredmedia":[{"embeddable":true,"href":"https:\/\/eltrabajo.cl\/portal\/wp-json\/wp\/v2\/media\/126176"}],"wp:attachment":[{"href":"https:\/\/eltrabajo.cl\/portal\/wp-json\/wp\/v2\/media?parent=126174"}],"wp:term":[{"taxonomy":"category","embeddable":true,"href":"https:\/\/eltrabajo.cl\/portal\/wp-json\/wp\/v2\/categories?post=126174"},{"taxonomy":"post_tag","embeddable":true,"href":"https:\/\/eltrabajo.cl\/portal\/wp-json\/wp\/v2\/tags?post=126174"}],"curies":[{"name":"wp","href":"https:\/\/api.w.org\/{rel}","templated":true}]}}