{"id":13330,"date":"2012-01-30T04:17:59","date_gmt":"2012-01-30T07:17:59","guid":{"rendered":"http:\/\/www.eltrabajo.cl\/portal\/?p=13330"},"modified":"2012-01-30T04:17:59","modified_gmt":"2012-01-30T07:17:59","slug":"alcalde-de-los-andes-oficializo-su-candidatura-a-la-reeleccion","status":"publish","type":"post","link":"https:\/\/eltrabajo.cl\/portal\/alcalde-de-los-andes-oficializo-su-candidatura-a-la-reeleccion\/","title":{"rendered":"Alcalde de Los Andes oficializ\u00f3 su candidatura a la reelecci\u00f3n"},"content":{"rendered":"<figure id=\"attachment_13331\" aria-describedby=\"caption-attachment-13331\" style=\"width: 600px\" class=\"wp-caption alignnone\"><a href=\"http:\/\/www.eltrabajo.cl\/portal\/archives\/13330\/navarro-2\" rel=\"attachment wp-att-13331\"><img data-recalc-dims=\"1\" loading=\"lazy\" decoding=\"async\" class=\"size-full wp-image-13331\" title=\"navarro\" src=\"https:\/\/i0.wp.com\/www.eltrabajo.cl\/portal\/wp-content\/uploads\/2012\/01\/navarro.jpg?resize=600%2C541\" alt=\"\" width=\"600\" height=\"541\" srcset=\"https:\/\/i0.wp.com\/eltrabajo.cl\/portal\/wp-content\/uploads\/2012\/01\/navarro.jpg?w=600&amp;ssl=1 600w, https:\/\/i0.wp.com\/eltrabajo.cl\/portal\/wp-content\/uploads\/2012\/01\/navarro.jpg?resize=166%2C150&amp;ssl=1 166w, https:\/\/i0.wp.com\/eltrabajo.cl\/portal\/wp-content\/uploads\/2012\/01\/navarro.jpg?resize=300%2C270&amp;ssl=1 300w, https:\/\/i0.wp.com\/eltrabajo.cl\/portal\/wp-content\/uploads\/2012\/01\/navarro.jpg?resize=150%2C135&amp;ssl=1 150w, https:\/\/i0.wp.com\/eltrabajo.cl\/portal\/wp-content\/uploads\/2012\/01\/navarro.jpg?resize=400%2C360&amp;ssl=1 400w\" sizes=\"auto, (max-width: 600px) 100vw, 600px\" \/><\/a><figcaption id=\"caption-attachment-13331\" class=\"wp-caption-text\">Representantes de organismos gremiales, pol\u00edticos y sociales de Los Andes entregaron su apoyo al alcalde Mauricio Navarro<\/figcaption><\/figure>\n<p><strong>LOS ANDES.-<\/strong> Representantes de organismos gremiales, pol\u00edticos y sociales de Los Andes entregaron su apoyo al alcalde Mauricio Navarro, quien formaliz\u00f3 su candidatura a la reelecci\u00f3n como jefe comunal para el per\u00edodo 2012-2016.<\/p>\n<p>Navarro suscribi\u00f3 su postulaci\u00f3n este s\u00e1bado, en la sede del Partido Radical Socialdem\u00f3crata, en el marco del proceso de inscripci\u00f3n de candidatos de la Democracia Cristiana para las elecciones municipales de octubre pr\u00f3ximo.<\/p>\n<p>Durante al acto de firma del documento, el edil andino estuvo acompa\u00f1ado y recibi\u00f3 el apoyo de importantes representantes sindicales, como el presidente de la Federaci\u00f3n de Trabajadores Contratistas del Cobre, Ricardo Vergara; el presidente del Colegio de Profesores de Los Andes, Alexis Cuevas; adem\u00e1s del presidente de los trabajadores de la Salud Municipal, Manuel Gana.<\/p>\n<p>Tambi\u00e9n estuvieron presentes representantes sociales y pol\u00edticos, como el dirigente vecinal y deportivo Mario Monardes; los dirigentes de la Democracia Cristiana: Jorge Arellano, Freddy Gallardo y Ulises Tobar; los representantes y candidatos a concejales del Partido Radical Socialdem\u00f3crata: Carlos Tapia, Marcelo Merino y Gabriel G\u00e1lvez; los dirigentes del Partido Socialista: Jos\u00e9 Manuel D\u00edaz y Domingo Esp\u00edndola; adem\u00e1s de dirigentes vecinales, organizaciones sociales, deportivas, culturales, trabajadores y profesionales.<\/p>\n","protected":false},"excerpt":{"rendered":"<p>LOS ANDES.- Representantes de organismos gremiales, pol\u00edticos y sociales de Los Andes entregaron su apoyo al alcalde Mauricio Navarro, quien formaliz\u00f3 su candidatura a la reelecci\u00f3n como jefe comunal para el per\u00edodo&#8230;<\/p>\n","protected":false},"author":482,"featured_media":13331,"comment_status":"open","ping_status":"open","sticky":false,"template":"","format":"standard","meta":{"advanced_seo_description":"","jetpack_seo_html_title":"","jetpack_seo_noindex":false,"_jetpack_memberships_contains_paid_content":false,"footnotes":""},"categories":[16],"tags":[],"class_list":["post-13330","post","type-post","status-publish","format-standard","has-post-thumbnail","hentry","category-politica"],"jetpack_featured_media_url":"https:\/\/i0.wp.com\/eltrabajo.cl\/portal\/wp-content\/uploads\/2012\/01\/navarro.jpg?fit=600%2C541&ssl=1","jetpack_sharing_enabled":true,"jetpack_likes_enabled":true,"jetpack-related-posts":[],"_links":{"self":[{"href":"https:\/\/eltrabajo.cl\/portal\/wp-json\/wp\/v2\/posts\/13330","targetHints":{"allow":["GET"]}}],"collection":[{"href":"https:\/\/eltrabajo.cl\/portal\/wp-json\/wp\/v2\/posts"}],"about":[{"href":"https:\/\/eltrabajo.cl\/portal\/wp-json\/wp\/v2\/types\/post"}],"author":[{"embeddable":true,"href":"https:\/\/eltrabajo.cl\/portal\/wp-json\/wp\/v2\/users\/482"}],"replies":[{"embeddable":true,"href":"https:\/\/eltrabajo.cl\/portal\/wp-json\/wp\/v2\/comments?post=13330"}],"version-history":[{"count":0,"href":"https:\/\/eltrabajo.cl\/portal\/wp-json\/wp\/v2\/posts\/13330\/revisions"}],"wp:featuredmedia":[{"embeddable":true,"href":"https:\/\/eltrabajo.cl\/portal\/wp-json\/wp\/v2\/media\/13331"}],"wp:attachment":[{"href":"https:\/\/eltrabajo.cl\/portal\/wp-json\/wp\/v2\/media?parent=13330"}],"wp:term":[{"taxonomy":"category","embeddable":true,"href":"https:\/\/eltrabajo.cl\/portal\/wp-json\/wp\/v2\/categories?post=13330"},{"taxonomy":"post_tag","embeddable":true,"href":"https:\/\/eltrabajo.cl\/portal\/wp-json\/wp\/v2\/tags?post=13330"}],"curies":[{"name":"wp","href":"https:\/\/api.w.org\/{rel}","templated":true}]}}