{"id":13424,"date":"2012-01-31T04:46:46","date_gmt":"2012-01-31T07:46:46","guid":{"rendered":"http:\/\/www.eltrabajo.cl\/portal\/?p=13424"},"modified":"2012-01-31T04:46:46","modified_gmt":"2012-01-31T07:46:46","slug":"stevenson-se-medira-con-sottolichio-y-cornejo-en-primarias-de-la-concertacion","status":"publish","type":"post","link":"https:\/\/eltrabajo.cl\/portal\/stevenson-se-medira-con-sottolichio-y-cornejo-en-primarias-de-la-concertacion\/","title":{"rendered":"Stevenson se medir\u00e1 con Sottolichio y Cornejo en Primarias de la Concertaci\u00f3n"},"content":{"rendered":"<figure id=\"attachment_13425\" aria-describedby=\"caption-attachment-13425\" style=\"width: 300px\" class=\"wp-caption alignleft\"><a href=\"http:\/\/www.eltrabajo.cl\/portal\/archives\/13424\/rolando-stevenson-1\" rel=\"attachment wp-att-13425\"><img data-recalc-dims=\"1\" loading=\"lazy\" decoding=\"async\" class=\"size-medium wp-image-13425\" title=\"rolando stevenson (1)\" src=\"https:\/\/i0.wp.com\/www.eltrabajo.cl\/portal\/wp-content\/uploads\/2012\/01\/rolando-stevenson-1-300x225.jpg?resize=300%2C225\" alt=\"\" width=\"300\" height=\"225\" srcset=\"https:\/\/i0.wp.com\/eltrabajo.cl\/portal\/wp-content\/uploads\/2012\/01\/rolando-stevenson-1.jpg?resize=300%2C225&amp;ssl=1 300w, https:\/\/i0.wp.com\/eltrabajo.cl\/portal\/wp-content\/uploads\/2012\/01\/rolando-stevenson-1.jpg?resize=200%2C150&amp;ssl=1 200w, https:\/\/i0.wp.com\/eltrabajo.cl\/portal\/wp-content\/uploads\/2012\/01\/rolando-stevenson-1.jpg?resize=150%2C112&amp;ssl=1 150w, https:\/\/i0.wp.com\/eltrabajo.cl\/portal\/wp-content\/uploads\/2012\/01\/rolando-stevenson-1.jpg?resize=400%2C300&amp;ssl=1 400w, https:\/\/i0.wp.com\/eltrabajo.cl\/portal\/wp-content\/uploads\/2012\/01\/rolando-stevenson-1.jpg?w=600&amp;ssl=1 600w\" sizes=\"auto, (max-width: 300px) 100vw, 300px\" \/><\/a><figcaption id=\"caption-attachment-13425\" class=\"wp-caption-text\">Hoy martes, en la ciudad de Valpara\u00edso, Rolando Stevenson oficializar\u00e1 su postulaci\u00f3n.<\/figcaption><\/figure>\n<p>Luego de que, desde varios sectores pol\u00edticos le pidieran participar en las primarias que la Concertaci\u00f3n realizar\u00e1 en el mes de abril pr\u00f3ximo, el candidato a alcalde Rolando Stevenson se medir\u00e1 en esa instancia con Mario Sottolichio y Patricio Cornejo.<\/p>\n<p>Stevenson ir\u00e1 como independiente en esas elecciones, donde se elegir\u00e1 al candidato que se presentar\u00e1 en las Elecciones Municipales que se realizar\u00e1n a fines de este a\u00f1o. Es por ello que hoy oficializar\u00e1 su postulaci\u00f3n en la ciudad de Valpara\u00edso, en base a la cantidad de firmas que sobrepasan largamente el m\u00ednimo exigido, sostuvo el candidato.<\/p>\n<p>Seg\u00fan explic\u00f3 Stevenson, la idea de su candidatura es recuperar San Felipe para los sanfelipe\u00f1os, y que los vecinos sean realmente tomados en cuenta en las decisiones.<\/p>\n<p><strong>\u00abMI PARTIDO SE LLAMA SAN FELIPE\u00bb<\/strong><\/p>\n<p>\u00abMi postura es absolutamente independiente y esto lo permite las Primarias de la Concertaci\u00f3n en que pueden ir candidatos de la Concertaci\u00f3n propiamente tal, de partidos de la Concertaci\u00f3n y tambi\u00e9n personas independientes y candidaturas ciudadanas como la m\u00eda, es por eso que he decidido en base a esta garant\u00eda que entrega este reglamento, hacer esta presentaci\u00f3n que creo que tengo mayores posibilidades que cualquiera de los contrincantes que en este momento podr\u00edan estar presente en esta n\u00f3mina\u00bb, detall\u00f3 Stevenson.<\/p>\n<p>Las conversaciones con estos sectores pol\u00edticos Stevenson las ven\u00eda realizando desde hace bastante tiempo, cuyos sectores colocaban como exigencia la representaci\u00f3n de los partidos pol\u00edticos y asumir la militancia.<\/p>\n<p>\u00abCosa que yo despu\u00e9s de 52 a\u00f1os de militancia en la Democracia Cristiana no quiero asumir, yo quiero seguir representando a San Felipe, mi partido se llama San Felipe, su gente y ellos est\u00e1n apoyando, yo tengo absoluta conciencia que hay un gran sector del Partido Radical que me est\u00e1 apoyando y un gran sector de la Democracia Cristiana, hay un gran sector de izquierda provenientes tambi\u00e9n del sector del PRO, y ciudadanos en general, no debemos olvidar que menos del 5% de los ciudadanos son integrantes de un partido pol\u00edtico\u00bb, afirm\u00f3 Stevenson.<\/p>\n<p>Consultado por su propuesta para potenciar la ciudad, se\u00f1al\u00f3 que el documento se est\u00e1 elaborando y que luego de las elecciones primarias de la Concertaci\u00f3n se deber\u00e1n aunar criterios, sobre todo en aspectos como delincuencia, seguridad y participaci\u00f3n ciudadana.<\/p>\n<p>\u00abHay cosas que son fundamentales en el caso de San Felipe y que tiene el n\u00famero 18 de las ciudades de mayor impacto de delincuencia en el pa\u00eds, hay 345 municipios y San Felipe ocupa el n\u00famero 18 entre los dem\u00e1s, entonces hay que tomar una medida en cuanto a esta situaci\u00f3n, hay que recuperar los espacios p\u00fablicos, crear nuevos espacios de participaci\u00f3n ciudadana y eso lo digo como un compromiso formal y serio, porque los ciudadanos van a entender que va a haber un nuevo trato respecto a ellos dentro del \u00e1mbito municipal\u00bb.<\/p>\n","protected":false},"excerpt":{"rendered":"<p>Luego de que, desde varios sectores pol\u00edticos le pidieran participar en las primarias que la Concertaci\u00f3n realizar\u00e1 en el mes de abril pr\u00f3ximo, el candidato a alcalde Rolando Stevenson se medir\u00e1 en&#8230;<\/p>\n","protected":false},"author":482,"featured_media":13425,"comment_status":"open","ping_status":"open","sticky":false,"template":"","format":"standard","meta":{"advanced_seo_description":"","jetpack_seo_html_title":"","jetpack_seo_noindex":false,"_jetpack_memberships_contains_paid_content":false,"footnotes":""},"categories":[16],"tags":[],"class_list":["post-13424","post","type-post","status-publish","format-standard","has-post-thumbnail","hentry","category-politica"],"jetpack_featured_media_url":"https:\/\/i0.wp.com\/eltrabajo.cl\/portal\/wp-content\/uploads\/2012\/01\/rolando-stevenson-1.jpg?fit=600%2C450&ssl=1","jetpack_sharing_enabled":true,"jetpack_likes_enabled":true,"jetpack-related-posts":[],"_links":{"self":[{"href":"https:\/\/eltrabajo.cl\/portal\/wp-json\/wp\/v2\/posts\/13424","targetHints":{"allow":["GET"]}}],"collection":[{"href":"https:\/\/eltrabajo.cl\/portal\/wp-json\/wp\/v2\/posts"}],"about":[{"href":"https:\/\/eltrabajo.cl\/portal\/wp-json\/wp\/v2\/types\/post"}],"author":[{"embeddable":true,"href":"https:\/\/eltrabajo.cl\/portal\/wp-json\/wp\/v2\/users\/482"}],"replies":[{"embeddable":true,"href":"https:\/\/eltrabajo.cl\/portal\/wp-json\/wp\/v2\/comments?post=13424"}],"version-history":[{"count":0,"href":"https:\/\/eltrabajo.cl\/portal\/wp-json\/wp\/v2\/posts\/13424\/revisions"}],"wp:featuredmedia":[{"embeddable":true,"href":"https:\/\/eltrabajo.cl\/portal\/wp-json\/wp\/v2\/media\/13425"}],"wp:attachment":[{"href":"https:\/\/eltrabajo.cl\/portal\/wp-json\/wp\/v2\/media?parent=13424"}],"wp:term":[{"taxonomy":"category","embeddable":true,"href":"https:\/\/eltrabajo.cl\/portal\/wp-json\/wp\/v2\/categories?post=13424"},{"taxonomy":"post_tag","embeddable":true,"href":"https:\/\/eltrabajo.cl\/portal\/wp-json\/wp\/v2\/tags?post=13424"}],"curies":[{"name":"wp","href":"https:\/\/api.w.org\/{rel}","templated":true}]}}