{"id":13972,"date":"2012-02-15T09:38:56","date_gmt":"2012-02-15T12:38:56","guid":{"rendered":"http:\/\/www.eltrabajo.cl\/portal\/?p=13972"},"modified":"2012-02-15T09:38:56","modified_gmt":"2012-02-15T12:38:56","slug":"centros-de-atencion-a-hijos-e-hijas-de-madres-temporeras-de-santa-maria-ponen-fin-a-sus-actividades","status":"publish","type":"post","link":"https:\/\/eltrabajo.cl\/portal\/centros-de-atencion-a-hijos-e-hijas-de-madres-temporeras-de-santa-maria-ponen-fin-a-sus-actividades\/","title":{"rendered":"Centros de Atenci\u00f3n a hijos e hijas de madres temporeras de Santa Mar\u00eda ponen fin a sus actividades"},"content":{"rendered":"<figure id=\"attachment_13973\" aria-describedby=\"caption-attachment-13973\" style=\"width: 600px\" class=\"wp-caption alignnone\"><a href=\"http:\/\/www.eltrabajo.cl\/portal\/archives\/13972\/temporeras2\" rel=\"attachment wp-att-13973\"><img data-recalc-dims=\"1\" loading=\"lazy\" decoding=\"async\" class=\"size-full wp-image-13973\" title=\"Temporeras2\" src=\"https:\/\/i0.wp.com\/www.eltrabajo.cl\/portal\/wp-content\/uploads\/2012\/02\/Temporeras2.jpg?resize=600%2C375\" alt=\"\" width=\"600\" height=\"375\" srcset=\"https:\/\/i0.wp.com\/eltrabajo.cl\/portal\/wp-content\/uploads\/2012\/02\/Temporeras2.jpg?w=600&amp;ssl=1 600w, https:\/\/i0.wp.com\/eltrabajo.cl\/portal\/wp-content\/uploads\/2012\/02\/Temporeras2.jpg?resize=200%2C125&amp;ssl=1 200w, https:\/\/i0.wp.com\/eltrabajo.cl\/portal\/wp-content\/uploads\/2012\/02\/Temporeras2.jpg?resize=300%2C187&amp;ssl=1 300w, https:\/\/i0.wp.com\/eltrabajo.cl\/portal\/wp-content\/uploads\/2012\/02\/Temporeras2.jpg?resize=150%2C93&amp;ssl=1 150w, https:\/\/i0.wp.com\/eltrabajo.cl\/portal\/wp-content\/uploads\/2012\/02\/Temporeras2.jpg?resize=400%2C250&amp;ssl=1 400w\" sizes=\"auto, (max-width: 600px) 100vw, 600px\" \/><\/a><figcaption id=\"caption-attachment-13973\" class=\"wp-caption-text\">Esta bella Moderadora hace lo propio para mantener muy ocupados y alegres a los ni\u00f1os que encuentran en los Centros de Atenci\u00f3n lo necesario para que tambi\u00e9n sus padres puedan laborar tranquilos.<\/figcaption><\/figure>\n<p><strong>SANTA MAR\u00cdA.-<\/strong> Con diversos eventos recreativos finalizan los Centros de Atenci\u00f3n a hijos e hijas de madres temporeras. Los peque\u00f1os participaron de una \u2018marat\u00f3n\u2019 por las calles principales de la comuna, adem\u00e1s de variadas actividades recreativas en la Plaza de Armas, posteriormente disfrutaron de una agradable tarde en la Piscina Municipal. Esto se suma a otras actividades que tuvieron como parte del cierre de este proceso, entre las que destaca un viaje por todo el d\u00eda al Balneario Andacollo que realizaron hace poco d\u00edas atr\u00e1s.<\/p>\n<p>Romina Pizarro, Coordinadora y encargada comunal por tercer a\u00f1o de este proceso, destac\u00f3 el apoyo del Municipio en este importante programa y refiri\u00e9ndose a los Centros se\u00f1al\u00f3 sentir \u201cUna gran satisfacci\u00f3n en lo personal por haber cumplido con esta tarea, donde la participaci\u00f3n de los ni\u00f1os y ni\u00f1as fue fundamental, destacando la alegr\u00eda, el respeto y las ganas de pasarlo bien que cada uno de ellos demostr\u00f3\u201d.<\/p>\n<p><strong>Refrescantes actividades<\/strong><\/p>\n<p>Con respecto al equipo humano que hizo posible todo esto, destac\u00f3 que \u201cAfortunadamente este a\u00f1o se pudo contar con cuatro profesionales a cargo de cada Centro, dos de ellos son contratados por el municipio y los otros dos son profesionales del Instituto Nacional del Deporte (IND), es decir, un total de 20 profesionales quienes realizaron actividades recreativas y deportivas con nuestros ni\u00f1os; adem\u00e1s una vez a la semana cada una de las escuelas asistieron a la Piscina Municipal de Santa Mar\u00eda de forma gratuita, destacando tambi\u00e9n los juegos recreativos en la Plaza de Armas y en el gimnasio las actividades netamente deportivas\u201d<\/p>\n<p>En la comuna de Santa Mar\u00eda se implementaron Centros de Atenci\u00f3n para hijos e hijas de madres temporeras en cinco establecimientos educacionales de la comuna, estos son Liceo Dar\u00edo Salas de Santa Mar\u00eda Centro; Escuela David del Curto Libera de Santa Filomena; Aurora Velazco P\u00e9rez de Las Cabras; Guillermo Ba\u00f1ados Honorato de Las Cadenas y Escuela La Higuera de La Higuera.<\/p>\n<p><strong>Bien alimentados<\/strong><\/p>\n<p>Cada Centro cont\u00f3 con una cobertura de 40 cupos para ni\u00f1os de seis a doce a\u00f1os de edad que necesitaban de un apoyo mientras sus madres trabajaban en los meses de verano.\u00a0Generalmente cada entro ten\u00eda sus actividades propias, funcionando de lunes a viernes entre las 08:30 de la ma\u00f1ana hasta las 16:30 de la tarde, durante la jornada, los ni\u00f1os recib\u00edan alimentaci\u00f3n por parte de la Junaeb consistente en\u00a0 desayuno, almuerzo y once.<\/p>\n<p>El Programa se inici\u00f3 en Santa Mar\u00eda el d\u00eda martes tres de enero y termin\u00f3 el fin de semana anterior dejando una gran cantidad de gratas experiencias, alegr\u00edas y satisfacciones de cada uno de sus participantes.<\/p>\n","protected":false},"excerpt":{"rendered":"<p>SANTA MAR\u00cdA.- Con diversos eventos recreativos finalizan los Centros de Atenci\u00f3n a hijos e hijas de madres temporeras. Los peque\u00f1os participaron de una \u2018marat\u00f3n\u2019 por las calles principales de la comuna, adem\u00e1s&#8230;<\/p>\n","protected":false},"author":482,"featured_media":13973,"comment_status":"closed","ping_status":"open","sticky":false,"template":"","format":"standard","meta":{"advanced_seo_description":"","jetpack_seo_html_title":"","jetpack_seo_noindex":false,"_jetpack_memberships_contains_paid_content":false,"footnotes":""},"categories":[15],"tags":[],"class_list":["post-13972","post","type-post","status-publish","format-standard","has-post-thumbnail","hentry","category-comunidad"],"jetpack_featured_media_url":"https:\/\/i0.wp.com\/eltrabajo.cl\/portal\/wp-content\/uploads\/2012\/02\/Temporeras2.jpg?fit=600%2C375&ssl=1","jetpack_sharing_enabled":true,"jetpack_likes_enabled":true,"jetpack-related-posts":[],"_links":{"self":[{"href":"https:\/\/eltrabajo.cl\/portal\/wp-json\/wp\/v2\/posts\/13972","targetHints":{"allow":["GET"]}}],"collection":[{"href":"https:\/\/eltrabajo.cl\/portal\/wp-json\/wp\/v2\/posts"}],"about":[{"href":"https:\/\/eltrabajo.cl\/portal\/wp-json\/wp\/v2\/types\/post"}],"author":[{"embeddable":true,"href":"https:\/\/eltrabajo.cl\/portal\/wp-json\/wp\/v2\/users\/482"}],"replies":[{"embeddable":true,"href":"https:\/\/eltrabajo.cl\/portal\/wp-json\/wp\/v2\/comments?post=13972"}],"version-history":[{"count":0,"href":"https:\/\/eltrabajo.cl\/portal\/wp-json\/wp\/v2\/posts\/13972\/revisions"}],"wp:featuredmedia":[{"embeddable":true,"href":"https:\/\/eltrabajo.cl\/portal\/wp-json\/wp\/v2\/media\/13973"}],"wp:attachment":[{"href":"https:\/\/eltrabajo.cl\/portal\/wp-json\/wp\/v2\/media?parent=13972"}],"wp:term":[{"taxonomy":"category","embeddable":true,"href":"https:\/\/eltrabajo.cl\/portal\/wp-json\/wp\/v2\/categories?post=13972"},{"taxonomy":"post_tag","embeddable":true,"href":"https:\/\/eltrabajo.cl\/portal\/wp-json\/wp\/v2\/tags?post=13972"}],"curies":[{"name":"wp","href":"https:\/\/api.w.org\/{rel}","templated":true}]}}