{"id":14622,"date":"2012-03-05T09:13:58","date_gmt":"2012-03-05T12:13:58","guid":{"rendered":"http:\/\/www.eltrabajo.cl\/portal\/?p=14622"},"modified":"2012-03-05T09:13:58","modified_gmt":"2012-03-05T12:13:58","slug":"integra-capacita-a-educadoras-y-tecnicas-de-las-provincias-de-aconcagua","status":"publish","type":"post","link":"https:\/\/eltrabajo.cl\/portal\/integra-capacita-a-educadoras-y-tecnicas-de-las-provincias-de-aconcagua\/","title":{"rendered":"Integra capacita a Educadoras y T\u00e9cnicas de las provincias de Aconcagua"},"content":{"rendered":"<figure id=\"attachment_14623\" aria-describedby=\"caption-attachment-14623\" style=\"width: 600px\" class=\"wp-caption alignnone\"><a href=\"http:\/\/www.eltrabajo.cl\/portal\/archives\/14622\/jardin-pampanitos-los-andes-san-esteban\" rel=\"attachment wp-att-14623\"><img data-recalc-dims=\"1\" loading=\"lazy\" decoding=\"async\" class=\"size-full wp-image-14623\" title=\"Jardin Pampanitos. Los Andes - San Esteban\" src=\"https:\/\/i0.wp.com\/www.eltrabajo.cl\/portal\/wp-content\/uploads\/2012\/03\/Jardin-Pampanitos.-Los-Andes-San-Esteban.jpg?resize=600%2C450\" alt=\"\" width=\"600\" height=\"450\" srcset=\"https:\/\/i0.wp.com\/eltrabajo.cl\/portal\/wp-content\/uploads\/2012\/03\/Jardin-Pampanitos.-Los-Andes-San-Esteban.jpg?w=600&amp;ssl=1 600w, https:\/\/i0.wp.com\/eltrabajo.cl\/portal\/wp-content\/uploads\/2012\/03\/Jardin-Pampanitos.-Los-Andes-San-Esteban.jpg?resize=200%2C150&amp;ssl=1 200w, https:\/\/i0.wp.com\/eltrabajo.cl\/portal\/wp-content\/uploads\/2012\/03\/Jardin-Pampanitos.-Los-Andes-San-Esteban.jpg?resize=300%2C225&amp;ssl=1 300w, https:\/\/i0.wp.com\/eltrabajo.cl\/portal\/wp-content\/uploads\/2012\/03\/Jardin-Pampanitos.-Los-Andes-San-Esteban.jpg?resize=150%2C112&amp;ssl=1 150w, https:\/\/i0.wp.com\/eltrabajo.cl\/portal\/wp-content\/uploads\/2012\/03\/Jardin-Pampanitos.-Los-Andes-San-Esteban.jpg?resize=400%2C300&amp;ssl=1 400w\" sizes=\"auto, (max-width: 600px) 100vw, 600px\" \/><\/a><figcaption id=\"caption-attachment-14623\" class=\"wp-caption-text\">La labor de las t\u00edas es vital en la formaci\u00f3n de las bases del desarrollo personal. En la foto, los peques del Jard\u00edn Pampanitos de San Esteban siguen atentamente la din\u00e1mica de la encargada.<\/figcaption><\/figure>\n<p>Con una completa capacitaci\u00f3n de tres d\u00edas se prepararon las m\u00e1s de 180 profesionales y t\u00e9cnicas que conforman los equipos de trabajo de los jardines infantiles y salas cuna de Fundaci\u00f3n INTEGRA en las provincias de San Felipe y Los Andes, con el objetivo de iniciar un nuevo a\u00f1o preescolar y entregar una educaci\u00f3n de calidad a los ni\u00f1os y ni\u00f1as entre los 3 meses y los 4 a\u00f1os de edad que asisten a los establecimientos.<\/p>\n<p>La jornada de perfeccionamiento que a nivel regional se desarroll\u00f3 de manera simult\u00e1nea en 9 sedes provinciales con cerca de 850 educadoras y agentes educativas, tuvo por objetivo establecer los lineamientos de la gesti\u00f3n educativa con miras a desarrollar experiencias de aprendizaje significativas en los ni\u00f1os y ni\u00f1as y avanzar en su desarrollo integral. Entre las materias abordadas est\u00e1n el lenguaje verbal, el v\u00ednculo con familias, y el aula digital, entre otros \u00e9nfasis curriculares. Adem\u00e1s de tem\u00e1ticas asociadas al ambiente educativo, mediaci\u00f3n y estrategias metodol\u00f3gicas, y planificaci\u00f3n, entre otras.<\/p>\n<p>La Directora Regional de Fundaci\u00f3n INTEGRA, Paola \u00c1lvarez, se\u00f1al\u00f3 que \u00ab\u00e9sta es una instancia de suma relevancia, pues aqu\u00ed se reflexionan y se preparan los contenidos pedag\u00f3gicos que se transferir\u00e1n durante el a\u00f1o a cerca de 6 mil ni\u00f1os y ni\u00f1as de nuestra regi\u00f3n. El cuidado y la estimulaci\u00f3n que un ni\u00f1o recibe durante sus primeros a\u00f1os son cruciales para el resto de su vida, y en ello la educaci\u00f3n parvularia juega un rol fundamental\u00bb, concluy\u00f3.<\/p>\n<p>La autoridad regional record\u00f3 que en Chile el 53% de los ni\u00f1os no est\u00e1 asistiendo a los niveles educativos preescolares, por ello \u00abhacemos un llamado a las familias a matricular a sus hijos en los jardines infantiles y salas cuna y aprovechar los programas educativos gratuitos en una etapa de la vida donde se juegan las bases del desarrollo humano\u00bb, se\u00f1al\u00f3.<\/p>\n","protected":false},"excerpt":{"rendered":"<p>Con una completa capacitaci\u00f3n de tres d\u00edas se prepararon las m\u00e1s de 180 profesionales y t\u00e9cnicas que conforman los equipos de trabajo de los jardines infantiles y salas cuna de Fundaci\u00f3n INTEGRA&#8230;<\/p>\n","protected":false},"author":482,"featured_media":14623,"comment_status":"open","ping_status":"open","sticky":false,"template":"","format":"standard","meta":{"advanced_seo_description":"","jetpack_seo_html_title":"","jetpack_seo_noindex":false,"_jetpack_memberships_contains_paid_content":false,"footnotes":""},"categories":[15],"tags":[],"class_list":["post-14622","post","type-post","status-publish","format-standard","has-post-thumbnail","hentry","category-comunidad"],"jetpack_featured_media_url":"https:\/\/i0.wp.com\/eltrabajo.cl\/portal\/wp-content\/uploads\/2012\/03\/Jardin-Pampanitos.-Los-Andes-San-Esteban.jpg?fit=600%2C450&ssl=1","jetpack_sharing_enabled":true,"jetpack_likes_enabled":true,"jetpack-related-posts":[],"_links":{"self":[{"href":"https:\/\/eltrabajo.cl\/portal\/wp-json\/wp\/v2\/posts\/14622","targetHints":{"allow":["GET"]}}],"collection":[{"href":"https:\/\/eltrabajo.cl\/portal\/wp-json\/wp\/v2\/posts"}],"about":[{"href":"https:\/\/eltrabajo.cl\/portal\/wp-json\/wp\/v2\/types\/post"}],"author":[{"embeddable":true,"href":"https:\/\/eltrabajo.cl\/portal\/wp-json\/wp\/v2\/users\/482"}],"replies":[{"embeddable":true,"href":"https:\/\/eltrabajo.cl\/portal\/wp-json\/wp\/v2\/comments?post=14622"}],"version-history":[{"count":0,"href":"https:\/\/eltrabajo.cl\/portal\/wp-json\/wp\/v2\/posts\/14622\/revisions"}],"wp:featuredmedia":[{"embeddable":true,"href":"https:\/\/eltrabajo.cl\/portal\/wp-json\/wp\/v2\/media\/14623"}],"wp:attachment":[{"href":"https:\/\/eltrabajo.cl\/portal\/wp-json\/wp\/v2\/media?parent=14622"}],"wp:term":[{"taxonomy":"category","embeddable":true,"href":"https:\/\/eltrabajo.cl\/portal\/wp-json\/wp\/v2\/categories?post=14622"},{"taxonomy":"post_tag","embeddable":true,"href":"https:\/\/eltrabajo.cl\/portal\/wp-json\/wp\/v2\/tags?post=14622"}],"curies":[{"name":"wp","href":"https:\/\/api.w.org\/{rel}","templated":true}]}}