{"id":15107,"date":"2012-03-13T08:08:26","date_gmt":"2012-03-13T12:08:26","guid":{"rendered":"http:\/\/www.eltrabajo.cl\/portal\/?p=15107"},"modified":"2012-03-13T08:08:26","modified_gmt":"2012-03-13T12:08:26","slug":"estrecha-vereda-pone-en-peligro-a-estudiantes-que-bajan-de-locomocion-colectiva","status":"publish","type":"post","link":"https:\/\/eltrabajo.cl\/portal\/estrecha-vereda-pone-en-peligro-a-estudiantes-que-bajan-de-locomocion-colectiva\/","title":{"rendered":"Estrecha vereda pone en peligro a estudiantes que bajan de locomoci\u00f3n colectiva"},"content":{"rendered":"<figure id=\"attachment_15108\" aria-describedby=\"caption-attachment-15108\" style=\"width: 600px\" class=\"wp-caption alignnone\"><a href=\"http:\/\/www.eltrabajo.cl\/portal\/2012\/03\/estrecha-vereda-pone-en-peligro-a-estudiantes-que-bajan-de-locomocion-colectiva\/micro1\/\" rel=\"attachment wp-att-15108\"><img data-recalc-dims=\"1\" loading=\"lazy\" decoding=\"async\" class=\"size-full wp-image-15108\" title=\"Micro1\" src=\"https:\/\/i0.wp.com\/www.eltrabajo.cl\/portal\/wp-content\/uploads\/2012\/03\/Micro1.jpg?resize=600%2C450\" alt=\"\" width=\"600\" height=\"450\" srcset=\"https:\/\/i0.wp.com\/eltrabajo.cl\/portal\/wp-content\/uploads\/2012\/03\/Micro1.jpg?w=600&amp;ssl=1 600w, https:\/\/i0.wp.com\/eltrabajo.cl\/portal\/wp-content\/uploads\/2012\/03\/Micro1.jpg?resize=200%2C150&amp;ssl=1 200w, https:\/\/i0.wp.com\/eltrabajo.cl\/portal\/wp-content\/uploads\/2012\/03\/Micro1.jpg?resize=300%2C225&amp;ssl=1 300w, https:\/\/i0.wp.com\/eltrabajo.cl\/portal\/wp-content\/uploads\/2012\/03\/Micro1.jpg?resize=150%2C112&amp;ssl=1 150w, https:\/\/i0.wp.com\/eltrabajo.cl\/portal\/wp-content\/uploads\/2012\/03\/Micro1.jpg?resize=400%2C300&amp;ssl=1 400w\" sizes=\"auto, (max-width: 600px) 100vw, 600px\" \/><\/a><figcaption id=\"caption-attachment-15108\" class=\"wp-caption-text\">Este padre es uno de los afectados, al igual que \u00e9l, decenas de estudiantes arriesgan su vida diariamente en este punto de la v\u00eda en Poblaci\u00f3n Santa Rita.<\/figcaption><\/figure>\n<p><strong>PUTAENDO.-<\/strong> Luego de recibir las inquietudes de varios vecinos de la Poblaci\u00f3n Santa Rita, pudimos comprobar el verdadero peligro que existe, sobre todo para los estudiantes que bajan de la locomoci\u00f3n colectiva en la intersecci\u00f3n del pasaje principal de esta poblaci\u00f3n con la Calle Juan Rozas.<\/p>\n<p>Lo que ocurre en este sector es que primeramente enormes rosas, ramas y arbustos pr\u00e1cticamente se encuentran a la altura de la calle, sobrepasando el cierre perimetral, obstaculizando el letrero que anuncia un resalto o \u2018lomo de toro\u2019, tapando casi por completo el cartel de parada de buses, siendo el hecho m\u00e1s grave que pr\u00e1cticamente no existe vereda, ya que esta ha sido cubierta por tierra, de lo que alguna vez fue un muro, donde evidentemente solo la solera marcaba alguna vereda que nunca fue pavimentada.<\/p>\n<p><strong>PELIGRO INMINENTE<\/strong><\/p>\n<p>Esto sumado a la estrecha calle y a que los conductores de locomoci\u00f3n colectiva deben detenerse lo m\u00e1s cerca de la vereda, hace que los estudiantes que bajan literalmente queden solo sobre la solera, convirtiendo esta situaci\u00f3n en un verdadero peligro, sobre todo cuando bajan en conjunto varios estudiantes.<\/p>\n<p>La fotograf\u00eda es elocuente y es de esperar que esta denuncia ciudadana pueda ser acogida por la Municipalidad de Putaendo para limpiar, podar y asegurar el lugar para que quienes bajan de la locomoci\u00f3n colectiva lo puedan hacer en un lugar seguro.<\/p>\n<p><strong>Patricio Gallardo<\/strong><\/p>\n","protected":false},"excerpt":{"rendered":"<p>PUTAENDO.- Luego de recibir las inquietudes de varios vecinos de la Poblaci\u00f3n Santa Rita, pudimos comprobar el verdadero peligro que existe, sobre todo para los estudiantes que bajan de la locomoci\u00f3n colectiva&#8230;<\/p>\n","protected":false},"author":482,"featured_media":15108,"comment_status":"open","ping_status":"open","sticky":false,"template":"","format":"standard","meta":{"advanced_seo_description":"","jetpack_seo_html_title":"","jetpack_seo_noindex":false,"_jetpack_memberships_contains_paid_content":false,"footnotes":""},"categories":[15],"tags":[],"class_list":["post-15107","post","type-post","status-publish","format-standard","has-post-thumbnail","hentry","category-comunidad"],"jetpack_featured_media_url":"https:\/\/i0.wp.com\/eltrabajo.cl\/portal\/wp-content\/uploads\/2012\/03\/Micro1.jpg?fit=600%2C450&ssl=1","jetpack_sharing_enabled":true,"jetpack_likes_enabled":true,"jetpack-related-posts":[],"_links":{"self":[{"href":"https:\/\/eltrabajo.cl\/portal\/wp-json\/wp\/v2\/posts\/15107","targetHints":{"allow":["GET"]}}],"collection":[{"href":"https:\/\/eltrabajo.cl\/portal\/wp-json\/wp\/v2\/posts"}],"about":[{"href":"https:\/\/eltrabajo.cl\/portal\/wp-json\/wp\/v2\/types\/post"}],"author":[{"embeddable":true,"href":"https:\/\/eltrabajo.cl\/portal\/wp-json\/wp\/v2\/users\/482"}],"replies":[{"embeddable":true,"href":"https:\/\/eltrabajo.cl\/portal\/wp-json\/wp\/v2\/comments?post=15107"}],"version-history":[{"count":0,"href":"https:\/\/eltrabajo.cl\/portal\/wp-json\/wp\/v2\/posts\/15107\/revisions"}],"wp:featuredmedia":[{"embeddable":true,"href":"https:\/\/eltrabajo.cl\/portal\/wp-json\/wp\/v2\/media\/15108"}],"wp:attachment":[{"href":"https:\/\/eltrabajo.cl\/portal\/wp-json\/wp\/v2\/media?parent=15107"}],"wp:term":[{"taxonomy":"category","embeddable":true,"href":"https:\/\/eltrabajo.cl\/portal\/wp-json\/wp\/v2\/categories?post=15107"},{"taxonomy":"post_tag","embeddable":true,"href":"https:\/\/eltrabajo.cl\/portal\/wp-json\/wp\/v2\/tags?post=15107"}],"curies":[{"name":"wp","href":"https:\/\/api.w.org\/{rel}","templated":true}]}}