{"id":15133,"date":"2012-03-14T07:41:37","date_gmt":"2012-03-14T11:41:37","guid":{"rendered":"http:\/\/www.eltrabajo.cl\/portal\/?p=15133"},"modified":"2012-03-14T07:41:37","modified_gmt":"2012-03-14T11:41:37","slug":"%e2%80%9clos-compromisos-que-tiene-el-gobierno-con-vecinos-de-panquehue-se-van-a-cumplir-y-el-agua-sera-para-panquehue%e2%80%9d-afirmo-diputado-rivas","status":"publish","type":"post","link":"https:\/\/eltrabajo.cl\/portal\/%e2%80%9clos-compromisos-que-tiene-el-gobierno-con-vecinos-de-panquehue-se-van-a-cumplir-y-el-agua-sera-para-panquehue%e2%80%9d-afirmo-diputado-rivas\/","title":{"rendered":"\u201cLos compromisos que tiene el Gobierno con vecinos de Panquehue se van a cumplir y el agua ser\u00e1 para Panquehue\u201d, afirm\u00f3 Diputado Rivas"},"content":{"rendered":"<figure id=\"attachment_15134\" aria-describedby=\"caption-attachment-15134\" style=\"width: 600px\" class=\"wp-caption alignnone\"><a href=\"http:\/\/www.eltrabajo.cl\/portal\/2012\/03\/%e2%80%9clos-compromisos-que-tiene-el-gobierno-con-vecinos-de-panquehue-se-van-a-cumplir-y-el-agua-sera-para-panquehue%e2%80%9d-afirmo-diputado-rivas\/pozos-panquehue-3\/\" rel=\"attachment wp-att-15134\"><img data-recalc-dims=\"1\" loading=\"lazy\" decoding=\"async\" class=\"size-full wp-image-15134\" title=\"pozos panquehue (3)\" src=\"https:\/\/i0.wp.com\/www.eltrabajo.cl\/portal\/wp-content\/uploads\/2012\/03\/pozos-panquehue-3.jpg?resize=600%2C450\" alt=\"\" width=\"600\" height=\"450\" srcset=\"https:\/\/i0.wp.com\/eltrabajo.cl\/portal\/wp-content\/uploads\/2012\/03\/pozos-panquehue-3.jpg?w=600&amp;ssl=1 600w, https:\/\/i0.wp.com\/eltrabajo.cl\/portal\/wp-content\/uploads\/2012\/03\/pozos-panquehue-3.jpg?resize=200%2C150&amp;ssl=1 200w, https:\/\/i0.wp.com\/eltrabajo.cl\/portal\/wp-content\/uploads\/2012\/03\/pozos-panquehue-3.jpg?resize=300%2C225&amp;ssl=1 300w, https:\/\/i0.wp.com\/eltrabajo.cl\/portal\/wp-content\/uploads\/2012\/03\/pozos-panquehue-3.jpg?resize=150%2C112&amp;ssl=1 150w, https:\/\/i0.wp.com\/eltrabajo.cl\/portal\/wp-content\/uploads\/2012\/03\/pozos-panquehue-3.jpg?resize=400%2C300&amp;ssl=1 400w\" sizes=\"auto, (max-width: 600px) 100vw, 600px\" \/><\/a><figcaption id=\"caption-attachment-15134\" class=\"wp-caption-text\">El parlamentario solicit\u00f3 un informe sobre la realidad h\u00eddrica de la comuna y el estado de las napas subterr\u00e1neas que sustentan los pozos.<\/figcaption><\/figure>\n<p>El diputado Gaspar Rivas rechaz\u00f3 incidentes que se registraron la noche del viernes en Panquehue con barricadas y bloqueo de Ruta CH-60. El parlamentario tras condenar todo brote de violencia, sostuvo que \u201cel agua de Panquehue es para Panquehue\u201d y que espera que los desmanes no sean \u201cun aprovechamiento pol\u00edtico\u201d.<\/p>\n<p>El parlamentario se\u00f1al\u00f3 que afortunadamente quienes protagonizaron estos hechos corresponden a un grupo minoritario de personas \u201cque actuaron a rostro cubierto, encapuchados, alterando el orden p\u00fablico y que no tienen ning\u00fan grado de representatividad respecto de la comunidad de Panquehue que es gente pac\u00edfica, gente respetuosa de la Ley y el Derecho\u201d.<\/p>\n<p>Con los antecedentes en la mano de c\u00f3mo se est\u00e1 manejando el tema del agua en Panquehue, el parlamentario expres\u00f3 abiertamente que espera que no haya un aprovechamiento pol\u00edtico de quienes est\u00e1n incitando al desorden; \u201cde personas poco escrupulosas, que lo \u00fanico que quieren es generar des\u00f3rdenes, caos y alarma p\u00fablica sin fundamentos\u201d.<\/p>\n<figure id=\"attachment_15135\" aria-describedby=\"caption-attachment-15135\" style=\"width: 300px\" class=\"wp-caption alignright\"><a href=\"http:\/\/www.eltrabajo.cl\/portal\/2012\/03\/%e2%80%9clos-compromisos-que-tiene-el-gobierno-con-vecinos-de-panquehue-se-van-a-cumplir-y-el-agua-sera-para-panquehue%e2%80%9d-afirmo-diputado-rivas\/rivas-3\/\" rel=\"attachment wp-att-15135\"><img data-recalc-dims=\"1\" loading=\"lazy\" decoding=\"async\" class=\"size-medium wp-image-15135\" title=\"rivas\" src=\"https:\/\/i0.wp.com\/www.eltrabajo.cl\/portal\/wp-content\/uploads\/2012\/03\/rivas-300x216.jpg?resize=300%2C216\" alt=\"\" width=\"300\" height=\"216\" srcset=\"https:\/\/i0.wp.com\/eltrabajo.cl\/portal\/wp-content\/uploads\/2012\/03\/rivas.jpg?resize=300%2C216&amp;ssl=1 300w, https:\/\/i0.wp.com\/eltrabajo.cl\/portal\/wp-content\/uploads\/2012\/03\/rivas.jpg?resize=200%2C144&amp;ssl=1 200w, https:\/\/i0.wp.com\/eltrabajo.cl\/portal\/wp-content\/uploads\/2012\/03\/rivas.jpg?resize=150%2C108&amp;ssl=1 150w, https:\/\/i0.wp.com\/eltrabajo.cl\/portal\/wp-content\/uploads\/2012\/03\/rivas.jpg?resize=400%2C288&amp;ssl=1 400w, https:\/\/i0.wp.com\/eltrabajo.cl\/portal\/wp-content\/uploads\/2012\/03\/rivas.jpg?w=600&amp;ssl=1 600w\" sizes=\"auto, (max-width: 300px) 100vw, 300px\" \/><\/a><figcaption id=\"caption-attachment-15135\" class=\"wp-caption-text\">El Diputado Gaspar Rivas asegur\u00f3 que el Gobierno est\u00e1 actuando con voluntad y buena fe para cumplir su compromiso con los vecinos de Panquehue.<\/figcaption><\/figure>\n<p>No obstante, preocupado por el motivo que esgrimieron los protestantes para salir a la carretera, como era defender el agua de Panquehue, el Diputado Rivas se\u00f1al\u00f3 se contact\u00f3 con las autoridades pertinentes (Alcalde Luis Pradenas, Gobernadora Patricia Boffa y el Director Regional de Obras Hidr\u00e1ulicas Christian V\u00e9liz) para solicitar un informe sobre la realidad h\u00eddrica de la comuna y el estado de las napas subterr\u00e1neas, y le han asegurado que las napas est\u00e1n siendo monitoreadas constantemente.<\/p>\n<p>En ese contexto el parlamentario dijo que lo ocurrido no tiene ning\u00fan tipo de fundamento; \u201cporque las autoridades me han ratificado que el agua de Panquehue, a diferencia de c\u00f3mo lo manifestaron los protestantes, no est\u00e1 siendo sacada de la comuna, sino que los pozos que est\u00e1n funcionando en este minuto en El Escorial est\u00e1n redistribuyendo el vital elemento dentro de la misma comuna a trav\u00e9s de los canales La Comunidad, El Escorial y El Cerro, tema que ha sido sociabilizado con los vecinos, dirigentes y autoridades.<\/p>\n<p>\u201cEse es el compromiso que desde que se declar\u00f3 la regi\u00f3n en escasez h\u00eddrica el Gobierno con dirigentes y autoridades de Panquehue y en lo personal he sido muy claro que vamos a velar porque se respete. Porque no permitir\u00e9 que pase lo que sucedi\u00f3 el 2011 que el agua se sac\u00f3 para la Tercera Secci\u00f3n, sin importar qu\u00e9 suced\u00eda con los panquehuinos\u201d, asever\u00f3 Rivas.<\/p>\n<p>\u201cAsimismo estamos muy atentos que otros compromisos que se adquirieron con la comunidad de Panquehue para volver a echar a andar la bater\u00eda de pozos se cumplan. En eso los estamentos de Gobierno han cumplido, por ejemplo, con el APR de El Escorial haciendo la profundizaci\u00f3n del pozo\u201d, acot\u00f3 Rivas.<\/p>\n<p>Por otra parte el diputado destac\u00f3 que no est\u00e1n funcionando todos los pozos; \u201csolo una parte y los que no han sido puestos en marcha es porque la propia comunidad pidi\u00f3 que no funcionaran para no afectar napas que alimentan pozos particulares\u201d.<\/p>\n<p>El Diputado Rivas se\u00f1al\u00f3 que espera que incidentes como los del viernes no se vuelvan a repetir; \u201cporque a pesar de la dif\u00edcil situaci\u00f3n de sequ\u00eda que enfrenta la regi\u00f3n, el Gobierno est\u00e1 actuando con mucha voluntad, buena fe, cumpliendo los compromisos adquiridos con las autoridades y vecinos de Panquehue\u201d.<\/p>\n","protected":false},"excerpt":{"rendered":"<p>El diputado Gaspar Rivas rechaz\u00f3 incidentes que se registraron la noche del viernes en Panquehue con barricadas y bloqueo de Ruta CH-60. El parlamentario tras condenar todo brote de violencia, sostuvo que&#8230;<\/p>\n","protected":false},"author":482,"featured_media":15134,"comment_status":"open","ping_status":"open","sticky":false,"template":"","format":"standard","meta":{"advanced_seo_description":"","jetpack_seo_html_title":"","jetpack_seo_noindex":false,"_jetpack_memberships_contains_paid_content":false,"footnotes":""},"categories":[1],"tags":[],"class_list":["post-15133","post","type-post","status-publish","format-standard","has-post-thumbnail","hentry","category-cronica"],"jetpack_featured_media_url":"https:\/\/i0.wp.com\/eltrabajo.cl\/portal\/wp-content\/uploads\/2012\/03\/pozos-panquehue-3.jpg?fit=600%2C450&ssl=1","jetpack_sharing_enabled":true,"jetpack_likes_enabled":true,"jetpack-related-posts":[],"_links":{"self":[{"href":"https:\/\/eltrabajo.cl\/portal\/wp-json\/wp\/v2\/posts\/15133","targetHints":{"allow":["GET"]}}],"collection":[{"href":"https:\/\/eltrabajo.cl\/portal\/wp-json\/wp\/v2\/posts"}],"about":[{"href":"https:\/\/eltrabajo.cl\/portal\/wp-json\/wp\/v2\/types\/post"}],"author":[{"embeddable":true,"href":"https:\/\/eltrabajo.cl\/portal\/wp-json\/wp\/v2\/users\/482"}],"replies":[{"embeddable":true,"href":"https:\/\/eltrabajo.cl\/portal\/wp-json\/wp\/v2\/comments?post=15133"}],"version-history":[{"count":0,"href":"https:\/\/eltrabajo.cl\/portal\/wp-json\/wp\/v2\/posts\/15133\/revisions"}],"wp:featuredmedia":[{"embeddable":true,"href":"https:\/\/eltrabajo.cl\/portal\/wp-json\/wp\/v2\/media\/15134"}],"wp:attachment":[{"href":"https:\/\/eltrabajo.cl\/portal\/wp-json\/wp\/v2\/media?parent=15133"}],"wp:term":[{"taxonomy":"category","embeddable":true,"href":"https:\/\/eltrabajo.cl\/portal\/wp-json\/wp\/v2\/categories?post=15133"},{"taxonomy":"post_tag","embeddable":true,"href":"https:\/\/eltrabajo.cl\/portal\/wp-json\/wp\/v2\/tags?post=15133"}],"curies":[{"name":"wp","href":"https:\/\/api.w.org\/{rel}","templated":true}]}}