{"id":16237,"date":"2012-04-05T08:32:38","date_gmt":"2012-04-05T12:32:38","guid":{"rendered":"http:\/\/www.eltrabajo.cl\/portal\/?p=16237"},"modified":"2012-04-05T08:32:38","modified_gmt":"2012-04-05T12:32:38","slug":"vecinos-de-calle-brasil-se-tomaron-camino-en-protesta-por-dichos-de-arturo-sandoval","status":"publish","type":"post","link":"https:\/\/eltrabajo.cl\/portal\/vecinos-de-calle-brasil-se-tomaron-camino-en-protesta-por-dichos-de-arturo-sandoval\/","title":{"rendered":"Vecinos de Calle Brasil se tomaron camino en protesta por dichos de Arturo Sandoval"},"content":{"rendered":"<figure id=\"attachment_16238\" aria-describedby=\"caption-attachment-16238\" style=\"width: 600px\" class=\"wp-caption alignnone\"><a href=\"http:\/\/www.eltrabajo.cl\/portal\/2012\/04\/vecinos-de-calle-brasil-se-tomaron-camino-en-protesta-por-dichos-de-arturo-sandoval\/toma-calle-brasil\/\" rel=\"attachment wp-att-16238\"><img data-recalc-dims=\"1\" loading=\"lazy\" decoding=\"async\" class=\"size-full wp-image-16238\" title=\"toma calle brasil\" src=\"https:\/\/i0.wp.com\/www.eltrabajo.cl\/portal\/wp-content\/uploads\/2012\/04\/toma-calle-brasil.jpg?resize=600%2C326\" alt=\"\" width=\"600\" height=\"326\" srcset=\"https:\/\/i0.wp.com\/eltrabajo.cl\/portal\/wp-content\/uploads\/2012\/04\/toma-calle-brasil.jpg?w=600&amp;ssl=1 600w, https:\/\/i0.wp.com\/eltrabajo.cl\/portal\/wp-content\/uploads\/2012\/04\/toma-calle-brasil.jpg?resize=200%2C108&amp;ssl=1 200w, https:\/\/i0.wp.com\/eltrabajo.cl\/portal\/wp-content\/uploads\/2012\/04\/toma-calle-brasil.jpg?resize=300%2C163&amp;ssl=1 300w, https:\/\/i0.wp.com\/eltrabajo.cl\/portal\/wp-content\/uploads\/2012\/04\/toma-calle-brasil.jpg?resize=150%2C81&amp;ssl=1 150w, https:\/\/i0.wp.com\/eltrabajo.cl\/portal\/wp-content\/uploads\/2012\/04\/toma-calle-brasil.jpg?resize=400%2C217&amp;ssl=1 400w\" sizes=\"auto, (max-width: 600px) 100vw, 600px\" \/><\/a><figcaption id=\"caption-attachment-16238\" class=\"wp-caption-text\">Vecinos de Calle Brasil se tomaron el camino para expresar su malestar por las declaraciones del Director de Vialidad que anunci\u00f3 acciones legales contra quienes rompieron el asfalto.<\/figcaption><\/figure>\n<p><strong>PUTAENDO.-<\/strong> La ma\u00f1ana de este mi\u00e9rcoles un grupo considerable de vecinos se tomaron pac\u00edficamente parte de la Calle Brasil, en respuesta a las declaraciones del director provincial de Vialidad, Arturo Sandoval, quien se\u00f1al\u00f3 que emprender\u00e1 acciones legales en contra de quienes rompieron parte del camino en ese sector.<\/p>\n<p>Mar\u00eda S\u00e1nchez, presidenta de la junta de vecinos del sector, dijo a nuestro medio que el gran responsable de lo que ocurri\u00f3 con la destrucci\u00f3n del camino es el mismo Director de Vialidad, el que seg\u00fan la dirigente nunca escuch\u00f3 a los vecinos y nunca cumpli\u00f3 sus promesas de buscar una soluci\u00f3n, lo que llev\u00f3 a algunos vecinos a tomar medidas dr\u00e1sticas como romper la calle.<\/p>\n<p>La dirigente dijo adem\u00e1s que durante dos a\u00f1os esperaron las promesas de Vialidad que nunca se interes\u00f3 en la problem\u00e1tica de los vecinos, y que como unidad vecinal nunca fueron tomados en cuenta cuando se realiz\u00f3 el proyecto de resaltos en el sector del colegio Cervantino, por lo que lo ocurrido la ma\u00f1ana de ayer es solo una advertencia y que durante los pr\u00f3ximo d\u00edas realizar\u00e1n un bloqueo o toma total de la calle Brasil y tambi\u00e9n de la ruta que une Putaendo con San Felipe, asegurando que nadie se ha preocupado por el sector y que seguramente cuando ocurra una tragedia llegar\u00e1n todos entregando soluciones, por lo que calific\u00f3 como desesperante la situaci\u00f3n que a diario viven los vecinos de la calle Brasil por las velocidades de los automovilistas que circulan por dicha arteria.<\/p>\n<p>La manifestaci\u00f3n registrada la ma\u00f1ana de este mi\u00e9rcoles se desarroll\u00f3 con absoluta normalidad y en forma pac\u00edfica, donde incluso los mismos automovilistas se deten\u00edan voluntariamente al ver a los vecinos en la calle, los que luego de un par de minutos se retiraban tranquilamente de la arteria.<\/p>\n<p><strong>Patricio Gallardo M.<\/strong><\/p>\n","protected":false},"excerpt":{"rendered":"<p>PUTAENDO.- La ma\u00f1ana de este mi\u00e9rcoles un grupo considerable de vecinos se tomaron pac\u00edficamente parte de la Calle Brasil, en respuesta a las declaraciones del director provincial de Vialidad, Arturo Sandoval, quien&#8230;<\/p>\n","protected":false},"author":482,"featured_media":16238,"comment_status":"open","ping_status":"open","sticky":false,"template":"","format":"standard","meta":{"advanced_seo_description":"","jetpack_seo_html_title":"","jetpack_seo_noindex":false,"_jetpack_memberships_contains_paid_content":false,"footnotes":""},"categories":[15],"tags":[],"class_list":["post-16237","post","type-post","status-publish","format-standard","has-post-thumbnail","hentry","category-comunidad"],"jetpack_featured_media_url":"https:\/\/i0.wp.com\/eltrabajo.cl\/portal\/wp-content\/uploads\/2012\/04\/toma-calle-brasil.jpg?fit=600%2C326&ssl=1","jetpack_sharing_enabled":true,"jetpack_likes_enabled":true,"jetpack-related-posts":[],"_links":{"self":[{"href":"https:\/\/eltrabajo.cl\/portal\/wp-json\/wp\/v2\/posts\/16237","targetHints":{"allow":["GET"]}}],"collection":[{"href":"https:\/\/eltrabajo.cl\/portal\/wp-json\/wp\/v2\/posts"}],"about":[{"href":"https:\/\/eltrabajo.cl\/portal\/wp-json\/wp\/v2\/types\/post"}],"author":[{"embeddable":true,"href":"https:\/\/eltrabajo.cl\/portal\/wp-json\/wp\/v2\/users\/482"}],"replies":[{"embeddable":true,"href":"https:\/\/eltrabajo.cl\/portal\/wp-json\/wp\/v2\/comments?post=16237"}],"version-history":[{"count":0,"href":"https:\/\/eltrabajo.cl\/portal\/wp-json\/wp\/v2\/posts\/16237\/revisions"}],"wp:featuredmedia":[{"embeddable":true,"href":"https:\/\/eltrabajo.cl\/portal\/wp-json\/wp\/v2\/media\/16238"}],"wp:attachment":[{"href":"https:\/\/eltrabajo.cl\/portal\/wp-json\/wp\/v2\/media?parent=16237"}],"wp:term":[{"taxonomy":"category","embeddable":true,"href":"https:\/\/eltrabajo.cl\/portal\/wp-json\/wp\/v2\/categories?post=16237"},{"taxonomy":"post_tag","embeddable":true,"href":"https:\/\/eltrabajo.cl\/portal\/wp-json\/wp\/v2\/tags?post=16237"}],"curies":[{"name":"wp","href":"https:\/\/api.w.org\/{rel}","templated":true}]}}