{"id":16458,"date":"2012-04-11T10:42:20","date_gmt":"2012-04-11T13:42:20","guid":{"rendered":"http:\/\/www.eltrabajo.cl\/portal\/?p=16458"},"modified":"2012-04-11T10:42:20","modified_gmt":"2012-04-11T13:42:20","slug":"intentaron-ingresar-a-jardin-infantil-dejando-danos-y-comida-inutilizable","status":"publish","type":"post","link":"https:\/\/eltrabajo.cl\/portal\/intentaron-ingresar-a-jardin-infantil-dejando-danos-y-comida-inutilizable\/","title":{"rendered":"Intentaron ingresar a jard\u00edn infantil dejando da\u00f1os y comida inutilizable"},"content":{"rendered":"<figure id=\"attachment_16460\" aria-describedby=\"caption-attachment-16460\" style=\"width: 600px\" class=\"wp-caption alignnone\"><a href=\"http:\/\/www.eltrabajo.cl\/portal\/2012\/04\/intentaron-ingresar-a-jardin-infantil-dejando-danos-y-comida-inutilizable\/jardin-infantil-02\/\" rel=\"attachment wp-att-16460\"><img data-recalc-dims=\"1\" loading=\"lazy\" decoding=\"async\" class=\"size-full wp-image-16460\" title=\"jardin infantil 02\" src=\"https:\/\/i0.wp.com\/www.eltrabajo.cl\/portal\/wp-content\/uploads\/2012\/04\/jardin-infantil-02.jpg?resize=600%2C370\" alt=\"\" width=\"600\" height=\"370\" srcset=\"https:\/\/i0.wp.com\/eltrabajo.cl\/portal\/wp-content\/uploads\/2012\/04\/jardin-infantil-02.jpg?w=600&amp;ssl=1 600w, https:\/\/i0.wp.com\/eltrabajo.cl\/portal\/wp-content\/uploads\/2012\/04\/jardin-infantil-02.jpg?resize=200%2C123&amp;ssl=1 200w, https:\/\/i0.wp.com\/eltrabajo.cl\/portal\/wp-content\/uploads\/2012\/04\/jardin-infantil-02.jpg?resize=300%2C185&amp;ssl=1 300w, https:\/\/i0.wp.com\/eltrabajo.cl\/portal\/wp-content\/uploads\/2012\/04\/jardin-infantil-02.jpg?resize=150%2C92&amp;ssl=1 150w, https:\/\/i0.wp.com\/eltrabajo.cl\/portal\/wp-content\/uploads\/2012\/04\/jardin-infantil-02.jpg?resize=400%2C246&amp;ssl=1 400w\" sizes=\"auto, (max-width: 600px) 100vw, 600px\" \/><\/a><figcaption id=\"caption-attachment-16460\" class=\"wp-caption-text\">Un total de 38 menores se vieron afectados con la visita de los indeseables delincuentes.<\/figcaption><\/figure>\n<p><strong>PUTAENDO.-<\/strong> Desconocidos intentaron ingresar hasta las instalaciones del jard\u00edn infantil &#8216;Millaje&#8217; ubicado en el sector de la plazuela en Quebrada Herrera, dejando da\u00f1os en una sala y toda la comida que estaba refrigerada totalmente inutilizable.<\/p>\n<p>El hecho qued\u00f3 al descubierto la ma\u00f1ana de este lunes, cuando las encargadas del jard\u00edn encontraron un gran desorden en una de las salas ocupadas por los 38 ni\u00f1os que conforman dicho establecimiento, percat\u00e1ndose que por una peque\u00f1a ventana empujaron los estantes y repisas, los que terminaron en el suelo, mostrando claros indicios de querer ingresar hasta el interior de dicha sala.<\/p>\n<p>La encargada del jard\u00edn infantil, Leslie Far\u00edas, se\u00f1al\u00f3 a Diario El Trabajo que al percatarse que no hab\u00eda energ\u00eda el\u00e9ctrica en el jard\u00edn se dirigi\u00f3 hasta el tablero el\u00e9ctrico, verificando que todos los autom\u00e1ticos hab\u00edan sido bajados, comprobando con mucha rabia y tristeza que este hecho origin\u00f3 que todos los alimentos que se encontraban congelados, como pollos, carnes y pescados, estuvieran totalmente descompuestos, presumi\u00e9ndose que el hecho se habr\u00eda registrado aproximadamente el viernes pasado, por lo que toda la alimentaci\u00f3n fue cambiada para este d\u00eda lunes, botando los alimentos perdidos.<\/p>\n<p>Hasta las dependencias del jard\u00edn infantil acudi\u00f3 el alcalde Guillermo Reyes, quien conden\u00f3 lo ocurrido, agregando que con este hecho de vandalismo los m\u00e1s perjudicados eran los ni\u00f1os que no pudieron tener sus comida como estaba presupuestado para este d\u00eda, adelantando que se tomar\u00e1n medidas para reforzar la seguridad en dicho establecimiento y evitar que se repita lo ocurrido durante el fin de semana pasado.<\/p>\n<p><strong>30 C\u00e1maras m\u00e1s de seguridad para la comuna<\/strong><\/p>\n<p>El alcalde Guillermo Reyes se\u00f1al\u00f3 a nuestro medio que antes de conocer lo ocurrido en el &#8216;Millaje&#8217;, hab\u00eda logrado conversar con los consejeros regionales Eduardo Le\u00f3n y Nelson Contador, con la finalidad de interiorizarse de la forma para postular mediante la circular n\u00famero 33 a una importante cantidad de nuevas c\u00e1maras de seguridad que ser\u00e1n instaladas en varios puntos de la comuna y de manera especial en el sector rural, esperando que sean 30 las c\u00e1maras que se instalen y que permitir\u00e1n mejorar la seguridad en varios sectores de la comuna, con c\u00e1maras de \u00faltima generaci\u00f3n capaces de almacenar gran cantidad de im\u00e1genes y con una resoluci\u00f3n alt\u00edsima y de muy buena calidad, a la altura de las mejores c\u00e1maras de seguridad ocupadas en el \u00e1mbito privado.<\/p>\n<p><strong>Patricio Gallardo M.<\/strong><\/p>\n","protected":false},"excerpt":{"rendered":"<p>PUTAENDO.- Desconocidos intentaron ingresar hasta las instalaciones del jard\u00edn infantil &#8216;Millaje&#8217; ubicado en el sector de la plazuela en Quebrada Herrera, dejando da\u00f1os en una sala y toda la comida que estaba&#8230;<\/p>\n","protected":false},"author":482,"featured_media":16459,"comment_status":"open","ping_status":"open","sticky":false,"template":"","format":"standard","meta":{"advanced_seo_description":"","jetpack_seo_html_title":"","jetpack_seo_noindex":false,"_jetpack_memberships_contains_paid_content":false,"footnotes":""},"categories":[21],"tags":[],"class_list":["post-16458","post","type-post","status-publish","format-standard","has-post-thumbnail","hentry","category-policial"],"jetpack_featured_media_url":"https:\/\/i0.wp.com\/eltrabajo.cl\/portal\/wp-content\/uploads\/2012\/04\/jardin-infantil-01.jpg?fit=600%2C372&ssl=1","jetpack_sharing_enabled":true,"jetpack_likes_enabled":true,"jetpack-related-posts":[],"_links":{"self":[{"href":"https:\/\/eltrabajo.cl\/portal\/wp-json\/wp\/v2\/posts\/16458","targetHints":{"allow":["GET"]}}],"collection":[{"href":"https:\/\/eltrabajo.cl\/portal\/wp-json\/wp\/v2\/posts"}],"about":[{"href":"https:\/\/eltrabajo.cl\/portal\/wp-json\/wp\/v2\/types\/post"}],"author":[{"embeddable":true,"href":"https:\/\/eltrabajo.cl\/portal\/wp-json\/wp\/v2\/users\/482"}],"replies":[{"embeddable":true,"href":"https:\/\/eltrabajo.cl\/portal\/wp-json\/wp\/v2\/comments?post=16458"}],"version-history":[{"count":0,"href":"https:\/\/eltrabajo.cl\/portal\/wp-json\/wp\/v2\/posts\/16458\/revisions"}],"wp:featuredmedia":[{"embeddable":true,"href":"https:\/\/eltrabajo.cl\/portal\/wp-json\/wp\/v2\/media\/16459"}],"wp:attachment":[{"href":"https:\/\/eltrabajo.cl\/portal\/wp-json\/wp\/v2\/media?parent=16458"}],"wp:term":[{"taxonomy":"category","embeddable":true,"href":"https:\/\/eltrabajo.cl\/portal\/wp-json\/wp\/v2\/categories?post=16458"},{"taxonomy":"post_tag","embeddable":true,"href":"https:\/\/eltrabajo.cl\/portal\/wp-json\/wp\/v2\/tags?post=16458"}],"curies":[{"name":"wp","href":"https:\/\/api.w.org\/{rel}","templated":true}]}}