{"id":16464,"date":"2012-04-11T10:51:19","date_gmt":"2012-04-11T13:51:19","guid":{"rendered":"http:\/\/www.eltrabajo.cl\/portal\/?p=16464"},"modified":"2012-04-11T10:51:19","modified_gmt":"2012-04-11T13:51:19","slug":"automovil-habria-cruzado-eje-de-calzada-en-fatal-accidente-en-by-pass","status":"publish","type":"post","link":"https:\/\/eltrabajo.cl\/portal\/automovil-habria-cruzado-eje-de-calzada-en-fatal-accidente-en-by-pass\/","title":{"rendered":"Autom\u00f3vil habr\u00eda cruzado eje de calzada en fatal accidente en by pass"},"content":{"rendered":"<figure id=\"attachment_16465\" aria-describedby=\"caption-attachment-16465\" style=\"width: 600px\" class=\"wp-caption alignnone\"><a href=\"http:\/\/www.eltrabajo.cl\/portal\/2012\/04\/automovil-habria-cruzado-eje-de-calzada-en-fatal-accidente-en-by-pass\/corsa-dibiagi47\/\" rel=\"attachment wp-att-16465\"><img data-recalc-dims=\"1\" loading=\"lazy\" decoding=\"async\" class=\"size-full wp-image-16465\" title=\"corsa-dibiagi47\" src=\"https:\/\/i0.wp.com\/www.eltrabajo.cl\/portal\/wp-content\/uploads\/2012\/04\/corsa-dibiagi47.jpg?resize=600%2C401\" alt=\"\" width=\"600\" height=\"401\" srcset=\"https:\/\/i0.wp.com\/eltrabajo.cl\/portal\/wp-content\/uploads\/2012\/04\/corsa-dibiagi47.jpg?w=600&amp;ssl=1 600w, https:\/\/i0.wp.com\/eltrabajo.cl\/portal\/wp-content\/uploads\/2012\/04\/corsa-dibiagi47.jpg?resize=200%2C133&amp;ssl=1 200w, https:\/\/i0.wp.com\/eltrabajo.cl\/portal\/wp-content\/uploads\/2012\/04\/corsa-dibiagi47.jpg?resize=300%2C200&amp;ssl=1 300w, https:\/\/i0.wp.com\/eltrabajo.cl\/portal\/wp-content\/uploads\/2012\/04\/corsa-dibiagi47.jpg?resize=150%2C100&amp;ssl=1 150w, https:\/\/i0.wp.com\/eltrabajo.cl\/portal\/wp-content\/uploads\/2012\/04\/corsa-dibiagi47.jpg?resize=400%2C267&amp;ssl=1 400w\" sizes=\"auto, (max-width: 600px) 100vw, 600px\" \/><\/a><figcaption id=\"caption-attachment-16465\" class=\"wp-caption-text\">Una muerte pr\u00e1cticamente instant\u00e1nea encontr\u00f3 el conductor del Chevrolet Corsa, Alexis Duarte Gasc, de 51 a\u00f1os de edad. En la foto inferior se puede apreciar el estado en que qued\u00f3 el veh\u00edculo en el que viajaba.<\/figcaption><\/figure>\n<ul>\n<li><strong>Primeros peritajes de la SIAT arrojaron indicios que el veh\u00edculo menor obstruy\u00f3 la pista del cami\u00f3n.<\/strong><\/li>\n<\/ul>\n<p><strong>CALLE LARGA.-<\/strong> El repentino e inesperado cruce del eje de la calzada por parte del autom\u00f3vil Chevrolet Corsa habr\u00eda originado la colisi\u00f3n frontal con un cami\u00f3n que cost\u00f3 la vida al conductor del veh\u00edculo menor la noche del lunes en el by pass El Sauce.<\/p>\n<p>As\u00ed lo arrojaron los peritajes preliminares efectuados por personal de la SIAT en el lugar del accidente, seg\u00fan reconoci\u00f3 el oficial de la SIAT a cargo del procedimiento, Teniente Rodrigo Troncoso, quien manifest\u00f3 que existen indicios que el veh\u00edculo menor habr\u00eda obstruido la circulaci\u00f3n del cami\u00f3n de la empresa \u2018Dibiagi\u2019, aun cuando declin\u00f3 entregar mayores detalles por cuanto los resultados de los peritajes son remitidos directamente a la fiscal\u00eda.<\/p>\n<p>Agreg\u00f3 que las pericias deber\u00e1n confirmar o descartar una falla mec\u00e1nica en el veh\u00edculo menor o si hubo otro factor externo que llevaron al chofer del auto a cruzar el eje de la calzada.<\/p>\n<figure id=\"attachment_16466\" aria-describedby=\"caption-attachment-16466\" style=\"width: 300px\" class=\"wp-caption alignright\"><a href=\"http:\/\/www.eltrabajo.cl\/portal\/2012\/04\/automovil-habria-cruzado-eje-de-calzada-en-fatal-accidente-en-by-pass\/corsa-dibiagi46\/\" rel=\"attachment wp-att-16466\"><img data-recalc-dims=\"1\" loading=\"lazy\" decoding=\"async\" class=\"size-medium wp-image-16466\" title=\"corsa-dibiagi46\" src=\"https:\/\/i0.wp.com\/www.eltrabajo.cl\/portal\/wp-content\/uploads\/2012\/04\/corsa-dibiagi46-300x205.jpg?resize=300%2C205\" alt=\"\" width=\"300\" height=\"205\" srcset=\"https:\/\/i0.wp.com\/eltrabajo.cl\/portal\/wp-content\/uploads\/2012\/04\/corsa-dibiagi46.jpg?resize=300%2C205&amp;ssl=1 300w, https:\/\/i0.wp.com\/eltrabajo.cl\/portal\/wp-content\/uploads\/2012\/04\/corsa-dibiagi46.jpg?resize=200%2C136&amp;ssl=1 200w, https:\/\/i0.wp.com\/eltrabajo.cl\/portal\/wp-content\/uploads\/2012\/04\/corsa-dibiagi46.jpg?resize=150%2C102&amp;ssl=1 150w, https:\/\/i0.wp.com\/eltrabajo.cl\/portal\/wp-content\/uploads\/2012\/04\/corsa-dibiagi46.jpg?resize=400%2C273&amp;ssl=1 400w, https:\/\/i0.wp.com\/eltrabajo.cl\/portal\/wp-content\/uploads\/2012\/04\/corsa-dibiagi46.jpg?w=600&amp;ssl=1 600w\" sizes=\"auto, (max-width: 300px) 100vw, 300px\" \/><\/a><figcaption id=\"caption-attachment-16466\" class=\"wp-caption-text\">Una muerte pr\u00e1cticamente instant\u00e1nea encontr\u00f3 el conductor del Chevrolet Corsa, Alexis Duarte Gasc, de 51 a\u00f1os de edad. En la foto inferior se puede apreciar el estado en que qued\u00f3 el veh\u00edculo en el que viajaba.<\/figcaption><\/figure>\n<p>Asimismo, el chofer del cami\u00f3n fue sometido al examen de alcoholemia a fin de establecer su estado de temperancia.<\/p>\n<p>Los trabajos de la SIAT en el sitio de suceso se prolongaron hasta cerca de la una de la madrugada, tras lo cual Bomberos debi\u00f3 usar herramientas de corte para poder rescatar el cuerpo del infortunado conductor.<\/p>\n<p><strong>COLISI\u00d3N FRONTAL<\/strong><\/p>\n<p>Tal como lo adelant\u00e1ramos en nuestra edici\u00f3n de ayer, el hecho se registr\u00f3 la noche del lunes en el by pass que une Auco con el sector El Sauce.<\/p>\n<p>El accidente se produjo a las 20:55 horas a la altura del kil\u00f3metro 61,7 de la autopista Los Libertadores, cuando el autom\u00f3vil Chevrolet Corsa, matr\u00edcula VR 83-24, que se dirig\u00eda de oriente a poniente colision\u00f3 de forma frontal con un cami\u00f3n de la empresa argentina \u2018Dibiagi\u2019, que iba en sentido opuesto.<\/p>\n<p>A consecuencia del violento impacto el veh\u00edculo menor qued\u00f3 convertido en un mont\u00f3n de fierros retorcidos, falleciendo en forma instant\u00e1nea en el lugar el conductor identificado preliminarmente como Alexis Duarte Gasc, de 51 a\u00f1os con domicilio en la comuna de Providencia, Santiago.<\/p>\n<p>En tanto el chofer del cami\u00f3n, individualizado como Eduardo Coasin, result\u00f3 con lesiones leves, luego que la m\u00e1quina tras el impacto terminara a un costado de la ruta.<\/p>\n","protected":false},"excerpt":{"rendered":"<p>Primeros peritajes de la SIAT arrojaron indicios que el veh\u00edculo menor obstruy\u00f3 la pista del cami\u00f3n. CALLE LARGA.- El repentino e inesperado cruce del eje de la calzada por parte del autom\u00f3vil&#8230;<\/p>\n","protected":false},"author":482,"featured_media":16465,"comment_status":"open","ping_status":"open","sticky":false,"template":"","format":"standard","meta":{"advanced_seo_description":"","jetpack_seo_html_title":"","jetpack_seo_noindex":false,"_jetpack_memberships_contains_paid_content":false,"footnotes":""},"categories":[21],"tags":[],"class_list":["post-16464","post","type-post","status-publish","format-standard","has-post-thumbnail","hentry","category-policial"],"jetpack_featured_media_url":"https:\/\/i0.wp.com\/eltrabajo.cl\/portal\/wp-content\/uploads\/2012\/04\/corsa-dibiagi47.jpg?fit=600%2C401&ssl=1","jetpack_sharing_enabled":true,"jetpack_likes_enabled":true,"jetpack-related-posts":[],"_links":{"self":[{"href":"https:\/\/eltrabajo.cl\/portal\/wp-json\/wp\/v2\/posts\/16464","targetHints":{"allow":["GET"]}}],"collection":[{"href":"https:\/\/eltrabajo.cl\/portal\/wp-json\/wp\/v2\/posts"}],"about":[{"href":"https:\/\/eltrabajo.cl\/portal\/wp-json\/wp\/v2\/types\/post"}],"author":[{"embeddable":true,"href":"https:\/\/eltrabajo.cl\/portal\/wp-json\/wp\/v2\/users\/482"}],"replies":[{"embeddable":true,"href":"https:\/\/eltrabajo.cl\/portal\/wp-json\/wp\/v2\/comments?post=16464"}],"version-history":[{"count":0,"href":"https:\/\/eltrabajo.cl\/portal\/wp-json\/wp\/v2\/posts\/16464\/revisions"}],"wp:featuredmedia":[{"embeddable":true,"href":"https:\/\/eltrabajo.cl\/portal\/wp-json\/wp\/v2\/media\/16465"}],"wp:attachment":[{"href":"https:\/\/eltrabajo.cl\/portal\/wp-json\/wp\/v2\/media?parent=16464"}],"wp:term":[{"taxonomy":"category","embeddable":true,"href":"https:\/\/eltrabajo.cl\/portal\/wp-json\/wp\/v2\/categories?post=16464"},{"taxonomy":"post_tag","embeddable":true,"href":"https:\/\/eltrabajo.cl\/portal\/wp-json\/wp\/v2\/tags?post=16464"}],"curies":[{"name":"wp","href":"https:\/\/api.w.org\/{rel}","templated":true}]}}