{"id":16472,"date":"2012-04-11T10:54:51","date_gmt":"2012-04-11T13:54:51","guid":{"rendered":"http:\/\/www.eltrabajo.cl\/portal\/?p=16472"},"modified":"2012-04-11T10:54:51","modified_gmt":"2012-04-11T13:54:51","slug":"samu-aconcagua-cuenta-con-8-nuevas-ambulancias-de-ultima-generacion","status":"publish","type":"post","link":"https:\/\/eltrabajo.cl\/portal\/samu-aconcagua-cuenta-con-8-nuevas-ambulancias-de-ultima-generacion\/","title":{"rendered":"Samu Aconcagua cuenta con 8 nuevas ambulancias de \u00faltima generaci\u00f3n"},"content":{"rendered":"<figure id=\"attachment_16473\" aria-describedby=\"caption-attachment-16473\" style=\"width: 600px\" class=\"wp-caption alignnone\"><a href=\"http:\/\/www.eltrabajo.cl\/portal\/2012\/04\/samu-aconcagua-cuenta-con-8-nuevas-ambulancias-de-ultima-generacion\/nueva-ambulancia-3\/\" rel=\"attachment wp-att-16473\"><img data-recalc-dims=\"1\" loading=\"lazy\" decoding=\"async\" class=\"size-full wp-image-16473\" title=\"nueva ambulancia (3)\" src=\"https:\/\/i0.wp.com\/www.eltrabajo.cl\/portal\/wp-content\/uploads\/2012\/04\/nueva-ambulancia-3.jpg?resize=600%2C450\" alt=\"\" width=\"600\" height=\"450\" srcset=\"https:\/\/i0.wp.com\/eltrabajo.cl\/portal\/wp-content\/uploads\/2012\/04\/nueva-ambulancia-3.jpg?w=600&amp;ssl=1 600w, https:\/\/i0.wp.com\/eltrabajo.cl\/portal\/wp-content\/uploads\/2012\/04\/nueva-ambulancia-3.jpg?resize=200%2C150&amp;ssl=1 200w, https:\/\/i0.wp.com\/eltrabajo.cl\/portal\/wp-content\/uploads\/2012\/04\/nueva-ambulancia-3.jpg?resize=300%2C225&amp;ssl=1 300w, https:\/\/i0.wp.com\/eltrabajo.cl\/portal\/wp-content\/uploads\/2012\/04\/nueva-ambulancia-3.jpg?resize=150%2C112&amp;ssl=1 150w, https:\/\/i0.wp.com\/eltrabajo.cl\/portal\/wp-content\/uploads\/2012\/04\/nueva-ambulancia-3.jpg?resize=400%2C300&amp;ssl=1 400w\" sizes=\"auto, (max-width: 600px) 100vw, 600px\" \/><\/a><figcaption id=\"caption-attachment-16473\" class=\"wp-caption-text\">Esta es la ambulancia M2 que va equipada con la \u00faltima tecnolog\u00eda.<\/figcaption><\/figure>\n<p>Con ocho ambulancias de \u00faltima generaci\u00f3n cuenta desde estos d\u00edas el Samu Aconcagua, veh\u00edculos que permitir\u00e1n al sistema responder de mejor manera a las emergencias que se produzcan en la zona.<\/p>\n<p>Los veh\u00edculos forman parte de un proyecto que se present\u00f3 el a\u00f1o 2011, que signific\u00f3 la adquisici\u00f3n de 8 ambulancias nuevas y totalmente equipadas para procedimientos avanzados.<\/p>\n<p>Las ambulancias cuentan con un material cl\u00ednico, que es similar a un pl\u00e1stico lavable, antibacteriano y con la \u00faltima tecnolog\u00eda disponible, lo que permite manejar mejor las urgencias en el valle de Aconcagua.<\/p>\n<figure id=\"attachment_16474\" aria-describedby=\"caption-attachment-16474\" style=\"width: 300px\" class=\"wp-caption alignright\"><a href=\"http:\/\/www.eltrabajo.cl\/portal\/2012\/04\/samu-aconcagua-cuenta-con-8-nuevas-ambulancias-de-ultima-generacion\/nueva-ambulancia-claudio-gajardo-jefe-samu\/\" rel=\"attachment wp-att-16474\"><img data-recalc-dims=\"1\" loading=\"lazy\" decoding=\"async\" class=\"size-medium wp-image-16474\" title=\"nueva ambulancia claudio Gajardo jefe samu\" src=\"https:\/\/i0.wp.com\/www.eltrabajo.cl\/portal\/wp-content\/uploads\/2012\/04\/nueva-ambulancia-claudio-Gajardo-jefe-samu-300x225.jpg?resize=300%2C225\" alt=\"\" width=\"300\" height=\"225\" srcset=\"https:\/\/i0.wp.com\/eltrabajo.cl\/portal\/wp-content\/uploads\/2012\/04\/nueva-ambulancia-claudio-Gajardo-jefe-samu.jpg?resize=300%2C225&amp;ssl=1 300w, https:\/\/i0.wp.com\/eltrabajo.cl\/portal\/wp-content\/uploads\/2012\/04\/nueva-ambulancia-claudio-Gajardo-jefe-samu.jpg?resize=200%2C150&amp;ssl=1 200w, https:\/\/i0.wp.com\/eltrabajo.cl\/portal\/wp-content\/uploads\/2012\/04\/nueva-ambulancia-claudio-Gajardo-jefe-samu.jpg?resize=150%2C112&amp;ssl=1 150w, https:\/\/i0.wp.com\/eltrabajo.cl\/portal\/wp-content\/uploads\/2012\/04\/nueva-ambulancia-claudio-Gajardo-jefe-samu.jpg?resize=400%2C300&amp;ssl=1 400w, https:\/\/i0.wp.com\/eltrabajo.cl\/portal\/wp-content\/uploads\/2012\/04\/nueva-ambulancia-claudio-Gajardo-jefe-samu.jpg?w=600&amp;ssl=1 600w\" sizes=\"auto, (max-width: 300px) 100vw, 300px\" \/><\/a><figcaption id=\"caption-attachment-16474\" class=\"wp-caption-text\">El jefe del Samu Aconcagua, Claudio Gajardo, se\u00f1al\u00f3 que las ambulancillas son parte de un proyecto que contempla adem\u00e1s radiocomunicadores.<\/figcaption><\/figure>\n<p>\u201cEst\u00e1 facultada para atender todo tipo de emergencias: accidentes, ca\u00eddas en la v\u00eda p\u00fablica, patolog\u00edas m\u00e9dicas en domicilio, pacientes con paro cardio respiratorio\u201d, se\u00f1al\u00f3 el jefe del Samu, Claudio Gajardo.<\/p>\n<p>Los dispositivos de emergencia ya se encuentran en uso en las cuatro bases que el Samu tiene en Aconcagua y que corresponden a Putaendo, Llay Llay, San Felipe y Los Andes.<\/p>\n<p>En tanto las ambulancias que fueron reemplazadas ya no est\u00e1n operando, aunque el Samu todav\u00eda las tiene en su poder. La idea es traspasarlas a los consultorios de la zona en un tiempo m\u00e1s.<\/p>\n<p>Las ambulancias con que cuenta el Samu desde ahora tienen dos caracter\u00edsticas. Unas son calificadas como M1 o b\u00e1sicas, donde se traslada un param\u00e9dico y un conductor, mientras que en las M2 \u00f3 avanzadas va un profesional, y es la que est\u00e1 equipada para atender emergencias m\u00e1s cr\u00edticas o pacientes en paro o accidentes con m\u00faltiples v\u00edctimas.<\/p>\n<p>Estos veh\u00edculos forman parte del proyecto que incluye radiocomunicadores, el que va a mejorar en un 90% toda la comunicaci\u00f3n en el valle.<\/p>\n<p>\u201cEste es un sistema digitalizado, adem\u00e1s las ambulancias vienen con un sistema GPS que se va a implementar y que va a permitir la geo referenciaci\u00f3n de las ambulancias en todo el valle\u201d, dijo finalmente Gajardo.<\/p>\n","protected":false},"excerpt":{"rendered":"<p>Con ocho ambulancias de \u00faltima generaci\u00f3n cuenta desde estos d\u00edas el Samu Aconcagua, veh\u00edculos que permitir\u00e1n al sistema responder de mejor manera a las emergencias que se produzcan en la zona. Los&#8230;<\/p>\n","protected":false},"author":482,"featured_media":16473,"comment_status":"open","ping_status":"open","sticky":false,"template":"","format":"standard","meta":{"advanced_seo_description":"","jetpack_seo_html_title":"","jetpack_seo_noindex":false,"_jetpack_memberships_contains_paid_content":false,"footnotes":""},"categories":[1],"tags":[],"class_list":["post-16472","post","type-post","status-publish","format-standard","has-post-thumbnail","hentry","category-cronica"],"jetpack_featured_media_url":"https:\/\/i0.wp.com\/eltrabajo.cl\/portal\/wp-content\/uploads\/2012\/04\/nueva-ambulancia-3.jpg?fit=600%2C450&ssl=1","jetpack_sharing_enabled":true,"jetpack_likes_enabled":true,"jetpack-related-posts":[],"_links":{"self":[{"href":"https:\/\/eltrabajo.cl\/portal\/wp-json\/wp\/v2\/posts\/16472","targetHints":{"allow":["GET"]}}],"collection":[{"href":"https:\/\/eltrabajo.cl\/portal\/wp-json\/wp\/v2\/posts"}],"about":[{"href":"https:\/\/eltrabajo.cl\/portal\/wp-json\/wp\/v2\/types\/post"}],"author":[{"embeddable":true,"href":"https:\/\/eltrabajo.cl\/portal\/wp-json\/wp\/v2\/users\/482"}],"replies":[{"embeddable":true,"href":"https:\/\/eltrabajo.cl\/portal\/wp-json\/wp\/v2\/comments?post=16472"}],"version-history":[{"count":0,"href":"https:\/\/eltrabajo.cl\/portal\/wp-json\/wp\/v2\/posts\/16472\/revisions"}],"wp:featuredmedia":[{"embeddable":true,"href":"https:\/\/eltrabajo.cl\/portal\/wp-json\/wp\/v2\/media\/16473"}],"wp:attachment":[{"href":"https:\/\/eltrabajo.cl\/portal\/wp-json\/wp\/v2\/media?parent=16472"}],"wp:term":[{"taxonomy":"category","embeddable":true,"href":"https:\/\/eltrabajo.cl\/portal\/wp-json\/wp\/v2\/categories?post=16472"},{"taxonomy":"post_tag","embeddable":true,"href":"https:\/\/eltrabajo.cl\/portal\/wp-json\/wp\/v2\/tags?post=16472"}],"curies":[{"name":"wp","href":"https:\/\/api.w.org\/{rel}","templated":true}]}}