{"id":16479,"date":"2012-04-11T10:59:48","date_gmt":"2012-04-11T13:59:48","guid":{"rendered":"http:\/\/www.eltrabajo.cl\/portal\/?p=16479"},"modified":"2012-04-11T10:59:48","modified_gmt":"2012-04-11T13:59:48","slug":"conmocion-desata-tragica-muerte-de-ejecutivo-del-banco-scotiabank","status":"publish","type":"post","link":"https:\/\/eltrabajo.cl\/portal\/conmocion-desata-tragica-muerte-de-ejecutivo-del-banco-scotiabank\/","title":{"rendered":"Conmoci\u00f3n desata tr\u00e1gica muerte de ejecutivo del banco Scotiabank"},"content":{"rendered":"<p>&nbsp;<\/p>\n<figure id=\"attachment_16480\" aria-describedby=\"caption-attachment-16480\" style=\"width: 300px\" class=\"wp-caption alignleft\"><a href=\"http:\/\/www.eltrabajo.cl\/portal\/2012\/04\/conmocion-desata-tragica-muerte-de-ejecutivo-del-banco-scotiabank\/occiso-renatofernandez1\/\" rel=\"attachment wp-att-16480\"><img data-recalc-dims=\"1\" loading=\"lazy\" decoding=\"async\" class=\"size-medium wp-image-16480\" title=\"occiso-renatofernandez1\" src=\"https:\/\/i0.wp.com\/www.eltrabajo.cl\/portal\/wp-content\/uploads\/2012\/04\/occiso-renatofernandez1-300x231.jpg?resize=300%2C231\" alt=\"\" width=\"300\" height=\"231\" srcset=\"https:\/\/i0.wp.com\/eltrabajo.cl\/portal\/wp-content\/uploads\/2012\/04\/occiso-renatofernandez1.jpg?resize=300%2C231&amp;ssl=1 300w, https:\/\/i0.wp.com\/eltrabajo.cl\/portal\/wp-content\/uploads\/2012\/04\/occiso-renatofernandez1.jpg?resize=194%2C150&amp;ssl=1 194w, https:\/\/i0.wp.com\/eltrabajo.cl\/portal\/wp-content\/uploads\/2012\/04\/occiso-renatofernandez1.jpg?resize=150%2C115&amp;ssl=1 150w, https:\/\/i0.wp.com\/eltrabajo.cl\/portal\/wp-content\/uploads\/2012\/04\/occiso-renatofernandez1.jpg?resize=400%2C308&amp;ssl=1 400w, https:\/\/i0.wp.com\/eltrabajo.cl\/portal\/wp-content\/uploads\/2012\/04\/occiso-renatofernandez1.jpg?w=600&amp;ssl=1 600w\" sizes=\"auto, (max-width: 300px) 100vw, 300px\" \/><\/a><figcaption id=\"caption-attachment-16480\" class=\"wp-caption-text\">El ejecutivo del banco Scotiabank de San Felipe, Renato Daniel Fern\u00e1ndez Vergara, era ampliamente conocido en San Felipe y Los Andes.<\/figcaption><\/figure>\n<p>&nbsp;<\/p>\n<ul>\n<li><strong>Su deceso fue constatado en la Cl\u00ednica R\u00edo Blanco, hasta donde fue llevado por su esposa.<\/strong><\/li>\n<\/ul>\n<p><strong>LOS ANDES.-<\/strong> Consternaci\u00f3n caus\u00f3 la muerte del ejecutivo del banco Scotiabank de San Felipe, Renato Daniel Fern\u00e1ndez Vergara, de 54 a\u00f1os de edad, quien atent\u00f3 contra su vida cuando se encontraba en el interior de su casa ubicada en Los Andes.<\/p>\n<p>Cerca de las 14 horas de este martes el cuerpo del funcionario bancario fue hallado por su esposa, Silvia Marchant, colgando de una viga con una soga atada a su cuello en el patio posterior del inmueble ubicado en el condominio Don Jorge de avenida Pascual Baburizza.<\/p>\n<p>Ayudada por la asesora del hogar, la esposa baj\u00f3 el cuerpo del ejecutivo y lo traslad\u00f3 hasta la Cl\u00ednica R\u00edo Blanco, distante pocas cuadras del domicilio, donde pese a las maniobras de reanimaci\u00f3n que se prolongaron por m\u00e1s de diez minutos, finalmente se constat\u00f3 su deceso.<\/p>\n<p>Hasta ese centro asistencial se traslad\u00f3 personal de la Brigada de Homicidios de la PDI.<\/p>\n<p>El Jefe de esa unidad policial, Subcomisario Carlos Alegr\u00eda, manifest\u00f3 que se est\u00e1n realizando las indagaciones tendientes a dilucidar las razones por las cuales el funcionario bancario decidi\u00f3 terminar con su vida.<\/p>\n<p>Agreg\u00f3 que en el lugar donde se encontr\u00f3 el cuerpo no hab\u00eda cartas explicando su decisi\u00f3n.<\/p>\n<p>El oficial dijo que la causa preliminar de su muerte ser\u00eda la de asfixia por ahorcamiento de tipo suicida, descartando la intervenci\u00f3n de terceras personas.<\/p>\n<p>Cabe destacar que seg\u00fan versiones extraoficiales, entre las causas probables que se estar\u00edan investigando figurar\u00eda la de car\u00e1cter laboral, ya que aparentemente el funcionario habr\u00eda sido despedido recientemente, situaci\u00f3n que en todo caso no ha sido confirmada.<\/p>\n<p>Cabe destacar que Renato Fern\u00e1ndez se desempe\u00f1aba en la oficina San Felipe del Scotiabank, pero resid\u00eda en Los Andes, donde era ampliamente conocido y participaba de diversas organizaciones deportivas y sociales por lo que su deceso ha causado bastante conmoci\u00f3n.<\/p>\n","protected":false},"excerpt":{"rendered":"<p>&nbsp; &nbsp; Su deceso fue constatado en la Cl\u00ednica R\u00edo Blanco, hasta donde fue llevado por su esposa. LOS ANDES.- Consternaci\u00f3n caus\u00f3 la muerte del ejecutivo del banco Scotiabank de San Felipe,&#8230;<\/p>\n","protected":false},"author":482,"featured_media":16480,"comment_status":"open","ping_status":"open","sticky":false,"template":"","format":"standard","meta":{"advanced_seo_description":"","jetpack_seo_html_title":"","jetpack_seo_noindex":false,"_jetpack_memberships_contains_paid_content":false,"footnotes":""},"categories":[21],"tags":[],"class_list":["post-16479","post","type-post","status-publish","format-standard","has-post-thumbnail","hentry","category-policial"],"jetpack_featured_media_url":"https:\/\/i0.wp.com\/eltrabajo.cl\/portal\/wp-content\/uploads\/2012\/04\/occiso-renatofernandez1.jpg?fit=600%2C462&ssl=1","jetpack_sharing_enabled":true,"jetpack_likes_enabled":true,"jetpack-related-posts":[],"_links":{"self":[{"href":"https:\/\/eltrabajo.cl\/portal\/wp-json\/wp\/v2\/posts\/16479","targetHints":{"allow":["GET"]}}],"collection":[{"href":"https:\/\/eltrabajo.cl\/portal\/wp-json\/wp\/v2\/posts"}],"about":[{"href":"https:\/\/eltrabajo.cl\/portal\/wp-json\/wp\/v2\/types\/post"}],"author":[{"embeddable":true,"href":"https:\/\/eltrabajo.cl\/portal\/wp-json\/wp\/v2\/users\/482"}],"replies":[{"embeddable":true,"href":"https:\/\/eltrabajo.cl\/portal\/wp-json\/wp\/v2\/comments?post=16479"}],"version-history":[{"count":0,"href":"https:\/\/eltrabajo.cl\/portal\/wp-json\/wp\/v2\/posts\/16479\/revisions"}],"wp:featuredmedia":[{"embeddable":true,"href":"https:\/\/eltrabajo.cl\/portal\/wp-json\/wp\/v2\/media\/16480"}],"wp:attachment":[{"href":"https:\/\/eltrabajo.cl\/portal\/wp-json\/wp\/v2\/media?parent=16479"}],"wp:term":[{"taxonomy":"category","embeddable":true,"href":"https:\/\/eltrabajo.cl\/portal\/wp-json\/wp\/v2\/categories?post=16479"},{"taxonomy":"post_tag","embeddable":true,"href":"https:\/\/eltrabajo.cl\/portal\/wp-json\/wp\/v2\/tags?post=16479"}],"curies":[{"name":"wp","href":"https:\/\/api.w.org\/{rel}","templated":true}]}}