{"id":16493,"date":"2012-04-12T09:25:46","date_gmt":"2012-04-12T12:25:46","guid":{"rendered":"http:\/\/www.eltrabajo.cl\/portal\/?p=16493"},"modified":"2012-04-12T09:25:46","modified_gmt":"2012-04-12T12:25:46","slug":"entregan-computadores-a-64-estudiantes-beneficiados-con-%e2%80%98yo-elijo-mi-pc%e2%80%99","status":"publish","type":"post","link":"https:\/\/eltrabajo.cl\/portal\/entregan-computadores-a-64-estudiantes-beneficiados-con-%e2%80%98yo-elijo-mi-pc%e2%80%99\/","title":{"rendered":"Entregan computadores a 64 estudiantes beneficiados con \u2018Yo elijo mi PC\u2019"},"content":{"rendered":"<figure id=\"attachment_16494\" aria-describedby=\"caption-attachment-16494\" style=\"width: 600px\" class=\"wp-caption alignnone\"><a href=\"http:\/\/www.eltrabajo.cl\/portal\/2012\/04\/entregan-computadores-a-64-estudiantes-beneficiados-con-%e2%80%98yo-elijo-mi-pc%e2%80%99\/yo-elijo-mi-pc-4\/\" rel=\"attachment wp-att-16494\"><img data-recalc-dims=\"1\" loading=\"lazy\" decoding=\"async\" class=\"size-full wp-image-16494\" title=\"yo elijo mi pc (4)\" src=\"https:\/\/i0.wp.com\/www.eltrabajo.cl\/portal\/wp-content\/uploads\/2012\/04\/yo-elijo-mi-pc-4.jpg?resize=600%2C450\" alt=\"\" width=\"600\" height=\"450\" srcset=\"https:\/\/i0.wp.com\/eltrabajo.cl\/portal\/wp-content\/uploads\/2012\/04\/yo-elijo-mi-pc-4.jpg?w=600&amp;ssl=1 600w, https:\/\/i0.wp.com\/eltrabajo.cl\/portal\/wp-content\/uploads\/2012\/04\/yo-elijo-mi-pc-4.jpg?resize=200%2C150&amp;ssl=1 200w, https:\/\/i0.wp.com\/eltrabajo.cl\/portal\/wp-content\/uploads\/2012\/04\/yo-elijo-mi-pc-4.jpg?resize=300%2C225&amp;ssl=1 300w, https:\/\/i0.wp.com\/eltrabajo.cl\/portal\/wp-content\/uploads\/2012\/04\/yo-elijo-mi-pc-4.jpg?resize=150%2C112&amp;ssl=1 150w, https:\/\/i0.wp.com\/eltrabajo.cl\/portal\/wp-content\/uploads\/2012\/04\/yo-elijo-mi-pc-4.jpg?resize=400%2C300&amp;ssl=1 400w\" sizes=\"auto, (max-width: 600px) 100vw, 600px\" \/><\/a><figcaption id=\"caption-attachment-16494\" class=\"wp-caption-text\">Los beneficiados en su inmensa mayor\u00eda eligieron computadores port\u00e1tiles.<\/figcaption><\/figure>\n<p><strong>PUTAENDO.-<\/strong> En el marco del programa denominado \u2018Yo elijo mi PC\u2019, un total de 64 alumnos de los colegios Alegr\u00eda Catan de Piguch\u00e9n, Paso Hist\u00f3rico de El T\u00e1rtaro, Liceo Rep\u00fablica de Estados Unidos y el colegio cat\u00f3lico Marie Poussepin recibieron sus nuevos y modernos computadores en una ceremonia realizada pasado el mediod\u00eda de este mi\u00e9rcoles en el colegio Gast\u00f3n Hormaz\u00e1bal del sector de Granallas.<\/p>\n<p>El programa \u2018Yo elijo mi PC\u2019 es una iniciativa impulsada por el Gobierno de Chile que busca aumentar los niveles de equidad, disminuir la brecha digital y favorecer a ni\u00f1os en condici\u00f3n de vulnerabilidad que se destacan por sus altas calificaciones escolares, y en estos tres a\u00f1os que el programa ha estado en ejecuci\u00f3n se ha beneficiado a cerca de 150.000 alumnos que este a\u00f1o contempla a los estudiantes que est\u00e9n matriculados en s\u00e9ptimo a\u00f1o b\u00e1sico de los distintos establecimientos y que pertenezcan al 40% m\u00e1s vulnerable de la poblaci\u00f3n.<\/p>\n<figure id=\"attachment_16495\" aria-describedby=\"caption-attachment-16495\" style=\"width: 300px\" class=\"wp-caption alignright\"><a href=\"http:\/\/www.eltrabajo.cl\/portal\/2012\/04\/entregan-computadores-a-64-estudiantes-beneficiados-con-%e2%80%98yo-elijo-mi-pc%e2%80%99\/yo-elijo-mi-pc-2\/\" rel=\"attachment wp-att-16495\"><img data-recalc-dims=\"1\" loading=\"lazy\" decoding=\"async\" class=\"size-medium wp-image-16495\" title=\"yo elijo mi pc (2)\" src=\"https:\/\/i0.wp.com\/www.eltrabajo.cl\/portal\/wp-content\/uploads\/2012\/04\/yo-elijo-mi-pc-2-300x225.jpg?resize=300%2C225\" alt=\"\" width=\"300\" height=\"225\" srcset=\"https:\/\/i0.wp.com\/eltrabajo.cl\/portal\/wp-content\/uploads\/2012\/04\/yo-elijo-mi-pc-2.jpg?resize=300%2C225&amp;ssl=1 300w, https:\/\/i0.wp.com\/eltrabajo.cl\/portal\/wp-content\/uploads\/2012\/04\/yo-elijo-mi-pc-2.jpg?resize=200%2C150&amp;ssl=1 200w, https:\/\/i0.wp.com\/eltrabajo.cl\/portal\/wp-content\/uploads\/2012\/04\/yo-elijo-mi-pc-2.jpg?resize=150%2C112&amp;ssl=1 150w, https:\/\/i0.wp.com\/eltrabajo.cl\/portal\/wp-content\/uploads\/2012\/04\/yo-elijo-mi-pc-2.jpg?resize=400%2C300&amp;ssl=1 400w, https:\/\/i0.wp.com\/eltrabajo.cl\/portal\/wp-content\/uploads\/2012\/04\/yo-elijo-mi-pc-2.jpg?w=600&amp;ssl=1 600w\" sizes=\"auto, (max-width: 300px) 100vw, 300px\" \/><\/a><figcaption id=\"caption-attachment-16495\" class=\"wp-caption-text\">Apoderados y alumnos felices con los nuevos computadores entregados a trav\u00e9s del programa \u2018Yo elijo mi PC\u2019.<\/figcaption><\/figure>\n<p>La mayor\u00eda de los equipos elegidos por los alumnos corresponden a notebook con un a\u00f1o de Internet m\u00f3vil, luego de lo cual el m\u00f3dem quedar\u00e1 como propiedad del estudiante, sumando a ello que todos los equipos vienen con un sistema GPS que en caso de robo, sustracci\u00f3n o extrav\u00edo, permitir\u00e1 ubicarlos r\u00e1pidamente y evitar\u00e1 que puedan ser intervenidos y vendidos.<\/p>\n<p>La ceremonia cont\u00f3 con la presencia de gran cantidad de padres y apoderados que destacaron la importancia de dicho programa, adem\u00e1s de importantes autoridades encabezadas por el Director Regional de la Junaeb, Cristian Vicu\u00f1a; la Gobernadora Patricia Boffa y el Alcalde Guillermo Reyes.<\/p>\n","protected":false},"excerpt":{"rendered":"<p>PUTAENDO.- En el marco del programa denominado \u2018Yo elijo mi PC\u2019, un total de 64 alumnos de los colegios Alegr\u00eda Catan de Piguch\u00e9n, Paso Hist\u00f3rico de El T\u00e1rtaro, Liceo Rep\u00fablica de Estados&#8230;<\/p>\n","protected":false},"author":482,"featured_media":16494,"comment_status":"open","ping_status":"open","sticky":false,"template":"","format":"standard","meta":{"advanced_seo_description":"","jetpack_seo_html_title":"","jetpack_seo_noindex":false,"_jetpack_memberships_contains_paid_content":false,"footnotes":""},"categories":[1],"tags":[],"class_list":["post-16493","post","type-post","status-publish","format-standard","has-post-thumbnail","hentry","category-cronica"],"jetpack_featured_media_url":"https:\/\/i0.wp.com\/eltrabajo.cl\/portal\/wp-content\/uploads\/2012\/04\/yo-elijo-mi-pc-4.jpg?fit=600%2C450&ssl=1","jetpack_sharing_enabled":true,"jetpack_likes_enabled":true,"jetpack-related-posts":[],"_links":{"self":[{"href":"https:\/\/eltrabajo.cl\/portal\/wp-json\/wp\/v2\/posts\/16493","targetHints":{"allow":["GET"]}}],"collection":[{"href":"https:\/\/eltrabajo.cl\/portal\/wp-json\/wp\/v2\/posts"}],"about":[{"href":"https:\/\/eltrabajo.cl\/portal\/wp-json\/wp\/v2\/types\/post"}],"author":[{"embeddable":true,"href":"https:\/\/eltrabajo.cl\/portal\/wp-json\/wp\/v2\/users\/482"}],"replies":[{"embeddable":true,"href":"https:\/\/eltrabajo.cl\/portal\/wp-json\/wp\/v2\/comments?post=16493"}],"version-history":[{"count":0,"href":"https:\/\/eltrabajo.cl\/portal\/wp-json\/wp\/v2\/posts\/16493\/revisions"}],"wp:featuredmedia":[{"embeddable":true,"href":"https:\/\/eltrabajo.cl\/portal\/wp-json\/wp\/v2\/media\/16494"}],"wp:attachment":[{"href":"https:\/\/eltrabajo.cl\/portal\/wp-json\/wp\/v2\/media?parent=16493"}],"wp:term":[{"taxonomy":"category","embeddable":true,"href":"https:\/\/eltrabajo.cl\/portal\/wp-json\/wp\/v2\/categories?post=16493"},{"taxonomy":"post_tag","embeddable":true,"href":"https:\/\/eltrabajo.cl\/portal\/wp-json\/wp\/v2\/tags?post=16493"}],"curies":[{"name":"wp","href":"https:\/\/api.w.org\/{rel}","templated":true}]}}