{"id":16500,"date":"2012-04-12T09:30:41","date_gmt":"2012-04-12T12:30:41","guid":{"rendered":"http:\/\/www.eltrabajo.cl\/portal\/?p=16500"},"modified":"2012-04-12T09:30:41","modified_gmt":"2012-04-12T12:30:41","slug":"cierran-proceso-de-licitacion-para-realizar-auditoria-a-la-daem","status":"publish","type":"post","link":"https:\/\/eltrabajo.cl\/portal\/cierran-proceso-de-licitacion-para-realizar-auditoria-a-la-daem\/","title":{"rendered":"Cierran proceso de licitaci\u00f3n para realizar auditor\u00eda a la Daem"},"content":{"rendered":"<figure id=\"attachment_16501\" aria-describedby=\"caption-attachment-16501\" style=\"width: 300px\" class=\"wp-caption alignleft\"><a href=\"http:\/\/www.eltrabajo.cl\/portal\/2012\/04\/cierran-proceso-de-licitacion-para-realizar-auditoria-a-la-daem\/ricardo-covarrubias-5\/\" rel=\"attachment wp-att-16501\"><img data-recalc-dims=\"1\" loading=\"lazy\" decoding=\"async\" class=\"size-medium wp-image-16501\" title=\"ricardo covarrubias\" src=\"https:\/\/i0.wp.com\/www.eltrabajo.cl\/portal\/wp-content\/uploads\/2012\/04\/ricardo-covarrubias-300x253.jpg?resize=300%2C253\" alt=\"\" width=\"300\" height=\"253\" srcset=\"https:\/\/i0.wp.com\/eltrabajo.cl\/portal\/wp-content\/uploads\/2012\/04\/ricardo-covarrubias.jpg?resize=300%2C253&amp;ssl=1 300w, https:\/\/i0.wp.com\/eltrabajo.cl\/portal\/wp-content\/uploads\/2012\/04\/ricardo-covarrubias.jpg?resize=177%2C150&amp;ssl=1 177w, https:\/\/i0.wp.com\/eltrabajo.cl\/portal\/wp-content\/uploads\/2012\/04\/ricardo-covarrubias.jpg?resize=150%2C126&amp;ssl=1 150w, https:\/\/i0.wp.com\/eltrabajo.cl\/portal\/wp-content\/uploads\/2012\/04\/ricardo-covarrubias.jpg?resize=400%2C338&amp;ssl=1 400w, https:\/\/i0.wp.com\/eltrabajo.cl\/portal\/wp-content\/uploads\/2012\/04\/ricardo-covarrubias.jpg?w=600&amp;ssl=1 600w\" sizes=\"auto, (max-width: 300px) 100vw, 300px\" \/><\/a><figcaption id=\"caption-attachment-16501\" class=\"wp-caption-text\">El concejal Ricardo Covarrubias valor\u00f3 los avances en el proceso, pero record\u00f3 la lentitud con la que, a su juicio, se ha desarrollado.<\/figcaption><\/figure>\n<p>El pasado jueves 5 de abril se cerr\u00f3 el proceso de licitaci\u00f3n para realizar la auditor\u00eda externa a la Direcci\u00f3n de Administraci\u00f3n de la Educaci\u00f3n Munici9pal, (Daem) de San Felipe, llegando al final del proceso dos empresas que cumplieron con las normativas establecidas para realizar el procedimiento.<\/p>\n<p>As\u00ed lo dio a conocer el concejal Ricardo Covarrubias, luego que los ediles fueran informados de esta situaci\u00f3n en la sesi\u00f3n del Concejo Municipal realizada este martes 11.<\/p>\n<p>Seg\u00fan explic\u00f3 el concejal, llegaron hasta el final del proceso tres empresas auditoras, quedando finalmente dos, entre la que saldr\u00e1 la que definitivamente realice la auditor\u00eda.<\/p>\n<p>\u201cAhora estamos a la espera para poder resolver con qu\u00e9 empresa se van a quedar, una de ellas ofrece impulsar una auditor\u00eda por 90 d\u00edas y la otra por 120 d\u00edas. Hay que ver las capacidades administrativas y pol\u00edticas de \u00e9stas para ver de qu\u00e9 manera podemos tener una respuesta inmediata para lo que se viene con respectos de los resultados de la auditor\u00eda\u201d.<\/p>\n<p>El concejal destac\u00f3 los avances que ha presentado este proceso, aunque record\u00f3 la lentitud con que se ha realizado, ya que el edil present\u00f3 la solicitud de auditor\u00eda el 20 de diciembre del a\u00f1o 2011 y reci\u00e9n fue aprobado el 13 de enero de este a\u00f1o.<\/p>\n<p>\u201cEntonces consideraba que hab\u00eda pasado mucho tiempo y creo que de una u otra manera estamos dando los primeros pasos para clarificar todos los aspectos administrativos y econ\u00f3micos de la Daem, por lo cual lo que se solicita es una transparencia para responder a las interrogantes. Ahora viene el proceso de definir con cual de las empresas se va a optar para inmediatamente comenzar a trabajar el proceso de la auditor\u00eda\u201d.<\/p>\n<p>Covarrubias record\u00f3 que la auditor\u00eda se aprob\u00f3 luego que \u00e9l la solicitara al encontrar algunos aspectos poco claros en relaci\u00f3n a los pagos de los profesores de la comuna.<\/p>\n<p>\u201cEsto surgi\u00f3 a ra\u00edz de situaciones que se fueron presentando, cuando profesores se atrevieron a denunciar que se estaban atrasando en el pago de su previsi\u00f3n, sobre la cancelaci\u00f3n a las cajas de compensaciones, esos dos elementos son descuentos de sus propios sueldos, entonces yo encontr\u00e9 medio extra\u00f1o que la gente no tuviera sus cancelaciones en sus respectivos servicios y despu\u00e9s nos dimos cuenta que hab\u00eda retrasos en servicios b\u00e1sicos como suministro de luz el\u00e9ctrica\u201d.<\/p>\n<p>El concejal dijo que desde ahora esperar\u00e1n los resultados, los que espera sean favorables, ya que, seg\u00fan se\u00f1al\u00f3, \u201cser\u00eda lamentable que la direcci\u00f3n de la Daem est\u00e9 involucrada en la situaci\u00f3n de que no haya sabido llevar bien el tema administrativo y pol\u00edtico de la educaci\u00f3n de San Felipe\u201d.<\/p>\n","protected":false},"excerpt":{"rendered":"<p>El pasado jueves 5 de abril se cerr\u00f3 el proceso de licitaci\u00f3n para realizar la auditor\u00eda externa a la Direcci\u00f3n de Administraci\u00f3n de la Educaci\u00f3n Munici9pal, (Daem) de San Felipe, llegando al&#8230;<\/p>\n","protected":false},"author":482,"featured_media":16501,"comment_status":"open","ping_status":"open","sticky":false,"template":"","format":"standard","meta":{"advanced_seo_description":"","jetpack_seo_html_title":"","jetpack_seo_noindex":false,"_jetpack_memberships_contains_paid_content":false,"footnotes":""},"categories":[1],"tags":[],"class_list":["post-16500","post","type-post","status-publish","format-standard","has-post-thumbnail","hentry","category-cronica"],"jetpack_featured_media_url":"https:\/\/i0.wp.com\/eltrabajo.cl\/portal\/wp-content\/uploads\/2012\/04\/ricardo-covarrubias.jpg?fit=600%2C507&ssl=1","jetpack_sharing_enabled":true,"jetpack_likes_enabled":true,"jetpack-related-posts":[],"_links":{"self":[{"href":"https:\/\/eltrabajo.cl\/portal\/wp-json\/wp\/v2\/posts\/16500","targetHints":{"allow":["GET"]}}],"collection":[{"href":"https:\/\/eltrabajo.cl\/portal\/wp-json\/wp\/v2\/posts"}],"about":[{"href":"https:\/\/eltrabajo.cl\/portal\/wp-json\/wp\/v2\/types\/post"}],"author":[{"embeddable":true,"href":"https:\/\/eltrabajo.cl\/portal\/wp-json\/wp\/v2\/users\/482"}],"replies":[{"embeddable":true,"href":"https:\/\/eltrabajo.cl\/portal\/wp-json\/wp\/v2\/comments?post=16500"}],"version-history":[{"count":0,"href":"https:\/\/eltrabajo.cl\/portal\/wp-json\/wp\/v2\/posts\/16500\/revisions"}],"wp:featuredmedia":[{"embeddable":true,"href":"https:\/\/eltrabajo.cl\/portal\/wp-json\/wp\/v2\/media\/16501"}],"wp:attachment":[{"href":"https:\/\/eltrabajo.cl\/portal\/wp-json\/wp\/v2\/media?parent=16500"}],"wp:term":[{"taxonomy":"category","embeddable":true,"href":"https:\/\/eltrabajo.cl\/portal\/wp-json\/wp\/v2\/categories?post=16500"},{"taxonomy":"post_tag","embeddable":true,"href":"https:\/\/eltrabajo.cl\/portal\/wp-json\/wp\/v2\/tags?post=16500"}],"curies":[{"name":"wp","href":"https:\/\/api.w.org\/{rel}","templated":true}]}}