{"id":16504,"date":"2012-04-12T09:34:25","date_gmt":"2012-04-12T12:34:25","guid":{"rendered":"http:\/\/www.eltrabajo.cl\/portal\/?p=16504"},"modified":"2012-04-12T10:08:42","modified_gmt":"2012-04-12T13:08:42","slug":"ninos-de-calle-larga-podran-registrar-explosiones-solares-desde-sus-escuelas","status":"publish","type":"post","link":"https:\/\/eltrabajo.cl\/portal\/ninos-de-calle-larga-podran-registrar-explosiones-solares-desde-sus-escuelas\/","title":{"rendered":"Ni\u00f1os de Calle Larga podr\u00e1n registrar explosiones solares desde sus escuelas"},"content":{"rendered":"<figure id=\"attachment_16505\" aria-describedby=\"caption-attachment-16505\" style=\"width: 600px\" class=\"wp-caption alignnone\"><a href=\"http:\/\/www.eltrabajo.cl\/portal\/2012\/04\/ninos-de-calle-larga-podran-registrar-explosiones-solares-desde-sus-escuelas\/proyecto-astronomia-2\/\" rel=\"attachment wp-att-16505\"><img data-recalc-dims=\"1\" loading=\"lazy\" decoding=\"async\" class=\"size-full wp-image-16505\" title=\"proyecto astronom\u00eda (2)\" src=\"https:\/\/i0.wp.com\/www.eltrabajo.cl\/portal\/wp-content\/uploads\/2012\/04\/proyecto-astronom%C3%ADa-2.jpg?resize=600%2C400\" alt=\"\" width=\"600\" height=\"400\" srcset=\"https:\/\/i0.wp.com\/eltrabajo.cl\/portal\/wp-content\/uploads\/2012\/04\/proyecto-astronom%C3%ADa-2.jpg?w=600&amp;ssl=1 600w, https:\/\/i0.wp.com\/eltrabajo.cl\/portal\/wp-content\/uploads\/2012\/04\/proyecto-astronom%C3%ADa-2.jpg?resize=200%2C133&amp;ssl=1 200w, https:\/\/i0.wp.com\/eltrabajo.cl\/portal\/wp-content\/uploads\/2012\/04\/proyecto-astronom%C3%ADa-2.jpg?resize=300%2C200&amp;ssl=1 300w, https:\/\/i0.wp.com\/eltrabajo.cl\/portal\/wp-content\/uploads\/2012\/04\/proyecto-astronom%C3%ADa-2.jpg?resize=150%2C100&amp;ssl=1 150w, https:\/\/i0.wp.com\/eltrabajo.cl\/portal\/wp-content\/uploads\/2012\/04\/proyecto-astronom%C3%ADa-2.jpg?resize=400%2C266&amp;ssl=1 400w\" sizes=\"auto, (max-width: 600px) 100vw, 600px\" \/><\/a><figcaption id=\"caption-attachment-16505\" class=\"wp-caption-text\">El Observatorio Pocuro trabajar\u00e1 durante un mes en todas las escuelas municipalizadas de Calle Larga, beneficiando a alumnos de pre-kinder a cuarto medio.<\/figcaption><\/figure>\n<ul>\n<li><strong>Proyecto \u2018Mira el Cielo no el Suelo\u2019, desarrollado por el Observatorio Pocuro en conjunto con la municipalidad, permitir\u00e1 a los ni\u00f1os interiorizarse en el estudio del Universo.<\/strong><\/li>\n<\/ul>\n<p><strong>CALLE LARGA.-<\/strong> Entregar conocimientos de astronom\u00eda, origen del Universo, uso de telescopios, entre otras disciplinas, es el objetivo del proyecto \u2018Mira el Cielo No el Suelo\u2019, que el Observatorio Pocuro en conjunto con la Municipalidad de Calle Larga, se encuentran desarrollando en las escuelas municipalizadas de la comuna.<\/p>\n<p>A trav\u00e9s de este proyecto se beneficiar\u00e1 a los alumnos de pre-kinder hasta octavo b\u00e1sico y de primero a cuarto medio, quienes podr\u00e1n registrar el Sol en su m\u00e1ximo, observando las manchas solares, explosiones y utilizando la antena de radioastronom\u00eda que tiene la Universidad de Valpara\u00edso. Adem\u00e1s se instalar\u00e1 el planetario m\u00f3vil.<\/p>\n<figure id=\"attachment_16506\" aria-describedby=\"caption-attachment-16506\" style=\"width: 300px\" class=\"wp-caption alignright\"><a href=\"http:\/\/www.eltrabajo.cl\/portal\/2012\/04\/ninos-de-calle-larga-podran-registrar-explosiones-solares-desde-sus-escuelas\/proyecto-astronomia-3\/\" rel=\"attachment wp-att-16506\"><img data-recalc-dims=\"1\" loading=\"lazy\" decoding=\"async\" class=\"size-medium wp-image-16506\" title=\"proyecto astronom\u00eda (3)\" src=\"https:\/\/i0.wp.com\/www.eltrabajo.cl\/portal\/wp-content\/uploads\/2012\/04\/proyecto-astronom%C3%ADa-3-300x200.jpg?resize=300%2C200\" alt=\"\" width=\"300\" height=\"200\" srcset=\"https:\/\/i0.wp.com\/eltrabajo.cl\/portal\/wp-content\/uploads\/2012\/04\/proyecto-astronom%C3%ADa-3.jpg?resize=300%2C200&amp;ssl=1 300w, https:\/\/i0.wp.com\/eltrabajo.cl\/portal\/wp-content\/uploads\/2012\/04\/proyecto-astronom%C3%ADa-3.jpg?resize=200%2C133&amp;ssl=1 200w, https:\/\/i0.wp.com\/eltrabajo.cl\/portal\/wp-content\/uploads\/2012\/04\/proyecto-astronom%C3%ADa-3.jpg?resize=150%2C100&amp;ssl=1 150w, https:\/\/i0.wp.com\/eltrabajo.cl\/portal\/wp-content\/uploads\/2012\/04\/proyecto-astronom%C3%ADa-3.jpg?resize=400%2C266&amp;ssl=1 400w, https:\/\/i0.wp.com\/eltrabajo.cl\/portal\/wp-content\/uploads\/2012\/04\/proyecto-astronom%C3%ADa-3.jpg?w=600&amp;ssl=1 600w\" sizes=\"auto, (max-width: 300px) 100vw, 300px\" \/><\/a><figcaption id=\"caption-attachment-16506\" class=\"wp-caption-text\">Alumnos de las escuelas municipalizadas de Calle Larga tendr\u00e1n la oportunidad \u00fanica de observar las manchas solares y explosiones durante este m\u00e1ximo solar.<\/figcaption><\/figure>\n<p>\u201cEste es un plan novedoso, en ning\u00fan otro lugar lo est\u00e1n ejerciendo, aparte estos son alumnos muy vulnerables y es una oportunidad \u00fanica para ellos, ya no van a hablar s\u00f3lo de las tres Mar\u00edas, sino que tambi\u00e9n de las constelaciones\u201d, sostuvo el alcalde Nelson Venegas.<\/p>\n<p>Por su parte, Yerko Chac\u00f3n, encargado del Observatorio Pocuro, destac\u00f3 lo innovador del proyecto: \u201cCon este proyecto queremos apoyar el proyecto que realiza la Universidad de Valpara\u00edso en el observatorio, quienes trabajan con radioastronom\u00eda, adem\u00e1s se persigue la investigaci\u00f3n y la apropiaci\u00f3n de los m\u00e9todos cient\u00edficos para poder descubrir ojal\u00e1 la explosi\u00f3n m\u00e1s grande que podamos tener en este m\u00e1ximo solar\u201d, agreg\u00f3 Yerko Chac\u00f3n.<\/p>\n<p>Para desarrollar este trabajo el Observatorio Pocuro trabajar\u00e1 durante un mes en todas las escuelas municipalizadas de la comuna. Posteriormente las observaciones realizadas por los estudiantes permitir\u00e1n realizar un congreso escolar en el mes de noviembre, en el que participar\u00e1n todos los alumnos involucrados en el proyecto.<\/p>\n","protected":false},"excerpt":{"rendered":"<p>Proyecto \u2018Mira el Cielo no el Suelo\u2019, desarrollado por el Observatorio Pocuro en conjunto con la municipalidad, permitir\u00e1 a los ni\u00f1os interiorizarse en el estudio del Universo. CALLE LARGA.- Entregar conocimientos de&#8230;<\/p>\n","protected":false},"author":482,"featured_media":16505,"comment_status":"open","ping_status":"open","sticky":false,"template":"","format":"standard","meta":{"advanced_seo_description":"","jetpack_seo_html_title":"","jetpack_seo_noindex":false,"_jetpack_memberships_contains_paid_content":false,"footnotes":""},"categories":[17],"tags":[],"class_list":["post-16504","post","type-post","status-publish","format-standard","has-post-thumbnail","hentry","category-educacion"],"jetpack_featured_media_url":"https:\/\/i0.wp.com\/eltrabajo.cl\/portal\/wp-content\/uploads\/2012\/04\/proyecto-astronom%C3%ADa-2.jpg?fit=600%2C400&ssl=1","jetpack_sharing_enabled":true,"jetpack_likes_enabled":true,"jetpack-related-posts":[],"_links":{"self":[{"href":"https:\/\/eltrabajo.cl\/portal\/wp-json\/wp\/v2\/posts\/16504","targetHints":{"allow":["GET"]}}],"collection":[{"href":"https:\/\/eltrabajo.cl\/portal\/wp-json\/wp\/v2\/posts"}],"about":[{"href":"https:\/\/eltrabajo.cl\/portal\/wp-json\/wp\/v2\/types\/post"}],"author":[{"embeddable":true,"href":"https:\/\/eltrabajo.cl\/portal\/wp-json\/wp\/v2\/users\/482"}],"replies":[{"embeddable":true,"href":"https:\/\/eltrabajo.cl\/portal\/wp-json\/wp\/v2\/comments?post=16504"}],"version-history":[{"count":0,"href":"https:\/\/eltrabajo.cl\/portal\/wp-json\/wp\/v2\/posts\/16504\/revisions"}],"wp:featuredmedia":[{"embeddable":true,"href":"https:\/\/eltrabajo.cl\/portal\/wp-json\/wp\/v2\/media\/16505"}],"wp:attachment":[{"href":"https:\/\/eltrabajo.cl\/portal\/wp-json\/wp\/v2\/media?parent=16504"}],"wp:term":[{"taxonomy":"category","embeddable":true,"href":"https:\/\/eltrabajo.cl\/portal\/wp-json\/wp\/v2\/categories?post=16504"},{"taxonomy":"post_tag","embeddable":true,"href":"https:\/\/eltrabajo.cl\/portal\/wp-json\/wp\/v2\/tags?post=16504"}],"curies":[{"name":"wp","href":"https:\/\/api.w.org\/{rel}","templated":true}]}}