{"id":16516,"date":"2012-04-12T09:45:40","date_gmt":"2012-04-12T12:45:40","guid":{"rendered":"http:\/\/www.eltrabajo.cl\/portal\/?p=16516"},"modified":"2012-04-12T09:45:40","modified_gmt":"2012-04-12T12:45:40","slug":"este-viernes-en-bucalemu-celebran-dia-nacional-de-la-educacion-rural","status":"publish","type":"post","link":"https:\/\/eltrabajo.cl\/portal\/este-viernes-en-bucalemu-celebran-dia-nacional-de-la-educacion-rural\/","title":{"rendered":"Este viernes en Bucalemu celebran D\u00eda Nacional de la Educaci\u00f3n Rural"},"content":{"rendered":"<figure id=\"attachment_16517\" aria-describedby=\"caption-attachment-16517\" style=\"width: 600px\" class=\"wp-caption alignnone\"><a href=\"http:\/\/www.eltrabajo.cl\/portal\/2012\/04\/este-viernes-en-bucalemu-celebran-dia-nacional-de-la-educacion-rural\/dia-de-la-educacion-rural-1\/\" rel=\"attachment wp-att-16517\"><img data-recalc-dims=\"1\" loading=\"lazy\" decoding=\"async\" class=\"size-full wp-image-16517\" title=\"dia de la educacion rural (1)\" src=\"https:\/\/i0.wp.com\/www.eltrabajo.cl\/portal\/wp-content\/uploads\/2012\/04\/dia-de-la-educacion-rural-1.jpg?resize=600%2C450\" alt=\"\" width=\"600\" height=\"450\" srcset=\"https:\/\/i0.wp.com\/eltrabajo.cl\/portal\/wp-content\/uploads\/2012\/04\/dia-de-la-educacion-rural-1.jpg?w=600&amp;ssl=1 600w, https:\/\/i0.wp.com\/eltrabajo.cl\/portal\/wp-content\/uploads\/2012\/04\/dia-de-la-educacion-rural-1.jpg?resize=200%2C150&amp;ssl=1 200w, https:\/\/i0.wp.com\/eltrabajo.cl\/portal\/wp-content\/uploads\/2012\/04\/dia-de-la-educacion-rural-1.jpg?resize=300%2C225&amp;ssl=1 300w, https:\/\/i0.wp.com\/eltrabajo.cl\/portal\/wp-content\/uploads\/2012\/04\/dia-de-la-educacion-rural-1.jpg?resize=150%2C112&amp;ssl=1 150w, https:\/\/i0.wp.com\/eltrabajo.cl\/portal\/wp-content\/uploads\/2012\/04\/dia-de-la-educacion-rural-1.jpg?resize=400%2C300&amp;ssl=1 400w\" sizes=\"auto, (max-width: 600px) 100vw, 600px\" \/><\/a><figcaption id=\"caption-attachment-16517\" class=\"wp-caption-text\">Este viernes se celebra el D\u00eda de la Educaci\u00f3n Rural, con una ceremonia que se realizar\u00e1 en la escuela Bucalemu.<\/figcaption><\/figure>\n<p>Desde el d\u00eda 1998 se celebra en el pa\u00eds el d\u00eda Nacional de la Educaci\u00f3n Rural, que tiene como principal prop\u00f3sito destacar el aporte que hace el profesor en una escuela rural en el pa\u00eds.<\/p>\n<p>La fecha coincide adem\u00e1s con el natalicio de Gabriela Mistral, tambi\u00e9n maestra rural, por ello es una efem\u00e9ride en todas las localidades y escuelas rurales del pa\u00eds.<\/p>\n<p>La primera celebraci\u00f3n se hizo en San Felipe, en la escuela Carolina Ocampo en el sector de Bellavista, y este a\u00f1o se va a celebrar el d\u00eda nacional de la Educaci\u00f3n Rural con una ceremonia oficial que se va a realizar este viernes en la escuela Bucalemu en la comuna de San Felipe.<\/p>\n<p>Actualmente existen 4 mil 143 escuelas rurales en el pa\u00eds, de las 9 mil escuelas b\u00e1sicas que existen a nivel nacional. Hay 20 mil profesores en esas escuelas, con una matr\u00edcula que supera los 250 mil estudiantes.<\/p>\n<p>Estas escuelas est\u00e1n presentes en todo el territorio nacional, incluso en los m\u00e1s aislados, ya que el objetivo es que los ni\u00f1os que atienden tengan una mejor oportunidad para su vida.<\/p>\n<p>Para destacar esta realidad, este viernes se conmemorar\u00e1 el d\u00eda, instancia donde se recordar\u00e1 el aporte que hace el profesor rural, adem\u00e1s de celebrar los 22 a\u00f1os de existencia de la agrupaci\u00f3n Nacional de Profesores Rurales de Chile y los 15 a\u00f1os de existencia de la carrera de Educaci\u00f3n B\u00e1sica con menci\u00f3n en Educaci\u00f3n Rural y Desarrollo, que se imparte en la Universidad de Playa Ancha, sede San Felipe.<\/p>\n<p>\u201c\u00danica carrera en Chile que se dedica a formar profesores para escuelas rurales, retomando la vieja tradici\u00f3n chilena de las seis escuelas normales rurales que formaban profesores para escuelas rurales\u201d, se\u00f1al\u00f3 Carlos Moreno, de dicha casa universitaria.<\/p>\n<p>Actualmente la Universidad de Playa Ancha cuenta con alrededor de 200 alumnos, un n\u00famero que se ha mantenido con el paso de los a\u00f1os, ingresando todos los a\u00f1os una cantidad aproximada de 34 j\u00f3venes, los que tienen la vocaci\u00f3n de profesor rural, y quienes adem\u00e1s realizan sus pr\u00e1cticas intensivas en el mundo rural.<\/p>\n<p>\u201cNo se trata de una pedagog\u00eda de cuatro paredes, aprovecha muy bien el medioambiente, pero especialmente la idiosincrasia que tiene el alumno rural que es muy distinta al alumno urbano\u201d, sostuvo Fernando Leiva, jefe de carrera de Pedagog\u00eda en Educaci\u00f3n Rural.<\/p>\n<p>Respecto de los resultados a nivel nacional, estas escuelas tambi\u00e9n entregan efectos positivos, ya que en el Simce del 2010 un 67% de los alumnos rurales que dieron la prueba en la regi\u00f3n, lograron los niveles de avanzados e intermedios, lo que implica que estos ni\u00f1os tienen las condiciones como para poder seguir sus estudios y tienen los logros acad\u00e9micos.<\/p>\n","protected":false},"excerpt":{"rendered":"<p>Desde el d\u00eda 1998 se celebra en el pa\u00eds el d\u00eda Nacional de la Educaci\u00f3n Rural, que tiene como principal prop\u00f3sito destacar el aporte que hace el profesor en una escuela rural&#8230;<\/p>\n","protected":false},"author":482,"featured_media":16517,"comment_status":"open","ping_status":"open","sticky":false,"template":"","format":"standard","meta":{"advanced_seo_description":"","jetpack_seo_html_title":"","jetpack_seo_noindex":false,"_jetpack_memberships_contains_paid_content":false,"footnotes":""},"categories":[17],"tags":[],"class_list":["post-16516","post","type-post","status-publish","format-standard","has-post-thumbnail","hentry","category-educacion"],"jetpack_featured_media_url":"https:\/\/i0.wp.com\/eltrabajo.cl\/portal\/wp-content\/uploads\/2012\/04\/dia-de-la-educacion-rural-1.jpg?fit=600%2C450&ssl=1","jetpack_sharing_enabled":true,"jetpack_likes_enabled":true,"jetpack-related-posts":[],"_links":{"self":[{"href":"https:\/\/eltrabajo.cl\/portal\/wp-json\/wp\/v2\/posts\/16516","targetHints":{"allow":["GET"]}}],"collection":[{"href":"https:\/\/eltrabajo.cl\/portal\/wp-json\/wp\/v2\/posts"}],"about":[{"href":"https:\/\/eltrabajo.cl\/portal\/wp-json\/wp\/v2\/types\/post"}],"author":[{"embeddable":true,"href":"https:\/\/eltrabajo.cl\/portal\/wp-json\/wp\/v2\/users\/482"}],"replies":[{"embeddable":true,"href":"https:\/\/eltrabajo.cl\/portal\/wp-json\/wp\/v2\/comments?post=16516"}],"version-history":[{"count":0,"href":"https:\/\/eltrabajo.cl\/portal\/wp-json\/wp\/v2\/posts\/16516\/revisions"}],"wp:featuredmedia":[{"embeddable":true,"href":"https:\/\/eltrabajo.cl\/portal\/wp-json\/wp\/v2\/media\/16517"}],"wp:attachment":[{"href":"https:\/\/eltrabajo.cl\/portal\/wp-json\/wp\/v2\/media?parent=16516"}],"wp:term":[{"taxonomy":"category","embeddable":true,"href":"https:\/\/eltrabajo.cl\/portal\/wp-json\/wp\/v2\/categories?post=16516"},{"taxonomy":"post_tag","embeddable":true,"href":"https:\/\/eltrabajo.cl\/portal\/wp-json\/wp\/v2\/tags?post=16516"}],"curies":[{"name":"wp","href":"https:\/\/api.w.org\/{rel}","templated":true}]}}