{"id":16520,"date":"2012-04-12T09:51:11","date_gmt":"2012-04-12T12:51:11","guid":{"rendered":"http:\/\/www.eltrabajo.cl\/portal\/?p=16520"},"modified":"2012-04-12T09:51:11","modified_gmt":"2012-04-12T12:51:11","slug":"celebran-sexto-aniversario-de-cambio-de-nombre-a-escuela-de-las-cabras","status":"publish","type":"post","link":"https:\/\/eltrabajo.cl\/portal\/celebran-sexto-aniversario-de-cambio-de-nombre-a-escuela-de-las-cabras\/","title":{"rendered":"Celebran sexto aniversario de cambio de nombre a Escuela de Las Cabras"},"content":{"rendered":"<figure id=\"attachment_16521\" aria-describedby=\"caption-attachment-16521\" style=\"width: 600px\" class=\"wp-caption alignnone\"><a href=\"http:\/\/www.eltrabajo.cl\/portal\/2012\/04\/celebran-sexto-aniversario-de-cambio-de-nombre-a-escuela-de-las-cabras\/asistentes-445\/\" rel=\"attachment wp-att-16521\"><img data-recalc-dims=\"1\" loading=\"lazy\" decoding=\"async\" class=\"size-full wp-image-16521\" title=\"asistentes 445\" src=\"https:\/\/i0.wp.com\/www.eltrabajo.cl\/portal\/wp-content\/uploads\/2012\/04\/asistentes-445.jpg?resize=600%2C450\" alt=\"\" width=\"600\" height=\"450\" srcset=\"https:\/\/i0.wp.com\/eltrabajo.cl\/portal\/wp-content\/uploads\/2012\/04\/asistentes-445.jpg?w=600&amp;ssl=1 600w, https:\/\/i0.wp.com\/eltrabajo.cl\/portal\/wp-content\/uploads\/2012\/04\/asistentes-445.jpg?resize=200%2C150&amp;ssl=1 200w, https:\/\/i0.wp.com\/eltrabajo.cl\/portal\/wp-content\/uploads\/2012\/04\/asistentes-445.jpg?resize=300%2C225&amp;ssl=1 300w, https:\/\/i0.wp.com\/eltrabajo.cl\/portal\/wp-content\/uploads\/2012\/04\/asistentes-445.jpg?resize=150%2C112&amp;ssl=1 150w, https:\/\/i0.wp.com\/eltrabajo.cl\/portal\/wp-content\/uploads\/2012\/04\/asistentes-445.jpg?resize=400%2C300&amp;ssl=1 400w\" sizes=\"auto, (max-width: 600px) 100vw, 600px\" \/><\/a><figcaption id=\"caption-attachment-16521\" class=\"wp-caption-text\">Ra\u00fal Bocaz Norambuena, actual Director de la escuela, junto a los docentes Hugo Le\u00f3n Sep\u00falveda (esposo de la desaparecida educadora), Juvenal Rivera Le\u00f3n y Germ\u00e1n Mu\u00f1oz, adem\u00e1s del Alcalde Claudio Zurita Ibarra y la Concejal Marisol Ponce.<\/figcaption><\/figure>\n<p><strong>SANTA MAR\u00cdA.-<\/strong> Con una solemne eucarist\u00eda celebrada por el P\u00e1rroco Richard Mu\u00f1oz y con gran asistencia de padres y apoderados se celebr\u00f3 un nuevo aniversario de este homenaje en que se cambi\u00f3 el nombre de la Escuela de Las Cabras en Santa Mar\u00eda por el de la educadora y ex Directora, \u2018Aurora Velasco P\u00e9rez\u2019.<\/p>\n<p>La actividad cont\u00f3 con la presencia del Alcalde Claudio Zurita Ibarra, la Concejal Marisol Ponce, el Docente y ex Director de la unidad educativa, Juvenal Rivera Le\u00f3n; el Docente Hugo Le\u00f3n Sep\u00falveda (esposo de la Sra. Aurora Velasco Q.E.P.D.) y otros importantes invitados.<\/p>\n<figure id=\"attachment_16522\" aria-describedby=\"caption-attachment-16522\" style=\"width: 300px\" class=\"wp-caption alignright\"><a href=\"http:\/\/www.eltrabajo.cl\/portal\/2012\/04\/celebran-sexto-aniversario-de-cambio-de-nombre-a-escuela-de-las-cabras\/cura-richard-munoz\/\" rel=\"attachment wp-att-16522\"><img data-recalc-dims=\"1\" loading=\"lazy\" decoding=\"async\" class=\"size-medium wp-image-16522\" title=\"cura richard munoz\" src=\"https:\/\/i0.wp.com\/www.eltrabajo.cl\/portal\/wp-content\/uploads\/2012\/04\/cura-richard-munoz-300x228.jpg?resize=300%2C228\" alt=\"\" width=\"300\" height=\"228\" srcset=\"https:\/\/i0.wp.com\/eltrabajo.cl\/portal\/wp-content\/uploads\/2012\/04\/cura-richard-munoz.jpg?resize=300%2C228&amp;ssl=1 300w, https:\/\/i0.wp.com\/eltrabajo.cl\/portal\/wp-content\/uploads\/2012\/04\/cura-richard-munoz.jpg?resize=196%2C150&amp;ssl=1 196w, https:\/\/i0.wp.com\/eltrabajo.cl\/portal\/wp-content\/uploads\/2012\/04\/cura-richard-munoz.jpg?resize=150%2C114&amp;ssl=1 150w, https:\/\/i0.wp.com\/eltrabajo.cl\/portal\/wp-content\/uploads\/2012\/04\/cura-richard-munoz.jpg?resize=400%2C304&amp;ssl=1 400w, https:\/\/i0.wp.com\/eltrabajo.cl\/portal\/wp-content\/uploads\/2012\/04\/cura-richard-munoz.jpg?w=600&amp;ssl=1 600w\" sizes=\"auto, (max-width: 300px) 100vw, 300px\" \/><\/a><figcaption id=\"caption-attachment-16522\" class=\"wp-caption-text\">El Sacerdote Richard Mu\u00f1oz, P\u00e1rroco Inmaculada Concepci\u00f3n de Santa Mar\u00eda, ofici\u00f3 la solemne eucarist\u00eda con que se record\u00f3 a la educadora Aurora Velasco P\u00e9rez.<\/figcaption><\/figure>\n<p>En su intervenci\u00f3n el actual Director de la Escuela, Ra\u00fal Bocaz Norambuena, expres\u00f3 en sentidas palabras la gratitud de toda una comunidad por el amor y dedicaci\u00f3n que entreg\u00f3 esta recordada docente hacia los ni\u00f1os y ni\u00f1as del sector: \u201cM\u00e1s que una educadora, Aurora Velasco se transforma en una consejera y orientadora de quienes habitan este lugar, su compromiso con el pr\u00f3jimo la lleva a participar activamente en la vida tanto espiritual como material de muchas familias. Ya han transcurrido 17 a\u00f1os de su partida y su esp\u00edritu a\u00fan vive en nuestra comunidad, en virtud que constituye un verdadero ejemplo de entrega y abnegaci\u00f3n\u201d, concluy\u00f3 el docente.<\/p>\n<p>Por su parte el Alcalde Claudio Zurita manifest\u00f3 que este reconocimiento demuestra \u201clo important\u00edsima que es la labor del docente en una sociedad, cuya huella muchas veces trasciende las aulas de clases y llega inclusive a formar parte de la vida y necesidades de las familias. Cuando el profesor se entrega a su labor formadora con cari\u00f1o, dedicaci\u00f3n y sacrificio, tarde o temprano este acto retorna con merecidos reconocimientos, como es el caso de este homenaje a esta querida y recordada mujer que los vecinos del sector tuvieron la dicha de conocer\u201d.<\/p>\n","protected":false},"excerpt":{"rendered":"<p>SANTA MAR\u00cdA.- Con una solemne eucarist\u00eda celebrada por el P\u00e1rroco Richard Mu\u00f1oz y con gran asistencia de padres y apoderados se celebr\u00f3 un nuevo aniversario de este homenaje en que se cambi\u00f3&#8230;<\/p>\n","protected":false},"author":482,"featured_media":16521,"comment_status":"open","ping_status":"open","sticky":false,"template":"","format":"standard","meta":{"advanced_seo_description":"","jetpack_seo_html_title":"","jetpack_seo_noindex":false,"_jetpack_memberships_contains_paid_content":false,"footnotes":""},"categories":[15],"tags":[],"class_list":["post-16520","post","type-post","status-publish","format-standard","has-post-thumbnail","hentry","category-comunidad"],"jetpack_featured_media_url":"https:\/\/i0.wp.com\/eltrabajo.cl\/portal\/wp-content\/uploads\/2012\/04\/asistentes-445.jpg?fit=600%2C450&ssl=1","jetpack_sharing_enabled":true,"jetpack_likes_enabled":true,"jetpack-related-posts":[],"_links":{"self":[{"href":"https:\/\/eltrabajo.cl\/portal\/wp-json\/wp\/v2\/posts\/16520","targetHints":{"allow":["GET"]}}],"collection":[{"href":"https:\/\/eltrabajo.cl\/portal\/wp-json\/wp\/v2\/posts"}],"about":[{"href":"https:\/\/eltrabajo.cl\/portal\/wp-json\/wp\/v2\/types\/post"}],"author":[{"embeddable":true,"href":"https:\/\/eltrabajo.cl\/portal\/wp-json\/wp\/v2\/users\/482"}],"replies":[{"embeddable":true,"href":"https:\/\/eltrabajo.cl\/portal\/wp-json\/wp\/v2\/comments?post=16520"}],"version-history":[{"count":0,"href":"https:\/\/eltrabajo.cl\/portal\/wp-json\/wp\/v2\/posts\/16520\/revisions"}],"wp:featuredmedia":[{"embeddable":true,"href":"https:\/\/eltrabajo.cl\/portal\/wp-json\/wp\/v2\/media\/16521"}],"wp:attachment":[{"href":"https:\/\/eltrabajo.cl\/portal\/wp-json\/wp\/v2\/media?parent=16520"}],"wp:term":[{"taxonomy":"category","embeddable":true,"href":"https:\/\/eltrabajo.cl\/portal\/wp-json\/wp\/v2\/categories?post=16520"},{"taxonomy":"post_tag","embeddable":true,"href":"https:\/\/eltrabajo.cl\/portal\/wp-json\/wp\/v2\/tags?post=16520"}],"curies":[{"name":"wp","href":"https:\/\/api.w.org\/{rel}","templated":true}]}}