{"id":16528,"date":"2012-04-12T09:54:17","date_gmt":"2012-04-12T12:54:17","guid":{"rendered":"http:\/\/www.eltrabajo.cl\/portal\/?p=16528"},"modified":"2012-04-12T09:54:17","modified_gmt":"2012-04-12T12:54:17","slug":"unco-de-vecinos-exige-a-esval-solucion-rapida-y-pronta-para-vecinos","status":"publish","type":"post","link":"https:\/\/eltrabajo.cl\/portal\/unco-de-vecinos-exige-a-esval-solucion-rapida-y-pronta-para-vecinos\/","title":{"rendered":"Unco de vecinos exige a Esval soluci\u00f3n r\u00e1pida y pronta para vecinos"},"content":{"rendered":"<figure id=\"attachment_16529\" aria-describedby=\"caption-attachment-16529\" style=\"width: 600px\" class=\"wp-caption alignnone\"><a href=\"http:\/\/www.eltrabajo.cl\/portal\/2012\/04\/unco-de-vecinos-exige-a-esval-solucion-rapida-y-pronta-para-vecinos\/reunion-esval-union-comunal\/\" rel=\"attachment wp-att-16529\"><img data-recalc-dims=\"1\" loading=\"lazy\" decoding=\"async\" class=\"size-full wp-image-16529\" title=\"REUNION ESVAL UNION COMUNAL\" src=\"https:\/\/i0.wp.com\/www.eltrabajo.cl\/portal\/wp-content\/uploads\/2012\/04\/REUNION-ESVAL-UNION-COMUNAL.jpg?resize=600%2C450\" alt=\"\" width=\"600\" height=\"450\" srcset=\"https:\/\/i0.wp.com\/eltrabajo.cl\/portal\/wp-content\/uploads\/2012\/04\/REUNION-ESVAL-UNION-COMUNAL.jpg?w=600&amp;ssl=1 600w, https:\/\/i0.wp.com\/eltrabajo.cl\/portal\/wp-content\/uploads\/2012\/04\/REUNION-ESVAL-UNION-COMUNAL.jpg?resize=200%2C150&amp;ssl=1 200w, https:\/\/i0.wp.com\/eltrabajo.cl\/portal\/wp-content\/uploads\/2012\/04\/REUNION-ESVAL-UNION-COMUNAL.jpg?resize=300%2C225&amp;ssl=1 300w, https:\/\/i0.wp.com\/eltrabajo.cl\/portal\/wp-content\/uploads\/2012\/04\/REUNION-ESVAL-UNION-COMUNAL.jpg?resize=150%2C112&amp;ssl=1 150w, https:\/\/i0.wp.com\/eltrabajo.cl\/portal\/wp-content\/uploads\/2012\/04\/REUNION-ESVAL-UNION-COMUNAL.jpg?resize=400%2C300&amp;ssl=1 400w\" sizes=\"auto, (max-width: 600px) 100vw, 600px\" \/><\/a><figcaption id=\"caption-attachment-16529\" class=\"wp-caption-text\">Dirigentes de la Unco de vecinos \u2018Valle de Putaendo\u2019 y la JJ.VV. \u2018Putaendo Urbano\u2019 se reunieron con representantes de Esval para abordar los graves problemas con el servicio que est\u00e1 prestando la sanitaria en la comuna.<\/figcaption><\/figure>\n<p><strong>PUTAENDO.-<\/strong> La Uni\u00f3n Comunal de Juntas de Vecinos \u2018Valle de Putaendo\u2019 y la junta de vecinos de Putaendo Urbano se reunieron la ma\u00f1ana de este mi\u00e9rcoles con representantes de la empresa Esval, a quienes exigieron dar soluci\u00f3n r\u00e1pida y efectiva a un sin n\u00famero de inconvenientes que afectan a varios vecinos de la comuna.<\/p>\n<p>La reuni\u00f3n efectuada en el centro comunitario cont\u00f3 con la presencia de personeros de Esval presididos por Alejandro Romero en representaci\u00f3n del Gerente Zonal Hern\u00e1n Berr\u00edos, mientras que Claudio Tapia, presidente de la Unco \u2018Valle de Putaendo\u2019, se hizo acompa\u00f1ar por la presidenta de \u2018Putaendo Urbano\u2019, contando adem\u00e1s con la asistencia del director de obras del municipio de Putaendo.<\/p>\n<p>Los dirigentes hicieron un crudo an\u00e1lisis de las situaciones que est\u00e1n afectando a vecinos en distintos puntos de la comuna, como la falta de agua y presi\u00f3n en los sectores bajos y los malos olores que persisten en la calle Chacabuco, solicitando a la empresa Esval que las soluciones para estos problemas se realicen lo m\u00e1s r\u00e1pidamente posible a fin de mejorar la calidad de vida de los vecinos que hoy son los m\u00e1s afectados con la falta de presi\u00f3n, los continuos cortes de agua y los insoportables olores que hay en un amplio sector de la calle Chacabuco.<\/p>\n<p>Claudio Tapia dijo que la reuni\u00f3n hab\u00eda sido provechosa y que su organizaci\u00f3n junto con la junta de vecinos hab\u00edan invitado a las autoridades de Esval, entendiendo que es importante que la empresa tambi\u00e9n conozca la opini\u00f3n de la comunidad a trav\u00e9s de sus dirigentes, mostr\u00e1ndose esperanzados en que tanto \u00e9sta como las pr\u00f3ximas reuniones puedan surgir efectos que beneficien a los usuarios que en este momento est\u00e1n recibiendo un mal servicio por parte de la empresa Esval.<\/p>\n<p>En tanto, Alejandro Romero dijo que Esval est\u00e1 trabajando con especial dedicaci\u00f3n en solucionar los problemas planteados por los dirigentes, agregando adem\u00e1s que ya se ha iniciado un completo plan de monitoreo, evaluaci\u00f3n y clasificaci\u00f3n del diagn\u00f3stico real de los sectores afectados, para en base a lo anterior definir los cursos de acci\u00f3n, adelantando que hay trabajos que se comenzar\u00e1n a desarrollar en el corto plazo y que aproximadamente dentro de tres o cuatro meses m\u00e1s, dependiendo de la envergadura de los mismos trabajos, se podr\u00edan tener solucionados los problemas que afectan a los clientes de dicha empresa.<\/p>\n<p><strong>Patricio Gallardo M.<\/strong><\/p>\n","protected":false},"excerpt":{"rendered":"<p>PUTAENDO.- La Uni\u00f3n Comunal de Juntas de Vecinos \u2018Valle de Putaendo\u2019 y la junta de vecinos de Putaendo Urbano se reunieron la ma\u00f1ana de este mi\u00e9rcoles con representantes de la empresa Esval,&#8230;<\/p>\n","protected":false},"author":482,"featured_media":16529,"comment_status":"open","ping_status":"open","sticky":false,"template":"","format":"standard","meta":{"advanced_seo_description":"","jetpack_seo_html_title":"","jetpack_seo_noindex":false,"_jetpack_memberships_contains_paid_content":false,"footnotes":""},"categories":[15],"tags":[],"class_list":["post-16528","post","type-post","status-publish","format-standard","has-post-thumbnail","hentry","category-comunidad"],"jetpack_featured_media_url":"https:\/\/i0.wp.com\/eltrabajo.cl\/portal\/wp-content\/uploads\/2012\/04\/REUNION-ESVAL-UNION-COMUNAL.jpg?fit=600%2C450&ssl=1","jetpack_sharing_enabled":true,"jetpack_likes_enabled":true,"jetpack-related-posts":[],"_links":{"self":[{"href":"https:\/\/eltrabajo.cl\/portal\/wp-json\/wp\/v2\/posts\/16528","targetHints":{"allow":["GET"]}}],"collection":[{"href":"https:\/\/eltrabajo.cl\/portal\/wp-json\/wp\/v2\/posts"}],"about":[{"href":"https:\/\/eltrabajo.cl\/portal\/wp-json\/wp\/v2\/types\/post"}],"author":[{"embeddable":true,"href":"https:\/\/eltrabajo.cl\/portal\/wp-json\/wp\/v2\/users\/482"}],"replies":[{"embeddable":true,"href":"https:\/\/eltrabajo.cl\/portal\/wp-json\/wp\/v2\/comments?post=16528"}],"version-history":[{"count":0,"href":"https:\/\/eltrabajo.cl\/portal\/wp-json\/wp\/v2\/posts\/16528\/revisions"}],"wp:featuredmedia":[{"embeddable":true,"href":"https:\/\/eltrabajo.cl\/portal\/wp-json\/wp\/v2\/media\/16529"}],"wp:attachment":[{"href":"https:\/\/eltrabajo.cl\/portal\/wp-json\/wp\/v2\/media?parent=16528"}],"wp:term":[{"taxonomy":"category","embeddable":true,"href":"https:\/\/eltrabajo.cl\/portal\/wp-json\/wp\/v2\/categories?post=16528"},{"taxonomy":"post_tag","embeddable":true,"href":"https:\/\/eltrabajo.cl\/portal\/wp-json\/wp\/v2\/tags?post=16528"}],"curies":[{"name":"wp","href":"https:\/\/api.w.org\/{rel}","templated":true}]}}