{"id":16540,"date":"2012-04-12T10:04:55","date_gmt":"2012-04-12T13:04:55","guid":{"rendered":"http:\/\/www.eltrabajo.cl\/portal\/?p=16540"},"modified":"2012-04-12T10:04:55","modified_gmt":"2012-04-12T13:04:55","slug":"piden-10-anos-para-dos-sujetos-que-pretendian-vender-marihuana","status":"publish","type":"post","link":"https:\/\/eltrabajo.cl\/portal\/piden-10-anos-para-dos-sujetos-que-pretendian-vender-marihuana\/","title":{"rendered":"Piden 10 a\u00f1os para dos sujetos que pretend\u00edan vender marihuana"},"content":{"rendered":"<p>&nbsp;<\/p>\n<figure id=\"attachment_16541\" aria-describedby=\"caption-attachment-16541\" style=\"width: 300px\" class=\"wp-caption alignleft\"><a href=\"http:\/\/www.eltrabajo.cl\/portal\/2012\/04\/piden-10-anos-para-dos-sujetos-que-pretendian-vender-marihuana\/droga-os7-6\/\" rel=\"attachment wp-att-16541\"><img data-recalc-dims=\"1\" loading=\"lazy\" decoding=\"async\" class=\"size-medium wp-image-16541\" title=\"droga os7 (6)\" src=\"https:\/\/i0.wp.com\/www.eltrabajo.cl\/portal\/wp-content\/uploads\/2012\/04\/droga-os7-6-300x225.jpg?resize=300%2C225\" alt=\"\" width=\"300\" height=\"225\" srcset=\"https:\/\/i0.wp.com\/eltrabajo.cl\/portal\/wp-content\/uploads\/2012\/04\/droga-os7-6.jpg?resize=300%2C225&amp;ssl=1 300w, https:\/\/i0.wp.com\/eltrabajo.cl\/portal\/wp-content\/uploads\/2012\/04\/droga-os7-6.jpg?resize=200%2C150&amp;ssl=1 200w, https:\/\/i0.wp.com\/eltrabajo.cl\/portal\/wp-content\/uploads\/2012\/04\/droga-os7-6.jpg?resize=150%2C112&amp;ssl=1 150w, https:\/\/i0.wp.com\/eltrabajo.cl\/portal\/wp-content\/uploads\/2012\/04\/droga-os7-6.jpg?resize=400%2C300&amp;ssl=1 400w, https:\/\/i0.wp.com\/eltrabajo.cl\/portal\/wp-content\/uploads\/2012\/04\/droga-os7-6.jpg?w=600&amp;ssl=1 600w\" sizes=\"auto, (max-width: 300px) 100vw, 300px\" \/><\/a><figcaption id=\"caption-attachment-16541\" class=\"wp-caption-text\">En la foto de archivo, parte de los 10 kilos de marihuana incautados en marzo de 2011.<\/figcaption><\/figure>\n<p>Pablo Salinas Sald\u00edas &#8211; <a href=\"mailto:psalinas@eltrabajo.cl\">psalinas@eltrabajo.cl<\/a><\/p>\n<p>Tras la realizaci\u00f3n de un juicio oral, dos sujetos fueron condenados por el delito de tr\u00e1fico de drogas por la terna de jueces pertenecientes al Tribunal Oral en Lo Penal de San Felipe, luego de la acusaci\u00f3n presentada por el Ministerio P\u00fablico por un hecho ocurrido en el a\u00f1o 2011.<\/p>\n<p>Seg\u00fan la decisi\u00f3n de los jueces se condena a los imputados Miguel \u00c1ngel Molina Montecinos, de 29 a\u00f1os de edad, y Eduardo Alejandro Fuentes P\u00e9rez, de 48 a\u00f1os, domiciliados en la comuna de Putaendo, por su participaci\u00f3n en el delito de tr\u00e1fico de marihuana, por el cual el Ministerio P\u00fablico requiri\u00f3 la m\u00e1xima pena para cada imputado, la que podr\u00eda llegar a ser de 10 a\u00f1os de presidio efectivo.<\/p>\n<p>Seg\u00fan las pruebas rendidas por el Fiscal Julio Palacios Bobadilla, el personal de la OS7 Aconcagua manejaba antecedentes que dos personas, apodados como el \u2018Huaso\u2019 y el \u2018Vegueta\u2019, iban a concurrir hasta la localidad de Las Trancas de la comuna de Putaendo -viaje que demora cerca de tres horas movilizado a caballo- para ir a buscar marihuana que pretend\u00eda ser comercializada a los adictos de la comuna.<\/p>\n<p>Fue as\u00ed que los efectivos policiales se trasladaron hasta las cercan\u00edas del Hospital Psiqui\u00e1trico de Putaendo el 2 de marzo del a\u00f1o pasado, alrededor de las 17:30 horas, observando a la distancia con binoculares que dos personas ven\u00edan movilizadas a caballo. Al acercarse hasta el sector donde estaba Carabineros fueron interceptados para realizarles un control de identidad y registro de sus vestimentas, encontrando en el bolsillo del imputado Miguel Molina una bolsa contenedora de 12 gramos de marihuana.<\/p>\n<p>No obstante al ser interrogados por la polic\u00eda, uno de los imputados, Eduardo Fuentes, voluntariamente manifest\u00f3 que los sacos que portaban la droga estaban ocultos en un sector cercano desde donde proven\u00edan, por lo que r\u00e1pidamente la OS7 se desplaz\u00f3 hasta dicho lugar encontrando bajo un \u00e1rbol dos sacos que arrojaron un peso individual de 3 kilos 600 gramos y 6 kilos 900 gramos del alucin\u00f3geno.<\/p>\n<p>Frente a las evidencias los sujetos fueron detenidos y formalizados, donde Miguel Molina se le decret\u00f3 la medida cautelar de prisi\u00f3n preventiva dado que manten\u00eda antecedentes penales, mientras que Eduardo Fuentes se le concedi\u00f3 la libertad.<\/p>\n<p>Concluido el juicio oral el pr\u00f3ximo viernes 13 se dar\u00e1 lectura de la sentencia que deber\u00e1n cumplir ambos imputados por este delito.<\/p>\n","protected":false},"excerpt":{"rendered":"<p>&nbsp; Pablo Salinas Sald\u00edas &#8211; psalinas@eltrabajo.cl Tras la realizaci\u00f3n de un juicio oral, dos sujetos fueron condenados por el delito de tr\u00e1fico de drogas por la terna de jueces pertenecientes al Tribunal&#8230;<\/p>\n","protected":false},"author":482,"featured_media":16541,"comment_status":"open","ping_status":"open","sticky":false,"template":"","format":"standard","meta":{"advanced_seo_description":"","jetpack_seo_html_title":"","jetpack_seo_noindex":false,"_jetpack_memberships_contains_paid_content":false,"footnotes":""},"categories":[21],"tags":[],"class_list":["post-16540","post","type-post","status-publish","format-standard","has-post-thumbnail","hentry","category-policial"],"jetpack_featured_media_url":"https:\/\/i0.wp.com\/eltrabajo.cl\/portal\/wp-content\/uploads\/2012\/04\/droga-os7-6.jpg?fit=600%2C450&ssl=1","jetpack_sharing_enabled":true,"jetpack_likes_enabled":true,"jetpack-related-posts":[],"_links":{"self":[{"href":"https:\/\/eltrabajo.cl\/portal\/wp-json\/wp\/v2\/posts\/16540","targetHints":{"allow":["GET"]}}],"collection":[{"href":"https:\/\/eltrabajo.cl\/portal\/wp-json\/wp\/v2\/posts"}],"about":[{"href":"https:\/\/eltrabajo.cl\/portal\/wp-json\/wp\/v2\/types\/post"}],"author":[{"embeddable":true,"href":"https:\/\/eltrabajo.cl\/portal\/wp-json\/wp\/v2\/users\/482"}],"replies":[{"embeddable":true,"href":"https:\/\/eltrabajo.cl\/portal\/wp-json\/wp\/v2\/comments?post=16540"}],"version-history":[{"count":0,"href":"https:\/\/eltrabajo.cl\/portal\/wp-json\/wp\/v2\/posts\/16540\/revisions"}],"wp:featuredmedia":[{"embeddable":true,"href":"https:\/\/eltrabajo.cl\/portal\/wp-json\/wp\/v2\/media\/16541"}],"wp:attachment":[{"href":"https:\/\/eltrabajo.cl\/portal\/wp-json\/wp\/v2\/media?parent=16540"}],"wp:term":[{"taxonomy":"category","embeddable":true,"href":"https:\/\/eltrabajo.cl\/portal\/wp-json\/wp\/v2\/categories?post=16540"},{"taxonomy":"post_tag","embeddable":true,"href":"https:\/\/eltrabajo.cl\/portal\/wp-json\/wp\/v2\/tags?post=16540"}],"curies":[{"name":"wp","href":"https:\/\/api.w.org\/{rel}","templated":true}]}}