{"id":16544,"date":"2012-04-12T10:07:26","date_gmt":"2012-04-12T13:07:26","guid":{"rendered":"http:\/\/www.eltrabajo.cl\/portal\/?p=16544"},"modified":"2012-04-12T10:07:26","modified_gmt":"2012-04-12T13:07:26","slug":"victima-de-cuantioso-robo-descubrio-al-autor-y-lo-denuncio-a-carabineros","status":"publish","type":"post","link":"https:\/\/eltrabajo.cl\/portal\/victima-de-cuantioso-robo-descubrio-al-autor-y-lo-denuncio-a-carabineros\/","title":{"rendered":"V\u00edctima de cuantioso robo descubri\u00f3 al autor y lo denunci\u00f3 a Carabineros"},"content":{"rendered":"<figure id=\"attachment_16545\" aria-describedby=\"caption-attachment-16545\" style=\"width: 600px\" class=\"wp-caption alignnone\"><a href=\"http:\/\/www.eltrabajo.cl\/portal\/2012\/04\/victima-de-cuantioso-robo-descubrio-al-autor-y-lo-denuncio-a-carabineros\/robo-especies-1\/\" rel=\"attachment wp-att-16545\"><img data-recalc-dims=\"1\" loading=\"lazy\" decoding=\"async\" class=\"size-full wp-image-16545\" title=\"Robo Especies 1\" src=\"https:\/\/i0.wp.com\/www.eltrabajo.cl\/portal\/wp-content\/uploads\/2012\/04\/Robo-Especies-1.jpg?resize=600%2C450\" alt=\"\" width=\"600\" height=\"450\" srcset=\"https:\/\/i0.wp.com\/eltrabajo.cl\/portal\/wp-content\/uploads\/2012\/04\/Robo-Especies-1.jpg?w=600&amp;ssl=1 600w, https:\/\/i0.wp.com\/eltrabajo.cl\/portal\/wp-content\/uploads\/2012\/04\/Robo-Especies-1.jpg?resize=200%2C150&amp;ssl=1 200w, https:\/\/i0.wp.com\/eltrabajo.cl\/portal\/wp-content\/uploads\/2012\/04\/Robo-Especies-1.jpg?resize=300%2C225&amp;ssl=1 300w, https:\/\/i0.wp.com\/eltrabajo.cl\/portal\/wp-content\/uploads\/2012\/04\/Robo-Especies-1.jpg?resize=150%2C112&amp;ssl=1 150w, https:\/\/i0.wp.com\/eltrabajo.cl\/portal\/wp-content\/uploads\/2012\/04\/Robo-Especies-1.jpg?resize=400%2C300&amp;ssl=1 400w\" sizes=\"auto, (max-width: 600px) 100vw, 600px\" \/><\/a><figcaption id=\"caption-attachment-16545\" class=\"wp-caption-text\">Los electrodom\u00e9sticos fueron devueltos a su propietario luego de haber sido sustra\u00eddos aparentemente por un sujeto de 20 a\u00f1os que fue formalizado por el delito de receptaci\u00f3n.<\/figcaption><\/figure>\n<ul>\n<li><strong>Desde la calle, frente a la casa de su sospechoso, divis\u00f3 por una ventana las especies que le hab\u00edan sustra\u00eddo.<\/strong><\/li>\n<\/ul>\n<p>Pablo Salinas Sald\u00edas &#8211; <a href=\"mailto:psalinas@eltrabajo.cl\">psalinas@eltrabajo.cl<\/a><\/p>\n<p>Un sujeto de 20 a\u00f1os de edad fue detenido por Carabineros luego de ser acusado como autor de un robo de diversos electrodom\u00e9sticos de valor que fueron sustra\u00eddos desde una vivienda de la poblaci\u00f3n Eusebio Lillo, mientras sus moradores no se encontraban en el lugar.<\/p>\n<p>El hecho fue denunciado por el afectado, identificado con las iniciales C.B.G.P., quien manifest\u00f3 a Carabineros que el d\u00eda 11 de abril abandon\u00f3 su hogar alrededor de las 15:00 horas, quedando su vivienda sin moradores, y al regresar a eso de las 18:15 horas, se percat\u00f3 que desconocidos hab\u00edan escalado un muro de dos metros de altura para introducirse hasta las dependencias del inmueble, sustrayendo especies como lo son diversos juegos de Nintendo, un televisor LCD, dos notebook, una licuadora, una plancha, un televisor de 21 pulgadas, un minicomponente y un decodificador, las que fueron avaluadas en m\u00e1s de $700.000.<\/p>\n<p>El afectado dio aviso de inmediato a Carabineros desde el exterior de la vivienda de quien sospechaba era el autor del robo, dado que desde una ventana se pod\u00eda apreciar un televisor LCD de su propiedad, situaci\u00f3n en que los efectivos policiales solicitaron el ingreso hasta el inmueble del acusado, encontrando todas las especies que horas antes hab\u00edan sido sustra\u00eddas.<\/p>\n<p>Con las evidencias encontradas se identific\u00f3 al sujeto como Nicol\u00e1s Alexis B.F., de 20 a\u00f1os de edad, siendo detenido y trasladado hasta la Unidad Policial por el delito de receptaci\u00f3n. Posteriormente fue sometido a control de detenci\u00f3n ante el Juzgado de Garant\u00eda de San Felipe, otorg\u00e1ndole la suspensi\u00f3n condicional del caso por un a\u00f1o, quedando bajo firma bimensual ante Carabineros dado a que el imputado no mantiene antecedentes penales, medidas que fueron acogidas por la Magistrado de dicho Tribunal.<\/p>\n","protected":false},"excerpt":{"rendered":"<p>Desde la calle, frente a la casa de su sospechoso, divis\u00f3 por una ventana las especies que le hab\u00edan sustra\u00eddo. Pablo Salinas Sald\u00edas &#8211; psalinas@eltrabajo.cl Un sujeto de 20 a\u00f1os de edad&#8230;<\/p>\n","protected":false},"author":482,"featured_media":16545,"comment_status":"open","ping_status":"open","sticky":false,"template":"","format":"standard","meta":{"advanced_seo_description":"","jetpack_seo_html_title":"","jetpack_seo_noindex":false,"_jetpack_memberships_contains_paid_content":false,"footnotes":""},"categories":[21],"tags":[],"class_list":["post-16544","post","type-post","status-publish","format-standard","has-post-thumbnail","hentry","category-policial"],"jetpack_featured_media_url":"https:\/\/i0.wp.com\/eltrabajo.cl\/portal\/wp-content\/uploads\/2012\/04\/Robo-Especies-1.jpg?fit=600%2C450&ssl=1","jetpack_sharing_enabled":true,"jetpack_likes_enabled":true,"jetpack-related-posts":[],"_links":{"self":[{"href":"https:\/\/eltrabajo.cl\/portal\/wp-json\/wp\/v2\/posts\/16544","targetHints":{"allow":["GET"]}}],"collection":[{"href":"https:\/\/eltrabajo.cl\/portal\/wp-json\/wp\/v2\/posts"}],"about":[{"href":"https:\/\/eltrabajo.cl\/portal\/wp-json\/wp\/v2\/types\/post"}],"author":[{"embeddable":true,"href":"https:\/\/eltrabajo.cl\/portal\/wp-json\/wp\/v2\/users\/482"}],"replies":[{"embeddable":true,"href":"https:\/\/eltrabajo.cl\/portal\/wp-json\/wp\/v2\/comments?post=16544"}],"version-history":[{"count":0,"href":"https:\/\/eltrabajo.cl\/portal\/wp-json\/wp\/v2\/posts\/16544\/revisions"}],"wp:featuredmedia":[{"embeddable":true,"href":"https:\/\/eltrabajo.cl\/portal\/wp-json\/wp\/v2\/media\/16545"}],"wp:attachment":[{"href":"https:\/\/eltrabajo.cl\/portal\/wp-json\/wp\/v2\/media?parent=16544"}],"wp:term":[{"taxonomy":"category","embeddable":true,"href":"https:\/\/eltrabajo.cl\/portal\/wp-json\/wp\/v2\/categories?post=16544"},{"taxonomy":"post_tag","embeddable":true,"href":"https:\/\/eltrabajo.cl\/portal\/wp-json\/wp\/v2\/tags?post=16544"}],"curies":[{"name":"wp","href":"https:\/\/api.w.org\/{rel}","templated":true}]}}