{"id":16549,"date":"2012-04-12T10:12:33","date_gmt":"2012-04-12T13:12:33","guid":{"rendered":"http:\/\/www.eltrabajo.cl\/portal\/?p=16549"},"modified":"2012-04-12T10:12:33","modified_gmt":"2012-04-12T13:12:33","slug":"detenido-por-golpear-a-mujer-se-quito-la-vida-en-cuartel-de-carabineros","status":"publish","type":"post","link":"https:\/\/eltrabajo.cl\/portal\/detenido-por-golpear-a-mujer-se-quito-la-vida-en-cuartel-de-carabineros\/","title":{"rendered":"Detenido por golpear a mujer se quit\u00f3 la vida en cuartel de Carabineros"},"content":{"rendered":"<figure id=\"attachment_16550\" aria-describedby=\"caption-attachment-16550\" style=\"width: 300px\" class=\"wp-caption alignleft\"><a href=\"http:\/\/www.eltrabajo.cl\/portal\/2012\/04\/detenido-por-golpear-a-mujer-se-quito-la-vida-en-cuartel-de-carabineros\/comandante-castro-2\/\" rel=\"attachment wp-att-16550\"><img data-recalc-dims=\"1\" loading=\"lazy\" decoding=\"async\" class=\"size-medium wp-image-16550\" title=\"comandante castro\" src=\"https:\/\/i0.wp.com\/www.eltrabajo.cl\/portal\/wp-content\/uploads\/2012\/04\/comandante-castro-300x225.jpg?resize=300%2C225\" alt=\"\" width=\"300\" height=\"225\" srcset=\"https:\/\/i0.wp.com\/eltrabajo.cl\/portal\/wp-content\/uploads\/2012\/04\/comandante-castro.jpg?resize=300%2C225&amp;ssl=1 300w, https:\/\/i0.wp.com\/eltrabajo.cl\/portal\/wp-content\/uploads\/2012\/04\/comandante-castro.jpg?resize=200%2C150&amp;ssl=1 200w, https:\/\/i0.wp.com\/eltrabajo.cl\/portal\/wp-content\/uploads\/2012\/04\/comandante-castro.jpg?resize=150%2C112&amp;ssl=1 150w, https:\/\/i0.wp.com\/eltrabajo.cl\/portal\/wp-content\/uploads\/2012\/04\/comandante-castro.jpg?resize=400%2C300&amp;ssl=1 400w, https:\/\/i0.wp.com\/eltrabajo.cl\/portal\/wp-content\/uploads\/2012\/04\/comandante-castro.jpg?w=600&amp;ssl=1 600w\" sizes=\"auto, (max-width: 300px) 100vw, 300px\" \/><\/a><figcaption id=\"caption-attachment-16550\" class=\"wp-caption-text\">El Comandante Francisco Castro se constituy\u00f3 en la Tenencia de Calle Larga para iniciar una investigaci\u00f3n por lo sucedido.<\/figcaption><\/figure>\n<p>Un joven de 29 a\u00f1os de edad se quit\u00f3 la vida colg\u00e1ndose del cuello al interior de la Tenencia de Carabineros de Calle Larga, donde se encontraba detenido por agredir a su mujer.<\/p>\n<p>El hecho se registr\u00f3 alrededor de las 19,45 horas de ayer, cuando el joven Dar\u00edo Antonio B\u00e1ez Arancibia se encontraba en el calabozo del cuartel policial, en calidad de detenido por violencia intrafamiliar luego de haber golpeado minutos antes a su pareja.<\/p>\n<p>Seg\u00fan lo informaba anoche en forma exclusiva el diario electr\u00f3nico elaconcagua.cl, el Comandante Francisco Castro lleg\u00f3 hasta la Tenencia de Carabineros de Calle Larga, donde luego de interiorizarse de lo ocurrido precis\u00f3 que el suicidio de Dar\u00edo B\u00e1ez Arancibia se registr\u00f3 en circunstancias que el joven acababa de ser detenido en la misma unidad policial, hasta donde hab\u00eda llegado su pareja para denunciarlo porque la estaba agrediendo, aunque ten\u00eda orden del tribunal de no acercarse a ella.<\/p>\n<p>Con la evidencia de la denuncia hecha in situ por la mujer, personal de servicio de la Tenencia de Calle Larga detuvo a B\u00e1ez Arancibia, ingres\u00e1ndolo tras cumplir el protocolo a uno de los calabozos de la unidad, pero a pesar de haberle retirado cordones, cintur\u00f3n y cualquier elemento con el cual pudiera atentar contra su vida, el sujeto a los pocos minutos, en una acci\u00f3n bastante r\u00e1pida, se sac\u00f3 la camisa y tras atarla por un extremo a los barrotes termin\u00f3 con su vida ahorc\u00e1ndose.<\/p>\n<p>Una vez que el hecho fue comunicado a la fiscal\u00eda local de Los Andes y al alto mando de la instituci\u00f3n policial en la zona, la jefatura de la Prefectura de Carabineros de Aconcagua se constituy\u00f3 en la unidad, instruyendo la investigaci\u00f3n interna para esclarecer las circunstancias en que se registr\u00f3 el suicidio.<\/p>\n<p>En tanto, por orden del fiscal de turno, arrib\u00f3 al lugar personal de la Polic\u00eda de Investigaciones de Los Andes y Valpara\u00edso, con el objeto de realizar los peritajes al cad\u00e1ver y al sitio del suceso, antecedentes que ser\u00e1n cruciales para establecer fehacientemente lo ocurrido.<\/p>\n","protected":false},"excerpt":{"rendered":"<p>Un joven de 29 a\u00f1os de edad se quit\u00f3 la vida colg\u00e1ndose del cuello al interior de la Tenencia de Carabineros de Calle Larga, donde se encontraba detenido por agredir a su&#8230;<\/p>\n","protected":false},"author":482,"featured_media":16550,"comment_status":"open","ping_status":"open","sticky":false,"template":"","format":"standard","meta":{"advanced_seo_description":"","jetpack_seo_html_title":"","jetpack_seo_noindex":false,"_jetpack_memberships_contains_paid_content":false,"footnotes":""},"categories":[21],"tags":[],"class_list":["post-16549","post","type-post","status-publish","format-standard","has-post-thumbnail","hentry","category-policial"],"jetpack_featured_media_url":"https:\/\/i0.wp.com\/eltrabajo.cl\/portal\/wp-content\/uploads\/2012\/04\/comandante-castro.jpg?fit=600%2C450&ssl=1","jetpack_sharing_enabled":true,"jetpack_likes_enabled":true,"jetpack-related-posts":[],"_links":{"self":[{"href":"https:\/\/eltrabajo.cl\/portal\/wp-json\/wp\/v2\/posts\/16549","targetHints":{"allow":["GET"]}}],"collection":[{"href":"https:\/\/eltrabajo.cl\/portal\/wp-json\/wp\/v2\/posts"}],"about":[{"href":"https:\/\/eltrabajo.cl\/portal\/wp-json\/wp\/v2\/types\/post"}],"author":[{"embeddable":true,"href":"https:\/\/eltrabajo.cl\/portal\/wp-json\/wp\/v2\/users\/482"}],"replies":[{"embeddable":true,"href":"https:\/\/eltrabajo.cl\/portal\/wp-json\/wp\/v2\/comments?post=16549"}],"version-history":[{"count":0,"href":"https:\/\/eltrabajo.cl\/portal\/wp-json\/wp\/v2\/posts\/16549\/revisions"}],"wp:featuredmedia":[{"embeddable":true,"href":"https:\/\/eltrabajo.cl\/portal\/wp-json\/wp\/v2\/media\/16550"}],"wp:attachment":[{"href":"https:\/\/eltrabajo.cl\/portal\/wp-json\/wp\/v2\/media?parent=16549"}],"wp:term":[{"taxonomy":"category","embeddable":true,"href":"https:\/\/eltrabajo.cl\/portal\/wp-json\/wp\/v2\/categories?post=16549"},{"taxonomy":"post_tag","embeddable":true,"href":"https:\/\/eltrabajo.cl\/portal\/wp-json\/wp\/v2\/tags?post=16549"}],"curies":[{"name":"wp","href":"https:\/\/api.w.org\/{rel}","templated":true}]}}