{"id":16562,"date":"2012-04-13T09:27:59","date_gmt":"2012-04-13T12:27:59","guid":{"rendered":"http:\/\/www.eltrabajo.cl\/portal\/?p=16562"},"modified":"2012-04-13T09:27:59","modified_gmt":"2012-04-13T12:27:59","slug":"union-san-felipe-espera-volver-a-celebrar-frente-a-universidad-de-concepcion","status":"publish","type":"post","link":"https:\/\/eltrabajo.cl\/portal\/union-san-felipe-espera-volver-a-celebrar-frente-a-universidad-de-concepcion\/","title":{"rendered":"Uni\u00f3n San Felipe espera volver a celebrar frente a Universidad de Concepci\u00f3n"},"content":{"rendered":"<figure id=\"attachment_16563\" aria-describedby=\"caption-attachment-16563\" style=\"width: 300px\" class=\"wp-caption alignleft\"><a href=\"http:\/\/www.eltrabajo.cl\/portal\/2012\/04\/union-san-felipe-espera-volver-a-celebrar-frente-a-universidad-de-concepcion\/solo-cossio-006\/\" rel=\"attachment wp-att-16563\"><img data-recalc-dims=\"1\" loading=\"lazy\" decoding=\"async\" class=\"size-medium wp-image-16563\" title=\"solo cossio 006\" src=\"https:\/\/i0.wp.com\/www.eltrabajo.cl\/portal\/wp-content\/uploads\/2012\/04\/solo-cossio-006-300x289.jpg?resize=300%2C289\" alt=\"\" width=\"300\" height=\"289\" srcset=\"https:\/\/i0.wp.com\/eltrabajo.cl\/portal\/wp-content\/uploads\/2012\/04\/solo-cossio-006.jpg?resize=300%2C289&amp;ssl=1 300w, https:\/\/i0.wp.com\/eltrabajo.cl\/portal\/wp-content\/uploads\/2012\/04\/solo-cossio-006.jpg?resize=155%2C150&amp;ssl=1 155w, https:\/\/i0.wp.com\/eltrabajo.cl\/portal\/wp-content\/uploads\/2012\/04\/solo-cossio-006.jpg?resize=150%2C144&amp;ssl=1 150w, https:\/\/i0.wp.com\/eltrabajo.cl\/portal\/wp-content\/uploads\/2012\/04\/solo-cossio-006.jpg?resize=400%2C385&amp;ssl=1 400w, https:\/\/i0.wp.com\/eltrabajo.cl\/portal\/wp-content\/uploads\/2012\/04\/solo-cossio-006.jpg?w=600&amp;ssl=1 600w\" sizes=\"auto, (max-width: 300px) 100vw, 300px\" \/><\/a><figcaption id=\"caption-attachment-16563\" class=\"wp-caption-text\">Nelson Cossio, Director T\u00e9cnico de Uni\u00f3n San Felipe, destac\u00f3 que lo importante es mantener la serenidad.<\/figcaption><\/figure>\n<p>El t\u00e9cnico Nelson Cossio se\u00f1al\u00f3 adem\u00e1s que para el juego contra los penquistas, son dudas Sebasti\u00e1n P\u00e1ez, Claudio Latorre y David Fern\u00e1ndez, los que ser\u00e1n evaluados hoy por el cuerpo m\u00e9dico del club.<\/p>\n<p>En el f\u00fatbol chileno se ha hecho com\u00fan en el \u00faltimo tiempo que cuando en un equipo las cosas no andan bien y los resultados no acompa\u00f1an la labor de un t\u00e9cnico, \u00e9stos opten por el silencio, evitando as\u00ed hablar con la prensa. Casos hay muchos, por ejemplo Ivo Basay en Colo Colo y V\u00edctor Hugo Marchesini el a\u00f1o pasado en el Un\u00ed, que rehu\u00eda frecuentemente los micr\u00f3fonos. Por eso es destacable lo que hace Nelson Cossio, al aceptar siempre los interrogatorios de los reporteros que cubren el \u00e1rea deportiva de los respectivos medios locales, situaci\u00f3n que ocurri\u00f3 ayer en el Municipal, cuando el estratego respondi\u00f3 las interrogantes sobre la escuadra albiroja.<\/p>\n<p><strong>&#8211; \u00bfHay optimismo de cara al duelo del s\u00e1bado?<\/strong><\/p>\n<p>&#8211; \u201cEst\u00e1 la convicci\u00f3n de que hemos trabajado bien durante la semana, aqu\u00ed no se ha modificado nada, seguimos adelante con nuestra planificaci\u00f3n deportiva. Hoy (ayer) terminamos muy contentos por la entrega del grupo, eso es un acicate para seguir maximizando los esfuerzos para poder ganar en nuestra casa\u201d.<\/p>\n<p><strong>&#8211; \u00bfLo complica el hecho de no ganar hace tanto tiempo?<\/strong><\/p>\n<p>&#8211; \u201cEsa es una realidad de lo que estamos viviendo en la actualidad, pero tengo claro que en estos momentos debo mantener la claridad, la sapiencia y el liderazgo para sacar esto adelante. Este grupo necesita de triunfos, no podemos desesperarnos y no caer en conceptos que van en contra de lo que predicamos. Hay que mantener la tranquilidad y convicci\u00f3n que saldremos adelante\u201d.<\/p>\n<p><strong>&#8211; Se enfrentar\u00e1 a un rival directo, por lo menos la tabla as\u00ed lo dice.<\/strong><\/p>\n<p>&#8211; \u201cEl problema es que aqu\u00ed se camina muy r\u00e1pido, todos los equipos son rivales directos, ning\u00fan equipo es m\u00e1s o menos, lo que s\u00ed es que debemos buscar el mecanismo para ganar partidos, falta tranquilidad para no caer en baches\u201d.<\/p>\n<p><strong>&#8211; \u00bfGanar a la Universidad de Concepci\u00f3n puede marcar el punto de inflexi\u00f3n en la actual campa\u00f1a?<\/strong><\/p>\n<p>\u201cEso queremos, tenemos muy claro que va a ser un partido muy complejo, este es un grupo extraordinario que nos motiva mucho para seguir adelante, de nuestra parte siempre existe el positivismo, por lo mismo que quedo con esa hinchada que apoy\u00f3 en la Promoci\u00f3n\u201d.<\/p>\n<p>El partido entre el Un\u00ed Un\u00ed, y la Universidad de Concepcion est\u00e1 programado para ma\u00f1ana s\u00e1bado a las seis con quince de la tarde en el estadio Municipal y el valor de los boletos para el pleito es el siguiente:<\/p>\n<p>Galer\u00eda Norte, Sur y Andes: $ 4.000 (cuatro mil pesos).<\/p>\n<p>Pac\u00edfico: $ 6.000 (seis mil pesos).<\/p>\n<p>Marquesina: $ 10.000 (diez mil pesos).<\/p>\n<p>Los clientes de una empresa de telefon\u00eda m\u00f3vil obtendr\u00e1n un 50% de descuento en el valor de las entradas, para ello deben marcar: *110*271#.<\/p>\n","protected":false},"excerpt":{"rendered":"<p>El t\u00e9cnico Nelson Cossio se\u00f1al\u00f3 adem\u00e1s que para el juego contra los penquistas, son dudas Sebasti\u00e1n P\u00e1ez, Claudio Latorre y David Fern\u00e1ndez, los que ser\u00e1n evaluados hoy por el cuerpo m\u00e9dico del&#8230;<\/p>\n","protected":false},"author":482,"featured_media":16563,"comment_status":"open","ping_status":"open","sticky":false,"template":"","format":"standard","meta":{"advanced_seo_description":"","jetpack_seo_html_title":"","jetpack_seo_noindex":false,"_jetpack_memberships_contains_paid_content":false,"footnotes":""},"categories":[19],"tags":[],"class_list":["post-16562","post","type-post","status-publish","format-standard","has-post-thumbnail","hentry","category-deportes"],"jetpack_featured_media_url":"https:\/\/i0.wp.com\/eltrabajo.cl\/portal\/wp-content\/uploads\/2012\/04\/solo-cossio-006.jpg?fit=600%2C578&ssl=1","jetpack_sharing_enabled":true,"jetpack_likes_enabled":true,"jetpack-related-posts":[],"_links":{"self":[{"href":"https:\/\/eltrabajo.cl\/portal\/wp-json\/wp\/v2\/posts\/16562","targetHints":{"allow":["GET"]}}],"collection":[{"href":"https:\/\/eltrabajo.cl\/portal\/wp-json\/wp\/v2\/posts"}],"about":[{"href":"https:\/\/eltrabajo.cl\/portal\/wp-json\/wp\/v2\/types\/post"}],"author":[{"embeddable":true,"href":"https:\/\/eltrabajo.cl\/portal\/wp-json\/wp\/v2\/users\/482"}],"replies":[{"embeddable":true,"href":"https:\/\/eltrabajo.cl\/portal\/wp-json\/wp\/v2\/comments?post=16562"}],"version-history":[{"count":0,"href":"https:\/\/eltrabajo.cl\/portal\/wp-json\/wp\/v2\/posts\/16562\/revisions"}],"wp:featuredmedia":[{"embeddable":true,"href":"https:\/\/eltrabajo.cl\/portal\/wp-json\/wp\/v2\/media\/16563"}],"wp:attachment":[{"href":"https:\/\/eltrabajo.cl\/portal\/wp-json\/wp\/v2\/media?parent=16562"}],"wp:term":[{"taxonomy":"category","embeddable":true,"href":"https:\/\/eltrabajo.cl\/portal\/wp-json\/wp\/v2\/categories?post=16562"},{"taxonomy":"post_tag","embeddable":true,"href":"https:\/\/eltrabajo.cl\/portal\/wp-json\/wp\/v2\/tags?post=16562"}],"curies":[{"name":"wp","href":"https:\/\/api.w.org\/{rel}","templated":true}]}}