{"id":16571,"date":"2012-04-13T09:39:07","date_gmt":"2012-04-13T12:39:07","guid":{"rendered":"http:\/\/www.eltrabajo.cl\/portal\/?p=16571"},"modified":"2012-04-13T09:39:07","modified_gmt":"2012-04-13T12:39:07","slug":"escenario-para-la-agricultura-podria-complicarse-si-este-invierno-no-nieva-ni-llueve","status":"publish","type":"post","link":"https:\/\/eltrabajo.cl\/portal\/escenario-para-la-agricultura-podria-complicarse-si-este-invierno-no-nieva-ni-llueve\/","title":{"rendered":"Escenario para la agricultura podr\u00eda complicarse si este invierno no nieva ni llueve"},"content":{"rendered":"<figure id=\"attachment_16572\" aria-describedby=\"caption-attachment-16572\" style=\"width: 300px\" class=\"wp-caption alignleft\"><a href=\"http:\/\/www.eltrabajo.cl\/portal\/2012\/04\/escenario-para-la-agricultura-podria-complicarse-si-este-invierno-no-nieva-ni-llueve\/jorge-ahumada\/\" rel=\"attachment wp-att-16572\"><img data-recalc-dims=\"1\" loading=\"lazy\" decoding=\"async\" class=\"size-medium wp-image-16572\" title=\"jorge ahumada\" src=\"https:\/\/i0.wp.com\/www.eltrabajo.cl\/portal\/wp-content\/uploads\/2012\/04\/jorge-ahumada-300x225.jpg?resize=300%2C225\" alt=\"\" width=\"300\" height=\"225\" srcset=\"https:\/\/i0.wp.com\/eltrabajo.cl\/portal\/wp-content\/uploads\/2012\/04\/jorge-ahumada.jpg?resize=300%2C225&amp;ssl=1 300w, https:\/\/i0.wp.com\/eltrabajo.cl\/portal\/wp-content\/uploads\/2012\/04\/jorge-ahumada.jpg?resize=200%2C150&amp;ssl=1 200w, https:\/\/i0.wp.com\/eltrabajo.cl\/portal\/wp-content\/uploads\/2012\/04\/jorge-ahumada.jpg?resize=150%2C112&amp;ssl=1 150w, https:\/\/i0.wp.com\/eltrabajo.cl\/portal\/wp-content\/uploads\/2012\/04\/jorge-ahumada.jpg?resize=400%2C300&amp;ssl=1 400w, https:\/\/i0.wp.com\/eltrabajo.cl\/portal\/wp-content\/uploads\/2012\/04\/jorge-ahumada.jpg?w=600&amp;ssl=1 600w\" sizes=\"auto, (max-width: 300px) 100vw, 300px\" \/><\/a><figcaption id=\"caption-attachment-16572\" class=\"wp-caption-text\">Como compleja calific\u00f3 la realidad de la agricultura Jorge Ahumada, aunque si este a\u00f1o no nieva ni llueve ser\u00e1 m\u00e1s dif\u00edcil.<\/figcaption><\/figure>\n<p>Bastante complejo fue el a\u00f1o que reci\u00e9n pas\u00f3 para la agricultura en la zona, aunque realizando un an\u00e1lisis, la realidad de la Primera Secci\u00f3n del R\u00edo Aconcagua es bastante distinta del resto del valle.<\/p>\n<p>As\u00ed lo estableci\u00f3 Jorge Ahumada, director de la Asociaci\u00f3n de Agricultores, quien sostuvo que en la Primera Secci\u00f3n, que concentra un sector de San Felipe y todo Los Andes, la agricultura depende principalmente de la nieve ca\u00edda durante el invierno, y la que cay\u00f3 el a\u00f1o pasado fue suficiente para poder trabajar en la agricultura.<\/p>\n<p>\u201cEl a\u00f1o pasado tuvimos m\u00e1s nieve que lluvia, o sea no estuvimos mal en nieve y s\u00ed estuvimos p\u00e9simo en lluvia, y eso significa que la cantidad de agua que hab\u00eda acumulada con mucho cuidado, con mucho orden en el uso del agua, se pudo lograr que todos tuvieran agua para regar, con costos altos, con dificultares, regando en la noche, pero es muy poca la gente que puede decir que tuvo problemas\u201d.<\/p>\n<p>Este esfuerzo permiti\u00f3 que la producci\u00f3n este a\u00f1o fuera normal y los rendimientos que tuvieron en los distintos huertos fueron pr\u00e1cticamente normales, as\u00ed como tambi\u00e9n los calibres, lo que repite en distintos tipos de cultivo. Sin embargo los costos no ser\u00e1n iguales que otros a\u00f1os, ya que este a\u00f1o los costos en riego son altos. \u201cHemos tenido que regar de noche y con muchas dificultades para los tomeros en el reparto del agua, pero creo que la primera secci\u00f3n es ordenada, en la cual es posible que los agricultores tengan sus derechos\u201d, sostuvo Ahumada.<\/p>\n<p>Sin embargo si este a\u00f1o cae poca nieve y llueve poco la situaci\u00f3n se tornar\u00eda bastante m\u00e1s seria, por eso los agricultores argumentan necesitar el embalse, \u201cporque no tenemos donde acumular, normalmente si la segunda o tercera (secci\u00f3n) no tienen agua, empiezan a pedir hacia atr\u00e1s y nosotros tenemos, con buena voluntad, que entregarles agua, porque el agua que trae el r\u00edo en esta parte es para regar en la Primera Secci\u00f3n, parte de San Felipe y todo Los Andes, no tienen derechos de esta agua en Quillota o en otro lado, el agua es de la Primera Secci\u00f3n, y por eso en el puente El Rey no pasa una gota de agua para abajo, porque no tiene porqu\u00e9 pasar, si estuviera pasando agua se estar\u00eda repartiendo mal\u201d.<\/p>\n<p>Consultado por el alza en los precios de las frutas y verduras, Ahumada dijo que hist\u00f3ricamente esta fruta es de exportaci\u00f3n y muy poca va al mercado interno, espec\u00edficamente los desechos del mercado de exportaci\u00f3n, por ello no atribuye como su responsabilidad el alza en los precios en la fruta.<\/p>\n<p>\u201cDe hecho a nosotros, los precios que tenemos de la fruta a nivel del campo son much\u00edsimo inferior a lo que se est\u00e1 transando en el mercado, nosotros no tenemos grandes diferencias con a\u00f1os anteriores\u201d.<\/p>\n","protected":false},"excerpt":{"rendered":"<p>Bastante complejo fue el a\u00f1o que reci\u00e9n pas\u00f3 para la agricultura en la zona, aunque realizando un an\u00e1lisis, la realidad de la Primera Secci\u00f3n del R\u00edo Aconcagua es bastante distinta del resto&#8230;<\/p>\n","protected":false},"author":482,"featured_media":16572,"comment_status":"open","ping_status":"open","sticky":false,"template":"","format":"standard","meta":{"advanced_seo_description":"","jetpack_seo_html_title":"","jetpack_seo_noindex":false,"_jetpack_memberships_contains_paid_content":false,"footnotes":""},"categories":[1],"tags":[],"class_list":["post-16571","post","type-post","status-publish","format-standard","has-post-thumbnail","hentry","category-cronica"],"jetpack_featured_media_url":"https:\/\/i0.wp.com\/eltrabajo.cl\/portal\/wp-content\/uploads\/2012\/04\/jorge-ahumada.jpg?fit=600%2C450&ssl=1","jetpack_sharing_enabled":true,"jetpack_likes_enabled":true,"jetpack-related-posts":[],"_links":{"self":[{"href":"https:\/\/eltrabajo.cl\/portal\/wp-json\/wp\/v2\/posts\/16571","targetHints":{"allow":["GET"]}}],"collection":[{"href":"https:\/\/eltrabajo.cl\/portal\/wp-json\/wp\/v2\/posts"}],"about":[{"href":"https:\/\/eltrabajo.cl\/portal\/wp-json\/wp\/v2\/types\/post"}],"author":[{"embeddable":true,"href":"https:\/\/eltrabajo.cl\/portal\/wp-json\/wp\/v2\/users\/482"}],"replies":[{"embeddable":true,"href":"https:\/\/eltrabajo.cl\/portal\/wp-json\/wp\/v2\/comments?post=16571"}],"version-history":[{"count":0,"href":"https:\/\/eltrabajo.cl\/portal\/wp-json\/wp\/v2\/posts\/16571\/revisions"}],"wp:featuredmedia":[{"embeddable":true,"href":"https:\/\/eltrabajo.cl\/portal\/wp-json\/wp\/v2\/media\/16572"}],"wp:attachment":[{"href":"https:\/\/eltrabajo.cl\/portal\/wp-json\/wp\/v2\/media?parent=16571"}],"wp:term":[{"taxonomy":"category","embeddable":true,"href":"https:\/\/eltrabajo.cl\/portal\/wp-json\/wp\/v2\/categories?post=16571"},{"taxonomy":"post_tag","embeddable":true,"href":"https:\/\/eltrabajo.cl\/portal\/wp-json\/wp\/v2\/tags?post=16571"}],"curies":[{"name":"wp","href":"https:\/\/api.w.org\/{rel}","templated":true}]}}