{"id":16577,"date":"2012-04-13T09:43:00","date_gmt":"2012-04-13T12:43:00","guid":{"rendered":"http:\/\/www.eltrabajo.cl\/portal\/?p=16577"},"modified":"2012-04-13T09:43:00","modified_gmt":"2012-04-13T12:43:00","slug":"director-de-salud-promete-remodelar-dos-estaciones-rurales-en-putaendo","status":"publish","type":"post","link":"https:\/\/eltrabajo.cl\/portal\/director-de-salud-promete-remodelar-dos-estaciones-rurales-en-putaendo\/","title":{"rendered":"Director de Salud promete remodelar dos estaciones rurales en Putaendo"},"content":{"rendered":"<figure id=\"attachment_16578\" aria-describedby=\"caption-attachment-16578\" style=\"width: 600px\" class=\"wp-caption alignnone\"><a href=\"http:\/\/www.eltrabajo.cl\/portal\/2012\/04\/director-de-salud-promete-remodelar-dos-estaciones-rurales-en-putaendo\/reuniondirigentes\/\" rel=\"attachment wp-att-16578\"><img data-recalc-dims=\"1\" loading=\"lazy\" decoding=\"async\" class=\"size-full wp-image-16578\" title=\"reuniondirigentes\" src=\"https:\/\/i0.wp.com\/www.eltrabajo.cl\/portal\/wp-content\/uploads\/2012\/04\/reuniondirigentes.jpg?resize=600%2C450\" alt=\"\" width=\"600\" height=\"450\" srcset=\"https:\/\/i0.wp.com\/eltrabajo.cl\/portal\/wp-content\/uploads\/2012\/04\/reuniondirigentes.jpg?w=600&amp;ssl=1 600w, https:\/\/i0.wp.com\/eltrabajo.cl\/portal\/wp-content\/uploads\/2012\/04\/reuniondirigentes.jpg?resize=200%2C150&amp;ssl=1 200w, https:\/\/i0.wp.com\/eltrabajo.cl\/portal\/wp-content\/uploads\/2012\/04\/reuniondirigentes.jpg?resize=300%2C225&amp;ssl=1 300w, https:\/\/i0.wp.com\/eltrabajo.cl\/portal\/wp-content\/uploads\/2012\/04\/reuniondirigentes.jpg?resize=150%2C112&amp;ssl=1 150w, https:\/\/i0.wp.com\/eltrabajo.cl\/portal\/wp-content\/uploads\/2012\/04\/reuniondirigentes.jpg?resize=400%2C300&amp;ssl=1 400w\" sizes=\"auto, (max-width: 600px) 100vw, 600px\" \/><\/a><figcaption id=\"caption-attachment-16578\" class=\"wp-caption-text\">Bastante satisfactoria result\u00f3 la reuni\u00f3n donde el Director de Salud se comprometi\u00f3 a realizar obras de remodelaci\u00f3n para las estaciones m\u00e9dico rurales de Los Patos y El Manzano antes de fin de a\u00f1o.<\/figcaption><\/figure>\n<p>Con el compromiso de remodelar dos estaciones m\u00e9dico rurales en Putaendo, concluy\u00f3 la reuni\u00f3n sostenida por el Director del Servicio de Salud Aconcagua, Rodrigo Infante, y la Directiva de la Uni\u00f3n Comunal de Juntas de Vecinos \u2018Valle de Putaendo\u2019, en la que los l\u00edderes sociales plantearon importantes temas al gestor de red de Salud.<\/p>\n<p>En la ocasi\u00f3n los dirigentes manifestaron a la autoridad la necesidad de disponer de nuevos dispositivos sanitarios en las localidades de Los Patos y El Manzano, ya que las que actualmente existen no cuentan con instalaciones adecuadas para el trabajo del personal y para la atenci\u00f3n de los usuarios. Dada esta realidad, la directiva de la Unco JJVV \u2018Valle de Putaendo\u2019 le solicit\u00f3 una soluci\u00f3n similar a la implementada en Rinconada de Silva.<\/p>\n<p>\u201cTenemos la plena voluntad de trabajar con los dirigentes comunitarios, especialmente cuando sus propuestas apuntan a fortalecer la red asistencial y beneficiar a personas que est\u00e1n lejos de los establecimientos m\u00e1s grandes. En este caso, hemos visto que existen dificultades en Los Patos y El Manzano, por lo que hemos establecido el compromiso de contar con obras de remodelaci\u00f3n para ambas estaciones m\u00e9dico rurales antes de fin de a\u00f1o, ya que hoy se encuentran muy deterioradas\u201d, sostuvo el Director del Servicio de Salud Aconcagua, Rodrigo Infante.<\/p>\n<p>Infante sostuvo que esto requerir\u00e1 voluntad no s\u00f3lo del Servicio de Salud, que ya comprometi\u00f3 las obras f\u00edsicas, si no adem\u00e1s un aumento de las rondas m\u00e9dicas en ambos sectores, lo que debiese estar a cargo de la Municipalidad de Putaendo. \u201cEl modelo que aplicamos en Rinconada de Silva nos ha dado buenos resultados y es fruto de un trabajo conjunto entre ambas partes. Como Servicio de Salud tenemos la mejor voluntad para brindar nueva infraestructura, pero necesitamos de la administraci\u00f3n de la salud municipal para aumentar las horas y que exista un real impacto, como es el inter\u00e9s de los dirigentes sociales\u201d, expres\u00f3 la autoridad.<\/p>\n<p>Por su parte, la dirigente Mar\u00eda Salinas, Presidenta del Consejo de Desarrollo Local del Cesfam Valle Los Libertadores de Putaendo, manifest\u00f3 su satisfacci\u00f3n por el compromiso adquirido por el Director del Servicio de Salud, expresando que tambi\u00e9n deber\u00e1n conversar con el Alcalde Guillermo Reyes para la provisi\u00f3n de horas m\u00e9dicas en ambos lugares. \u201cHemos encontrado gran recepci\u00f3n en el Director del Servicio, quien se comprometi\u00f3 con nosotros en tener estas estaciones antes de fin de a\u00f1o. Ahora nos corresponde dialogar con el municipio para que exista una soluci\u00f3n en el tema del aumento de las horas m\u00e9dicas y con ello, las personas de Los Patos y El Manzano tengan una soluci\u00f3n para su atenci\u00f3n de salud\u201d, concluy\u00f3 la dirigente.<\/p>\n","protected":false},"excerpt":{"rendered":"<p>Con el compromiso de remodelar dos estaciones m\u00e9dico rurales en Putaendo, concluy\u00f3 la reuni\u00f3n sostenida por el Director del Servicio de Salud Aconcagua, Rodrigo Infante, y la Directiva de la Uni\u00f3n Comunal&#8230;<\/p>\n","protected":false},"author":482,"featured_media":16578,"comment_status":"open","ping_status":"open","sticky":false,"template":"","format":"standard","meta":{"advanced_seo_description":"","jetpack_seo_html_title":"","jetpack_seo_noindex":false,"_jetpack_memberships_contains_paid_content":false,"footnotes":""},"categories":[18],"tags":[],"class_list":["post-16577","post","type-post","status-publish","format-standard","has-post-thumbnail","hentry","category-salud"],"jetpack_featured_media_url":"https:\/\/i0.wp.com\/eltrabajo.cl\/portal\/wp-content\/uploads\/2012\/04\/reuniondirigentes.jpg?fit=600%2C450&ssl=1","jetpack_sharing_enabled":true,"jetpack_likes_enabled":true,"jetpack-related-posts":[],"_links":{"self":[{"href":"https:\/\/eltrabajo.cl\/portal\/wp-json\/wp\/v2\/posts\/16577","targetHints":{"allow":["GET"]}}],"collection":[{"href":"https:\/\/eltrabajo.cl\/portal\/wp-json\/wp\/v2\/posts"}],"about":[{"href":"https:\/\/eltrabajo.cl\/portal\/wp-json\/wp\/v2\/types\/post"}],"author":[{"embeddable":true,"href":"https:\/\/eltrabajo.cl\/portal\/wp-json\/wp\/v2\/users\/482"}],"replies":[{"embeddable":true,"href":"https:\/\/eltrabajo.cl\/portal\/wp-json\/wp\/v2\/comments?post=16577"}],"version-history":[{"count":0,"href":"https:\/\/eltrabajo.cl\/portal\/wp-json\/wp\/v2\/posts\/16577\/revisions"}],"wp:featuredmedia":[{"embeddable":true,"href":"https:\/\/eltrabajo.cl\/portal\/wp-json\/wp\/v2\/media\/16578"}],"wp:attachment":[{"href":"https:\/\/eltrabajo.cl\/portal\/wp-json\/wp\/v2\/media?parent=16577"}],"wp:term":[{"taxonomy":"category","embeddable":true,"href":"https:\/\/eltrabajo.cl\/portal\/wp-json\/wp\/v2\/categories?post=16577"},{"taxonomy":"post_tag","embeddable":true,"href":"https:\/\/eltrabajo.cl\/portal\/wp-json\/wp\/v2\/tags?post=16577"}],"curies":[{"name":"wp","href":"https:\/\/api.w.org\/{rel}","templated":true}]}}