{"id":16581,"date":"2012-04-13T09:45:13","date_gmt":"2012-04-13T12:45:13","guid":{"rendered":"http:\/\/www.eltrabajo.cl\/portal\/?p=16581"},"modified":"2012-04-13T09:45:13","modified_gmt":"2012-04-13T12:45:13","slug":"escuelas-municipales-aumentan-puntajes-simce-acortando-brecha-con-subvencionadas","status":"publish","type":"post","link":"https:\/\/eltrabajo.cl\/portal\/escuelas-municipales-aumentan-puntajes-simce-acortando-brecha-con-subvencionadas\/","title":{"rendered":"Escuelas municipales aumentan puntajes Simce acortando brecha con subvencionadas"},"content":{"rendered":"<figure id=\"attachment_16582\" aria-describedby=\"caption-attachment-16582\" style=\"width: 300px\" class=\"wp-caption alignleft\"><a href=\"http:\/\/www.eltrabajo.cl\/portal\/2012\/04\/escuelas-municipales-aumentan-puntajes-simce-acortando-brecha-con-subvencionadas\/jorge-sepulveda-5\/\" rel=\"attachment wp-att-16582\"><img data-recalc-dims=\"1\" loading=\"lazy\" decoding=\"async\" class=\"size-medium wp-image-16582\" title=\"jorge sepulveda\" src=\"https:\/\/i0.wp.com\/www.eltrabajo.cl\/portal\/wp-content\/uploads\/2012\/04\/jorge-sepulveda-300x225.jpg?resize=300%2C225\" alt=\"\" width=\"300\" height=\"225\" srcset=\"https:\/\/i0.wp.com\/eltrabajo.cl\/portal\/wp-content\/uploads\/2012\/04\/jorge-sepulveda.jpg?resize=300%2C225&amp;ssl=1 300w, https:\/\/i0.wp.com\/eltrabajo.cl\/portal\/wp-content\/uploads\/2012\/04\/jorge-sepulveda.jpg?resize=200%2C150&amp;ssl=1 200w, https:\/\/i0.wp.com\/eltrabajo.cl\/portal\/wp-content\/uploads\/2012\/04\/jorge-sepulveda.jpg?resize=150%2C112&amp;ssl=1 150w, https:\/\/i0.wp.com\/eltrabajo.cl\/portal\/wp-content\/uploads\/2012\/04\/jorge-sepulveda.jpg?resize=400%2C300&amp;ssl=1 400w, https:\/\/i0.wp.com\/eltrabajo.cl\/portal\/wp-content\/uploads\/2012\/04\/jorge-sepulveda.jpg?w=600&amp;ssl=1 600w\" sizes=\"auto, (max-width: 300px) 100vw, 300px\" \/><\/a><figcaption id=\"caption-attachment-16582\" class=\"wp-caption-text\">Seg\u00fan explic\u00f3 Jorge Sep\u00falveda, la responsabilidad y el compromiso con que han trabajado profesores, jefe t\u00e9cnicos y directivos entre otros, dan cuenta de los resultados obtenidos en la prueba.<\/figcaption><\/figure>\n<p>Un 63% de los establecimientos educacionales municipales de la comuna de San Felipe lograron subir sus puntajes en la prueba Simce rendida el a\u00f1o pasado. Adem\u00e1s un 37% de esa alza se ha presentado en Lenguaje y Matem\u00e1ticas, mientras que otro 37% ha mostrado un alza en los 3 \u00edtems que se eval\u00faan.<\/p>\n<p>En tanto el resto de los colegios de la comuna mantiene sus niveles de a\u00f1os anteriores y cuatro establecimientos mostrar\u00edan una baja en sus resultados.<\/p>\n<p>As\u00ed lo dio a conocer el director de la DAEM, Jorge Sep\u00falveda, en un an\u00e1lisis bastante r\u00e1pido luego de conocidos los resultados a nivel nacional.<\/p>\n<p>Sep\u00falveda dijo adem\u00e1s que entre los establecimientos que alcanzaron puntajes m\u00e1s altos se encuentran las escuelas Mateo Cokljat con 288 puntos, Buen Pastor con 267 puntos, el Colegio Cordillera con 265 puntos, la escuela Jos\u00e9 Bernardo Su\u00e1rez con 263 puntos y John Kennedy con 257 puntos.<\/p>\n<p>\u201cLas alzas las marcan con mayor fuerza la escuela Mateo Cokjlat con 54 puntos, la escuela b\u00e1sica Buen Pastor con 37, la escuela Juan G\u00f3mez Millas con 31, respecto de su situaci\u00f3n del a\u00f1o anterior\u201d.<\/p>\n<p>Sin embargo Sep\u00falveda adelanta que el an\u00e1lisis que se debe hacer de estos resultados debe ser mucho m\u00e1s acucioso, ya que la informaci\u00f3n todav\u00eda no ha sido procesada con el tiempo necesario.<\/p>\n<p>En esta mirada preliminar de los puntajes, fue posible establecer adem\u00e1s que los establecimientos de esta comuna est\u00e1n en el promedio de la media nacional, es decir que se ha logrado acortar una brecha entre los establecimientos municipalizados y particulares subvencionados, mientras que ca\u00eddas de puntajes son bastante menores, situaci\u00f3n que se presenta en cuatro escuelas de San Felipe.<\/p>\n<p>\u201cYo lo atribuyo a la responsabilidad con que han trabajado los docentes, a que se atendi\u00f3 durante todo el a\u00f1o a los alumnos, no tuvimos en San Felipe paralizaciones o grandes movilizaciones, nuestro alumnado estuvo atendido durante todo el a\u00f1o, hay un compromiso de los jefes t\u00e9cnicos, de los docentes, de los directivos y la inversi\u00f3n que se ha hecho est\u00e1 empezando a dar los resultados\u201d, sostuvo Sep\u00falveda.<\/p>\n","protected":false},"excerpt":{"rendered":"<p>Un 63% de los establecimientos educacionales municipales de la comuna de San Felipe lograron subir sus puntajes en la prueba Simce rendida el a\u00f1o pasado. Adem\u00e1s un 37% de esa alza se&#8230;<\/p>\n","protected":false},"author":482,"featured_media":16582,"comment_status":"open","ping_status":"open","sticky":false,"template":"","format":"standard","meta":{"advanced_seo_description":"","jetpack_seo_html_title":"","jetpack_seo_noindex":false,"_jetpack_memberships_contains_paid_content":false,"footnotes":""},"categories":[17],"tags":[],"class_list":["post-16581","post","type-post","status-publish","format-standard","has-post-thumbnail","hentry","category-educacion"],"jetpack_featured_media_url":"https:\/\/i0.wp.com\/eltrabajo.cl\/portal\/wp-content\/uploads\/2012\/04\/jorge-sepulveda.jpg?fit=600%2C450&ssl=1","jetpack_sharing_enabled":true,"jetpack_likes_enabled":true,"jetpack-related-posts":[],"_links":{"self":[{"href":"https:\/\/eltrabajo.cl\/portal\/wp-json\/wp\/v2\/posts\/16581","targetHints":{"allow":["GET"]}}],"collection":[{"href":"https:\/\/eltrabajo.cl\/portal\/wp-json\/wp\/v2\/posts"}],"about":[{"href":"https:\/\/eltrabajo.cl\/portal\/wp-json\/wp\/v2\/types\/post"}],"author":[{"embeddable":true,"href":"https:\/\/eltrabajo.cl\/portal\/wp-json\/wp\/v2\/users\/482"}],"replies":[{"embeddable":true,"href":"https:\/\/eltrabajo.cl\/portal\/wp-json\/wp\/v2\/comments?post=16581"}],"version-history":[{"count":0,"href":"https:\/\/eltrabajo.cl\/portal\/wp-json\/wp\/v2\/posts\/16581\/revisions"}],"wp:featuredmedia":[{"embeddable":true,"href":"https:\/\/eltrabajo.cl\/portal\/wp-json\/wp\/v2\/media\/16582"}],"wp:attachment":[{"href":"https:\/\/eltrabajo.cl\/portal\/wp-json\/wp\/v2\/media?parent=16581"}],"wp:term":[{"taxonomy":"category","embeddable":true,"href":"https:\/\/eltrabajo.cl\/portal\/wp-json\/wp\/v2\/categories?post=16581"},{"taxonomy":"post_tag","embeddable":true,"href":"https:\/\/eltrabajo.cl\/portal\/wp-json\/wp\/v2\/tags?post=16581"}],"curies":[{"name":"wp","href":"https:\/\/api.w.org\/{rel}","templated":true}]}}