{"id":16585,"date":"2012-04-13T09:48:55","date_gmt":"2012-04-13T12:48:55","guid":{"rendered":"http:\/\/www.eltrabajo.cl\/portal\/?p=16585"},"modified":"2012-04-13T09:48:55","modified_gmt":"2012-04-13T12:48:55","slug":"ninos-con-necesidades-especiales-se-abren-paso-con-%e2%80%98profesores-integradores%e2%80%99","status":"publish","type":"post","link":"https:\/\/eltrabajo.cl\/portal\/ninos-con-necesidades-especiales-se-abren-paso-con-%e2%80%98profesores-integradores%e2%80%99\/","title":{"rendered":"Ni\u00f1os con Necesidades Especiales se abren paso con \u2018Profesores Integradores\u2019"},"content":{"rendered":"<figure id=\"attachment_16586\" aria-describedby=\"caption-attachment-16586\" style=\"width: 600px\" class=\"wp-caption alignnone\"><a href=\"http:\/\/www.eltrabajo.cl\/portal\/2012\/04\/ninos-con-necesidades-especiales-se-abren-paso-con-%e2%80%98profesores-integradores%e2%80%99\/especiales2\/\" rel=\"attachment wp-att-16586\"><img data-recalc-dims=\"1\" loading=\"lazy\" decoding=\"async\" class=\"size-full wp-image-16586\" title=\"Especiales2\" src=\"https:\/\/i0.wp.com\/www.eltrabajo.cl\/portal\/wp-content\/uploads\/2012\/04\/Especiales2.jpg?resize=600%2C405\" alt=\"\" width=\"600\" height=\"405\" srcset=\"https:\/\/i0.wp.com\/eltrabajo.cl\/portal\/wp-content\/uploads\/2012\/04\/Especiales2.jpg?w=600&amp;ssl=1 600w, https:\/\/i0.wp.com\/eltrabajo.cl\/portal\/wp-content\/uploads\/2012\/04\/Especiales2.jpg?resize=200%2C135&amp;ssl=1 200w, https:\/\/i0.wp.com\/eltrabajo.cl\/portal\/wp-content\/uploads\/2012\/04\/Especiales2.jpg?resize=300%2C202&amp;ssl=1 300w, https:\/\/i0.wp.com\/eltrabajo.cl\/portal\/wp-content\/uploads\/2012\/04\/Especiales2.jpg?resize=150%2C101&amp;ssl=1 150w, https:\/\/i0.wp.com\/eltrabajo.cl\/portal\/wp-content\/uploads\/2012\/04\/Especiales2.jpg?resize=400%2C270&amp;ssl=1 400w\" sizes=\"auto, (max-width: 600px) 100vw, 600px\" \/><\/a><figcaption id=\"caption-attachment-16586\" class=\"wp-caption-text\">Estos peque\u00f1os son esos genios que no paran de luchar por superar sus propias limitaciones. Todos ellos estudian en la Escuela Municipal Heriberto Berm\u00fadez de Algarrobal. Les acompa\u00f1a su profesor, \u00c1lvaro Ram\u00edrez.<\/figcaption><\/figure>\n<p>Roberto Gonz\u00e1lez Short &#8211; <a href=\"mailto:rgonzalez@eltrabajo.cl\">rgonzalez@eltrabajo.cl<\/a><\/p>\n<p>No es f\u00e1cil para ellos ser un estudiante que presenta un cuadro de Necesidades Educativas Especiales (NNE), que anhela poder integrarse al mundo que lo rodea y aprender a encajar en una sociedad excluyente como la nuestra. Es un desaf\u00edo que no podr\u00e1 enfrentar solo. Para una adecuada integraci\u00f3n escolar de esta generaci\u00f3n de ni\u00f1as y ni\u00f1os especiales, tambi\u00e9n se necesitan buenos y dedicados profesores que entiendan y comprendan esas \u2018necesidades especiales\u2019 de manera individual en cada uno de ellos.<\/p>\n<figure id=\"attachment_16587\" aria-describedby=\"caption-attachment-16587\" style=\"width: 300px\" class=\"wp-caption alignright\"><a href=\"http:\/\/www.eltrabajo.cl\/portal\/2012\/04\/ninos-con-necesidades-especiales-se-abren-paso-con-%e2%80%98profesores-integradores%e2%80%99\/especiales3\/\" rel=\"attachment wp-att-16587\"><img data-recalc-dims=\"1\" loading=\"lazy\" decoding=\"async\" class=\"size-medium wp-image-16587\" title=\"Especiales3\" src=\"https:\/\/i0.wp.com\/www.eltrabajo.cl\/portal\/wp-content\/uploads\/2012\/04\/Especiales3-300x203.jpg?resize=300%2C203\" alt=\"\" width=\"300\" height=\"203\" srcset=\"https:\/\/i0.wp.com\/eltrabajo.cl\/portal\/wp-content\/uploads\/2012\/04\/Especiales3.jpg?resize=300%2C203&amp;ssl=1 300w, https:\/\/i0.wp.com\/eltrabajo.cl\/portal\/wp-content\/uploads\/2012\/04\/Especiales3.jpg?resize=200%2C135&amp;ssl=1 200w, https:\/\/i0.wp.com\/eltrabajo.cl\/portal\/wp-content\/uploads\/2012\/04\/Especiales3.jpg?resize=150%2C101&amp;ssl=1 150w, https:\/\/i0.wp.com\/eltrabajo.cl\/portal\/wp-content\/uploads\/2012\/04\/Especiales3.jpg?resize=400%2C271&amp;ssl=1 400w, https:\/\/i0.wp.com\/eltrabajo.cl\/portal\/wp-content\/uploads\/2012\/04\/Especiales3.jpg?w=600&amp;ssl=1 600w\" sizes=\"auto, (max-width: 300px) 100vw, 300px\" \/><\/a><figcaption id=\"caption-attachment-16587\" class=\"wp-caption-text\">Muchos son los recursos para que estos peque\u00f1os sigan integr\u00e1ndose a las clases \u2018normales\u2019 y se incorporen plenamente al rol educativo de sus escuelas.<\/figcaption><\/figure>\n<p>En Diario El Trabajo te presentamos hoy la historia de uno de esos profesores que ha dedicado siete de sus 20 a\u00f1os de carrera como educador, a demostrar que con amor, paciencia y un buen plan de trabajo, es posible salir adelante con los problemas de estos peque\u00f1os que necesitan de esa integraci\u00f3n escolar para continuar con una vida normal.<\/p>\n<p><strong>PARADIGMA PRODUCTIVO<\/strong><\/p>\n<p>La idea de la integraci\u00f3n escolar se basa en el paradigma de que es m\u00e1s productivo para todos un grupo heterog\u00e9neo que uno -supuestamente- homog\u00e9neo y que con la inclusi\u00f3n en el aula de chicos con NEE se benefician tanto unos como otros.<\/p>\n<p>\u201cHay ni\u00f1os que yo atiendo que son calificados como \u2018transitorios\u2019, luego de algunos meses de establecer planes de estudios personalizados con cada uno de ellos, pasan a reincorporarse de lleno a las clases \u2018normales\u2019 o, por el contrario, se establece que su condici\u00f3n de estudiante con NEE pasa a ser \u2018Permanente\u2019 y de igual manera logran avanzar educativamente\u201d, explic\u00f3 a nuestro medio el Profesor de Ense\u00f1anza Especial, \u00c1lvaro Ram\u00edrez Rivera.<\/p>\n<figure id=\"attachment_16588\" aria-describedby=\"caption-attachment-16588\" style=\"width: 179px\" class=\"wp-caption alignleft\"><a href=\"http:\/\/www.eltrabajo.cl\/portal\/2012\/04\/ninos-con-necesidades-especiales-se-abren-paso-con-%e2%80%98profesores-integradores%e2%80%99\/alvaro1\/\" rel=\"attachment wp-att-16588\"><img data-recalc-dims=\"1\" loading=\"lazy\" decoding=\"async\" class=\"size-medium wp-image-16588 \" title=\"Alvaro1\" src=\"https:\/\/i0.wp.com\/www.eltrabajo.cl\/portal\/wp-content\/uploads\/2012\/04\/Alvaro1-298x300.jpg?resize=179%2C180\" alt=\"\" width=\"179\" height=\"180\" srcset=\"https:\/\/i0.wp.com\/eltrabajo.cl\/portal\/wp-content\/uploads\/2012\/04\/Alvaro1.jpg?resize=298%2C300&amp;ssl=1 298w, https:\/\/i0.wp.com\/eltrabajo.cl\/portal\/wp-content\/uploads\/2012\/04\/Alvaro1.jpg?resize=149%2C150&amp;ssl=1 149w, https:\/\/i0.wp.com\/eltrabajo.cl\/portal\/wp-content\/uploads\/2012\/04\/Alvaro1.jpg?resize=150%2C150&amp;ssl=1 150w, https:\/\/i0.wp.com\/eltrabajo.cl\/portal\/wp-content\/uploads\/2012\/04\/Alvaro1.jpg?resize=400%2C401&amp;ssl=1 400w, https:\/\/i0.wp.com\/eltrabajo.cl\/portal\/wp-content\/uploads\/2012\/04\/Alvaro1.jpg?w=1020&amp;ssl=1 1020w\" sizes=\"auto, (max-width: 179px) 100vw, 179px\" \/><\/a><figcaption id=\"caption-attachment-16588\" class=\"wp-caption-text\">El profesor de Ense\u00f1anza Especial, \u00c1lvaro Ram\u00edrez Rivera, tambi\u00e9n brinda sus servicios en la escuela Buen Pastor con ni\u00f1os especiales.<\/figcaption><\/figure>\n<p>\u201cEllos reciben apoyo multidisciplinarlo en Psicolog\u00eda, Fonoaudiolog\u00eda, Neurolog\u00eda, Pediatr\u00eda que requieran para salir adelante, tambi\u00e9n trabajamos con su familia, contamos para ello con recursos tecnol\u00f3gicos, apoyo institucional, contenidos digitales y los educadores mismos, a fin de generarles un ambiente de aprendizaje enriquecidos con todos estos recursos\u201d, agreg\u00f3 Ram\u00edrez.<\/p>\n<p>En el caso de estos ni\u00f1os con NEE, hace falta incorporar la figura del \u2018Maestro integrador\u2019, un adulto especializado que disponga de los recursos que el maestro com\u00fan no maneja y que pueda acompa\u00f1ar al ni\u00f1o en el aprendizaje de los contenidos y en el aprendizaje de los v\u00ednculos, en este caso, \u00c1lvaro Ram\u00edrez es ese \u2018Maestro Integrador\u2019. Como sociedad, la integraci\u00f3n escolar es un camino necesario que apenas hemos empezado a recorrer, pero que promete enormes beneficios para hoy y para ma\u00f1ana.<\/p>\n","protected":false},"excerpt":{"rendered":"<p>Roberto Gonz\u00e1lez Short &#8211; rgonzalez@eltrabajo.cl No es f\u00e1cil para ellos ser un estudiante que presenta un cuadro de Necesidades Educativas Especiales (NNE), que anhela poder integrarse al mundo que lo rodea y&#8230;<\/p>\n","protected":false},"author":482,"featured_media":16586,"comment_status":"open","ping_status":"open","sticky":false,"template":"","format":"standard","meta":{"advanced_seo_description":"","jetpack_seo_html_title":"","jetpack_seo_noindex":false,"_jetpack_memberships_contains_paid_content":false,"footnotes":""},"categories":[15],"tags":[],"class_list":["post-16585","post","type-post","status-publish","format-standard","has-post-thumbnail","hentry","category-comunidad"],"jetpack_featured_media_url":"https:\/\/i0.wp.com\/eltrabajo.cl\/portal\/wp-content\/uploads\/2012\/04\/Especiales2.jpg?fit=600%2C405&ssl=1","jetpack_sharing_enabled":true,"jetpack_likes_enabled":true,"jetpack-related-posts":[],"_links":{"self":[{"href":"https:\/\/eltrabajo.cl\/portal\/wp-json\/wp\/v2\/posts\/16585","targetHints":{"allow":["GET"]}}],"collection":[{"href":"https:\/\/eltrabajo.cl\/portal\/wp-json\/wp\/v2\/posts"}],"about":[{"href":"https:\/\/eltrabajo.cl\/portal\/wp-json\/wp\/v2\/types\/post"}],"author":[{"embeddable":true,"href":"https:\/\/eltrabajo.cl\/portal\/wp-json\/wp\/v2\/users\/482"}],"replies":[{"embeddable":true,"href":"https:\/\/eltrabajo.cl\/portal\/wp-json\/wp\/v2\/comments?post=16585"}],"version-history":[{"count":0,"href":"https:\/\/eltrabajo.cl\/portal\/wp-json\/wp\/v2\/posts\/16585\/revisions"}],"wp:featuredmedia":[{"embeddable":true,"href":"https:\/\/eltrabajo.cl\/portal\/wp-json\/wp\/v2\/media\/16586"}],"wp:attachment":[{"href":"https:\/\/eltrabajo.cl\/portal\/wp-json\/wp\/v2\/media?parent=16585"}],"wp:term":[{"taxonomy":"category","embeddable":true,"href":"https:\/\/eltrabajo.cl\/portal\/wp-json\/wp\/v2\/categories?post=16585"},{"taxonomy":"post_tag","embeddable":true,"href":"https:\/\/eltrabajo.cl\/portal\/wp-json\/wp\/v2\/tags?post=16585"}],"curies":[{"name":"wp","href":"https:\/\/api.w.org\/{rel}","templated":true}]}}