{"id":16593,"date":"2012-04-13T09:52:14","date_gmt":"2012-04-13T12:52:14","guid":{"rendered":"http:\/\/www.eltrabajo.cl\/portal\/?p=16593"},"modified":"2012-04-13T09:52:14","modified_gmt":"2012-04-13T12:52:14","slug":"escuelita-rural-de-el-asiento-sostiene-a-los-53-pequenines-mas-aplicados","status":"publish","type":"post","link":"https:\/\/eltrabajo.cl\/portal\/escuelita-rural-de-el-asiento-sostiene-a-los-53-pequenines-mas-aplicados\/","title":{"rendered":"Escuelita rural de El Asiento sostiene a los 53 peque\u00f1ines m\u00e1s aplicados"},"content":{"rendered":"<figure id=\"attachment_16594\" aria-describedby=\"caption-attachment-16594\" style=\"width: 600px\" class=\"wp-caption alignnone\"><a href=\"http:\/\/www.eltrabajo.cl\/portal\/2012\/04\/escuelita-rural-de-el-asiento-sostiene-a-los-53-pequenines-mas-aplicados\/escuelita2\/\" rel=\"attachment wp-att-16594\"><img data-recalc-dims=\"1\" loading=\"lazy\" decoding=\"async\" class=\"size-full wp-image-16594\" title=\"Escuelita2\" src=\"https:\/\/i0.wp.com\/www.eltrabajo.cl\/portal\/wp-content\/uploads\/2012\/04\/Escuelita2.jpg?resize=600%2C448\" alt=\"\" width=\"600\" height=\"448\" srcset=\"https:\/\/i0.wp.com\/eltrabajo.cl\/portal\/wp-content\/uploads\/2012\/04\/Escuelita2.jpg?w=600&amp;ssl=1 600w, https:\/\/i0.wp.com\/eltrabajo.cl\/portal\/wp-content\/uploads\/2012\/04\/Escuelita2.jpg?resize=200%2C150&amp;ssl=1 200w, https:\/\/i0.wp.com\/eltrabajo.cl\/portal\/wp-content\/uploads\/2012\/04\/Escuelita2.jpg?resize=300%2C224&amp;ssl=1 300w, https:\/\/i0.wp.com\/eltrabajo.cl\/portal\/wp-content\/uploads\/2012\/04\/Escuelita2.jpg?resize=150%2C112&amp;ssl=1 150w, https:\/\/i0.wp.com\/eltrabajo.cl\/portal\/wp-content\/uploads\/2012\/04\/Escuelita2.jpg?resize=400%2C298&amp;ssl=1 400w\" sizes=\"auto, (max-width: 600px) 100vw, 600px\" \/><\/a><figcaption id=\"caption-attachment-16594\" class=\"wp-caption-text\">El entusiasmo y ganas de estudiar de estos peque\u00f1os no necesita ser descrito, la sonrisa en sus rostros explica por qu\u00e9 ellos son los m\u00e1s puntuales y con mejores calificaciones.<\/figcaption><\/figure>\n<ul>\n<li><strong>Con un 100% en Puntualidad y Asistencia escolar, ni\u00f1os no paran de re\u00edr y aprender.<\/strong><\/li>\n<\/ul>\n<p>Roberto Gonz\u00e1lez Short &#8211; <a href=\"mailto:rgonzalez@eltrabajo.cl\">rgonzalez@eltrabajo.cl<\/a><\/p>\n<p>Cuando un ni\u00f1o llega tarde a su escuela, no solamente pierde esos valiosos minutos de estudio, sino que su centro educativo pierde una min\u00fascula porci\u00f3n en categor\u00eda para efectos de futuras evaluaciones del alumnado que contemplen la puntualidad como eje de la eventual evaluaci\u00f3n. En Diario El Trabajo hoy reportamos un caso muy diferente en ese sentido y te presentamos a la matr\u00edcula m\u00e1s puntual de la provincia, al menos as\u00ed lo asegur\u00f3 el Director de la Escuela \u2018Jos\u00e9 Bernardo Su\u00e1rez\u2019, Juan Gallardo.<\/p>\n<figure id=\"attachment_16595\" aria-describedby=\"caption-attachment-16595\" style=\"width: 300px\" class=\"wp-caption alignright\"><a href=\"http:\/\/www.eltrabajo.cl\/portal\/2012\/04\/escuelita-rural-de-el-asiento-sostiene-a-los-53-pequenines-mas-aplicados\/asiento1\/\" rel=\"attachment wp-att-16595\"><img data-recalc-dims=\"1\" loading=\"lazy\" decoding=\"async\" class=\"size-medium wp-image-16595\" title=\"Asiento1\" src=\"https:\/\/i0.wp.com\/www.eltrabajo.cl\/portal\/wp-content\/uploads\/2012\/04\/Asiento1-300x225.jpg?resize=300%2C225\" alt=\"\" width=\"300\" height=\"225\" srcset=\"https:\/\/i0.wp.com\/eltrabajo.cl\/portal\/wp-content\/uploads\/2012\/04\/Asiento1.jpg?resize=300%2C225&amp;ssl=1 300w, https:\/\/i0.wp.com\/eltrabajo.cl\/portal\/wp-content\/uploads\/2012\/04\/Asiento1.jpg?resize=200%2C150&amp;ssl=1 200w, https:\/\/i0.wp.com\/eltrabajo.cl\/portal\/wp-content\/uploads\/2012\/04\/Asiento1.jpg?resize=150%2C112&amp;ssl=1 150w, https:\/\/i0.wp.com\/eltrabajo.cl\/portal\/wp-content\/uploads\/2012\/04\/Asiento1.jpg?resize=400%2C300&amp;ssl=1 400w, https:\/\/i0.wp.com\/eltrabajo.cl\/portal\/wp-content\/uploads\/2012\/04\/Asiento1.jpg?w=600&amp;ssl=1 600w\" sizes=\"auto, (max-width: 300px) 100vw, 300px\" \/><\/a><figcaption id=\"caption-attachment-16595\" class=\"wp-caption-text\">Estos son los educadores encargados de sembrar en el coraz\u00f3n y mentes de sus alumnos, el deseo por triunfar y seguir aprendiendo que la puntualidad es muy importante si queremos llegar a la cita con el \u00e9xito en la vida.<\/figcaption><\/figure>\n<p><strong>CASI UN SIGLO<\/strong><\/p>\n<p>\u201cMis alumnos son los m\u00e1s puntuales que he tenido en mis 20 a\u00f1os como educador, el compa\u00f1erismo y sus buenas calificaciones me hacen sentir m\u00e1s que orgulloso, los siete profesores que tengo a cargo son j\u00f3venes y muy talentosos, por lo que estoy seguro seguiremos gozando de la Excelencia Acad\u00e9mica como lo hacemos desde hace cinco a\u00f1os\u201d, explic\u00f3 Gallardo.<\/p>\n<p>Esta humilde e hist\u00f3rica escuelita cuenta con 97 a\u00f1os de existencia en El Asiento, es una m\u00e1s de las que gozan del patrocinio municipal as\u00ed como el ser una de las cinco premiadas con Excelencia Acad\u00e9mica este a\u00f1o.<\/p>\n<p>\u201cNuestro centro educativo originalmente se fund\u00f3 en 1915, funcion\u00f3 en varios aposentos dentro de nuestro peque\u00f1o pueblo hasta quedar definitivamente en este lugar, el nombre de nuestra escuela lo lleva en honor al primer Supervisor Nacional en Educaci\u00f3n que sirvi\u00f3 al pa\u00eds en el a\u00f1o 1848, don Jos\u00e9 Bernardo Su\u00e1rez\u201d, a\u00f1adi\u00f3 el Director de la escuela.<\/p>\n<p><strong>RECURSOS DISPONIBLES<\/strong><\/p>\n<figure id=\"attachment_16596\" aria-describedby=\"caption-attachment-16596\" style=\"width: 157px\" class=\"wp-caption alignleft\"><a href=\"http:\/\/www.eltrabajo.cl\/portal\/2012\/04\/escuelita-rural-de-el-asiento-sostiene-a-los-53-pequenines-mas-aplicados\/juan-gallardo\/\" rel=\"attachment wp-att-16596\"><img data-recalc-dims=\"1\" loading=\"lazy\" decoding=\"async\" class=\"size-medium wp-image-16596 \" title=\"Juan Gallardo\" src=\"https:\/\/i0.wp.com\/www.eltrabajo.cl\/portal\/wp-content\/uploads\/2012\/04\/Juan-Gallardo-261x300.jpg?resize=157%2C180\" alt=\"\" width=\"157\" height=\"180\" srcset=\"https:\/\/i0.wp.com\/eltrabajo.cl\/portal\/wp-content\/uploads\/2012\/04\/Juan-Gallardo.jpg?resize=261%2C300&amp;ssl=1 261w, https:\/\/i0.wp.com\/eltrabajo.cl\/portal\/wp-content\/uploads\/2012\/04\/Juan-Gallardo.jpg?resize=130%2C150&amp;ssl=1 130w, https:\/\/i0.wp.com\/eltrabajo.cl\/portal\/wp-content\/uploads\/2012\/04\/Juan-Gallardo.jpg?resize=400%2C459&amp;ssl=1 400w, https:\/\/i0.wp.com\/eltrabajo.cl\/portal\/wp-content\/uploads\/2012\/04\/Juan-Gallardo.jpg?w=891&amp;ssl=1 891w\" sizes=\"auto, (max-width: 157px) 100vw, 157px\" \/><\/a><figcaption id=\"caption-attachment-16596\" class=\"wp-caption-text\">Juan Gallardo, Director de la Escuela Jos\u00e9 Bernardo Su\u00e1rez, en El Asiento de San Felipe.<\/figcaption><\/figure>\n<p>Esta \u2018colmena del saber\u2019 cuenta tambi\u00e9n con el Consejo General de Padres y Apoderados que diariamente vela porque la instituci\u00f3n y sus peque\u00f1os no pierdan el rumbo, adem\u00e1s es una escuela que trabaja sus materias en Salas Tem\u00e1ticas, o sea, los alumnos llegan al aula espec\u00edfica por temas y no como se hac\u00eda a\u00f1os atr\u00e1s, cuando los profesores ten\u00edan que ir a los salones para impartir, a veces no muy ordenadamente, sus clases. Cada estudiante cuenta con su propio casillero en estas Salas Tem\u00e1ticas.<\/p>\n<p>\u201cImpartimos clases desde Preb\u00e1sica hasta 6\u00ba B\u00e1sico y para este segundo semestre planeamos abrir matr\u00edcula de los niveles Medio Mayor y Medio Menor (2 y 3 a\u00f1os), pues ya contamos con los respectivos recursos y tambi\u00e9n con unos 25 ni\u00f1os debidamente matriculados\u201d, inform\u00f3 a Diario El Trabajo, Juan Gallardo.<\/p>\n","protected":false},"excerpt":{"rendered":"<p>Con un 100% en Puntualidad y Asistencia escolar, ni\u00f1os no paran de re\u00edr y aprender. Roberto Gonz\u00e1lez Short &#8211; rgonzalez@eltrabajo.cl Cuando un ni\u00f1o llega tarde a su escuela, no solamente pierde esos&#8230;<\/p>\n","protected":false},"author":482,"featured_media":16594,"comment_status":"open","ping_status":"open","sticky":false,"template":"","format":"standard","meta":{"advanced_seo_description":"","jetpack_seo_html_title":"","jetpack_seo_noindex":false,"_jetpack_memberships_contains_paid_content":false,"footnotes":""},"categories":[15],"tags":[],"class_list":["post-16593","post","type-post","status-publish","format-standard","has-post-thumbnail","hentry","category-comunidad"],"jetpack_featured_media_url":"https:\/\/i0.wp.com\/eltrabajo.cl\/portal\/wp-content\/uploads\/2012\/04\/Escuelita2.jpg?fit=600%2C448&ssl=1","jetpack_sharing_enabled":true,"jetpack_likes_enabled":true,"jetpack-related-posts":[],"_links":{"self":[{"href":"https:\/\/eltrabajo.cl\/portal\/wp-json\/wp\/v2\/posts\/16593","targetHints":{"allow":["GET"]}}],"collection":[{"href":"https:\/\/eltrabajo.cl\/portal\/wp-json\/wp\/v2\/posts"}],"about":[{"href":"https:\/\/eltrabajo.cl\/portal\/wp-json\/wp\/v2\/types\/post"}],"author":[{"embeddable":true,"href":"https:\/\/eltrabajo.cl\/portal\/wp-json\/wp\/v2\/users\/482"}],"replies":[{"embeddable":true,"href":"https:\/\/eltrabajo.cl\/portal\/wp-json\/wp\/v2\/comments?post=16593"}],"version-history":[{"count":0,"href":"https:\/\/eltrabajo.cl\/portal\/wp-json\/wp\/v2\/posts\/16593\/revisions"}],"wp:featuredmedia":[{"embeddable":true,"href":"https:\/\/eltrabajo.cl\/portal\/wp-json\/wp\/v2\/media\/16594"}],"wp:attachment":[{"href":"https:\/\/eltrabajo.cl\/portal\/wp-json\/wp\/v2\/media?parent=16593"}],"wp:term":[{"taxonomy":"category","embeddable":true,"href":"https:\/\/eltrabajo.cl\/portal\/wp-json\/wp\/v2\/categories?post=16593"},{"taxonomy":"post_tag","embeddable":true,"href":"https:\/\/eltrabajo.cl\/portal\/wp-json\/wp\/v2\/tags?post=16593"}],"curies":[{"name":"wp","href":"https:\/\/api.w.org\/{rel}","templated":true}]}}