{"id":16601,"date":"2012-04-13T09:55:13","date_gmt":"2012-04-13T12:55:13","guid":{"rendered":"http:\/\/www.eltrabajo.cl\/portal\/?p=16601"},"modified":"2012-04-13T09:55:13","modified_gmt":"2012-04-13T12:55:13","slug":"furgon-repartidor-de-pan-volco-por-evitar-choque-frontal-en-ruta-e-71","status":"publish","type":"post","link":"https:\/\/eltrabajo.cl\/portal\/furgon-repartidor-de-pan-volco-por-evitar-choque-frontal-en-ruta-e-71\/","title":{"rendered":"Furg\u00f3n repartidor de pan volc\u00f3 por evitar choque frontal en ruta E-71"},"content":{"rendered":"<figure id=\"attachment_16602\" aria-describedby=\"caption-attachment-16602\" style=\"width: 600px\" class=\"wp-caption alignnone\"><a href=\"http:\/\/www.eltrabajo.cl\/portal\/2012\/04\/furgon-repartidor-de-pan-volco-por-evitar-choque-frontal-en-ruta-e-71\/accidente-2\/\" rel=\"attachment wp-att-16602\"><img data-recalc-dims=\"1\" loading=\"lazy\" decoding=\"async\" class=\"size-full wp-image-16602\" title=\"accidente (2)\" src=\"https:\/\/i0.wp.com\/www.eltrabajo.cl\/portal\/wp-content\/uploads\/2012\/04\/accidente-2.jpg?resize=600%2C450\" alt=\"\" width=\"600\" height=\"450\" srcset=\"https:\/\/i0.wp.com\/eltrabajo.cl\/portal\/wp-content\/uploads\/2012\/04\/accidente-2.jpg?w=600&amp;ssl=1 600w, https:\/\/i0.wp.com\/eltrabajo.cl\/portal\/wp-content\/uploads\/2012\/04\/accidente-2.jpg?resize=200%2C150&amp;ssl=1 200w, https:\/\/i0.wp.com\/eltrabajo.cl\/portal\/wp-content\/uploads\/2012\/04\/accidente-2.jpg?resize=300%2C225&amp;ssl=1 300w, https:\/\/i0.wp.com\/eltrabajo.cl\/portal\/wp-content\/uploads\/2012\/04\/accidente-2.jpg?resize=150%2C112&amp;ssl=1 150w, https:\/\/i0.wp.com\/eltrabajo.cl\/portal\/wp-content\/uploads\/2012\/04\/accidente-2.jpg?resize=400%2C300&amp;ssl=1 400w\" sizes=\"auto, (max-width: 600px) 100vw, 600px\" \/><\/a><figcaption id=\"caption-attachment-16602\" class=\"wp-caption-text\">El furg\u00f3n se estrell\u00f3 contra el muro para posteriormente volcarse y quedar  sobre sus cuatro ruedas.<\/figcaption><\/figure>\n<p><strong>PUTAENDO<\/strong>.- Un furg\u00f3n repartidor de pan volc\u00f3 la ma\u00f1ana de este jueves en el sector del paradero El Sauce en la carretera E-71 que une Putaendo con San Felipe, tras evitar chocar de frente con otro veh\u00edculo.<\/p>\n<p>El accidente ocurri\u00f3 a eso de las 08.05 horas, cuando el furg\u00f3n Chevrolet patente DT-BJ 98, conducido por Jaime Olivares con domicilio en Granallas, quien se dirig\u00eda desde San Felipe hacia Putaendo,\u00a0 al llegar al lugar antes mocionado debi\u00f3 realizar una maniobra de \u00faltimo minuto para evitar colisionar a otro veh\u00edculo que repentinamente trat\u00f3 de virar en dicho lugar.<\/p>\n<p>El hijo del conductor que arrib\u00f3 hasta el lugar del accidente, se\u00f1al\u00f3 a Diario El Trabajo que a aparte de la maniobra realizada por su padre,\u00a0 el accidente tambi\u00e9n se debi\u00f3 al p\u00e9simo estado de la carretera, ya que en el lugar donde ocurri\u00f3 el volcamiento hay enormes resaltos que dificultan y ponen en peligro a los automovilistas que a diario transitan por la carretera.<\/p>\n<p>El furg\u00f3n cruz\u00f3 el eje de la calzada chocando de costado con una gruesa muralla, para posteriormente volcarse y quedar\u00a0 sobre sus cuatro ruedas, con da\u00f1os de consideraci\u00f3n, donde afortunadamente su conductor result\u00f3 totalmente ileso.<\/p>\n<p>Carabineros adopt\u00f3 el procedimiento de rigor, enviando los antecedentes al juzgado de polic\u00eda local para esclarecer las causas exactas de este volcamiento.<\/p>\n<p><strong>Patricio Gallardo M.<\/strong><\/p>\n","protected":false},"excerpt":{"rendered":"<p>PUTAENDO.- Un furg\u00f3n repartidor de pan volc\u00f3 la ma\u00f1ana de este jueves en el sector del paradero El Sauce en la carretera E-71 que une Putaendo con San Felipe, tras evitar chocar&#8230;<\/p>\n","protected":false},"author":482,"featured_media":16602,"comment_status":"open","ping_status":"open","sticky":false,"template":"","format":"standard","meta":{"advanced_seo_description":"","jetpack_seo_html_title":"","jetpack_seo_noindex":false,"_jetpack_memberships_contains_paid_content":false,"footnotes":""},"categories":[21],"tags":[],"class_list":["post-16601","post","type-post","status-publish","format-standard","has-post-thumbnail","hentry","category-policial"],"jetpack_featured_media_url":"https:\/\/i0.wp.com\/eltrabajo.cl\/portal\/wp-content\/uploads\/2012\/04\/accidente-2.jpg?fit=600%2C450&ssl=1","jetpack_sharing_enabled":true,"jetpack_likes_enabled":true,"jetpack-related-posts":[],"_links":{"self":[{"href":"https:\/\/eltrabajo.cl\/portal\/wp-json\/wp\/v2\/posts\/16601","targetHints":{"allow":["GET"]}}],"collection":[{"href":"https:\/\/eltrabajo.cl\/portal\/wp-json\/wp\/v2\/posts"}],"about":[{"href":"https:\/\/eltrabajo.cl\/portal\/wp-json\/wp\/v2\/types\/post"}],"author":[{"embeddable":true,"href":"https:\/\/eltrabajo.cl\/portal\/wp-json\/wp\/v2\/users\/482"}],"replies":[{"embeddable":true,"href":"https:\/\/eltrabajo.cl\/portal\/wp-json\/wp\/v2\/comments?post=16601"}],"version-history":[{"count":0,"href":"https:\/\/eltrabajo.cl\/portal\/wp-json\/wp\/v2\/posts\/16601\/revisions"}],"wp:featuredmedia":[{"embeddable":true,"href":"https:\/\/eltrabajo.cl\/portal\/wp-json\/wp\/v2\/media\/16602"}],"wp:attachment":[{"href":"https:\/\/eltrabajo.cl\/portal\/wp-json\/wp\/v2\/media?parent=16601"}],"wp:term":[{"taxonomy":"category","embeddable":true,"href":"https:\/\/eltrabajo.cl\/portal\/wp-json\/wp\/v2\/categories?post=16601"},{"taxonomy":"post_tag","embeddable":true,"href":"https:\/\/eltrabajo.cl\/portal\/wp-json\/wp\/v2\/tags?post=16601"}],"curies":[{"name":"wp","href":"https:\/\/api.w.org\/{rel}","templated":true}]}}