{"id":16605,"date":"2012-04-13T09:57:45","date_gmt":"2012-04-13T12:57:45","guid":{"rendered":"http:\/\/www.eltrabajo.cl\/portal\/?p=16605"},"modified":"2012-04-13T09:57:45","modified_gmt":"2012-04-13T12:57:45","slug":"fiscalia-militar-investiga-suicidio-de-detenido-en-calabozo-de-calle-larga","status":"publish","type":"post","link":"https:\/\/eltrabajo.cl\/portal\/fiscalia-militar-investiga-suicidio-de-detenido-en-calabozo-de-calle-larga\/","title":{"rendered":"Fiscal\u00eda militar investiga suicidio de detenido en calabozo de Calle Larga"},"content":{"rendered":"<figure id=\"attachment_16606\" aria-describedby=\"caption-attachment-16606\" style=\"width: 600px\" class=\"wp-caption alignnone\"><a href=\"http:\/\/www.eltrabajo.cl\/portal\/2012\/04\/fiscalia-militar-investiga-suicidio-de-detenido-en-calabozo-de-calle-larga\/suicidio-tenencia5\/\" rel=\"attachment wp-att-16606\"><img data-recalc-dims=\"1\" loading=\"lazy\" decoding=\"async\" class=\"size-full wp-image-16606\" title=\"suicidio-tenencia5\" src=\"https:\/\/i0.wp.com\/www.eltrabajo.cl\/portal\/wp-content\/uploads\/2012\/04\/suicidio-tenencia5.jpg?resize=600%2C405\" alt=\"\" width=\"600\" height=\"405\" srcset=\"https:\/\/i0.wp.com\/eltrabajo.cl\/portal\/wp-content\/uploads\/2012\/04\/suicidio-tenencia5.jpg?w=600&amp;ssl=1 600w, https:\/\/i0.wp.com\/eltrabajo.cl\/portal\/wp-content\/uploads\/2012\/04\/suicidio-tenencia5.jpg?resize=200%2C135&amp;ssl=1 200w, https:\/\/i0.wp.com\/eltrabajo.cl\/portal\/wp-content\/uploads\/2012\/04\/suicidio-tenencia5.jpg?resize=300%2C202&amp;ssl=1 300w, https:\/\/i0.wp.com\/eltrabajo.cl\/portal\/wp-content\/uploads\/2012\/04\/suicidio-tenencia5.jpg?resize=150%2C101&amp;ssl=1 150w, https:\/\/i0.wp.com\/eltrabajo.cl\/portal\/wp-content\/uploads\/2012\/04\/suicidio-tenencia5.jpg?resize=400%2C270&amp;ssl=1 400w\" sizes=\"auto, (max-width: 600px) 100vw, 600px\" \/><\/a><figcaption id=\"caption-attachment-16606\" class=\"wp-caption-text\">En el lugar se constituy\u00f3 personal de la Brigada de Homicidios y del Laboratorio de Criminal\u00edstica de la PDI.<\/figcaption><\/figure>\n<ul>\n<li><strong>Occiso hab\u00eda golpeado a su ex esposa en su lugar de trabajo, siendo detenido por Carabineros y trasladado al cuartel donde se quit\u00f3 la vida usando su camisa que at\u00f3 a los barrotes de la celda.<\/strong><\/li>\n<\/ul>\n<p><strong>CALLE LARGA.-<\/strong> La Fiscal\u00eda Militar ser\u00e1 la encargada de investigar la muerte del joven Dar\u00edo Antonio B\u00e1ez Arancibia, de 29 a\u00f1os de edad, quien se quit\u00f3 la vida al interior del calabozo de la Tenencia de Carabineros de Calle Larga.<\/p>\n<p>Lo anterior debido a que se trata de una muerte ocurrida al interior de un cuartel policial.<\/p>\n<p>Tal como inform\u00e1ramos en nuestra edici\u00f3n de ayer jueves, el hecho se registr\u00f3 la tarde del mi\u00e9rcoles, cuando el joven trabajador se encontraba detenido en la Tenencia de Carabineros de Calle Larga, quien utilizando una camisa se quit\u00f3 la vida por ahorcamiento.<\/p>\n<p>&nbsp;<\/p>\n<figure id=\"attachment_16607\" aria-describedby=\"caption-attachment-16607\" style=\"width: 261px\" class=\"wp-caption alignright\"><a href=\"http:\/\/www.eltrabajo.cl\/portal\/2012\/04\/fiscalia-militar-investiga-suicidio-de-detenido-en-calabozo-de-calle-larga\/dario-baez-arancibia1\/\" rel=\"attachment wp-att-16607\"><img data-recalc-dims=\"1\" loading=\"lazy\" decoding=\"async\" class=\"size-medium wp-image-16607\" title=\"dario-baez-arancibia1\" src=\"https:\/\/i0.wp.com\/www.eltrabajo.cl\/portal\/wp-content\/uploads\/2012\/04\/dario-baez-arancibia1-261x300.jpg?resize=261%2C300\" alt=\"\" width=\"261\" height=\"300\" srcset=\"https:\/\/i0.wp.com\/eltrabajo.cl\/portal\/wp-content\/uploads\/2012\/04\/dario-baez-arancibia1.jpg?resize=261%2C300&amp;ssl=1 261w, https:\/\/i0.wp.com\/eltrabajo.cl\/portal\/wp-content\/uploads\/2012\/04\/dario-baez-arancibia1.jpg?resize=130%2C150&amp;ssl=1 130w, https:\/\/i0.wp.com\/eltrabajo.cl\/portal\/wp-content\/uploads\/2012\/04\/dario-baez-arancibia1.jpg?resize=400%2C459&amp;ssl=1 400w, https:\/\/i0.wp.com\/eltrabajo.cl\/portal\/wp-content\/uploads\/2012\/04\/dario-baez-arancibia1.jpg?w=892&amp;ssl=1 892w\" sizes=\"auto, (max-width: 261px) 100vw, 261px\" \/><\/a><figcaption id=\"caption-attachment-16607\" class=\"wp-caption-text\">El joven Dar\u00edo B\u00e1ez Arancibia se encontraba separado de su ex esposa y con prohibici\u00f3n judicial de acercarse a ella.<\/figcaption><\/figure>\n<p>&nbsp;<\/p>\n<p>Todo parti\u00f3 a eso de las 19 horas, cuando B\u00e1ez lleg\u00f3 hasta el lugar de trabajo de su ex pareja, Paola N\u00fa\u00f1ez, ubicado en esa comuna, y procedi\u00f3 a agredirla f\u00edsicamente. Tras ello, los patrones de la mujer llamaron a Carabineros quienes llegaron al lugar y la trasladaron hasta la unidad policial.<\/p>\n<p>Sin embargo, durante el trayecto los polic\u00edas recibieron informaci\u00f3n de que el sujeto hab\u00eda vuelto al lugar de trabajo de la mujer, por lo que regresaron y lo arrestaron.<\/p>\n<p>El Subprefecto de Carabineros de Aconcagua, Comandante Francisco Castro, indic\u00f3 que una vez que el detenido fue conducido a la tenencia de Calle Larga, se le registraron sus vestimentas y luego le quitaron los cordones de sus zapatos y el cintur\u00f3n del pantal\u00f3n, a fin de que no tuviera a mano elementos para autoinferirse lesiones.<\/p>\n<p>\u201cSe trata de un procedimiento normal preventivo que se hace con todos los detenidos y luego es conducido al calabozo, mientras se le toma declaraci\u00f3n a la v\u00edctima que era la se\u00f1ora agredida\u201d, inform\u00f3 el oficial.<\/p>\n<p>Agreg\u00f3 que transcurridos entre tres y cuatro minutos, un funcionario ingresa a los calabozos y encuentra al imputado que hab\u00eda atado su camisa a uno de los barrotes y el otro extremo a su cuello.<\/p>\n<p>\u201cCon ese v\u00ednculo la persona se ahorca, raz\u00f3n por la cual es sacado inmediatamente del calabozo para realizarle las maniobras de reanimaci\u00f3n, luego llega personal del SAMU que contin\u00faa con las maniobras, pero lamentablemente esta persona fallece a las 20:45 horas\u201d, explic\u00f3.<\/p>\n<p>Asimismo, se constituyeron en el lugar oficiales de la Brigada de Homicidios de la PDI de Los Andes y del Laboratorio de Criminal\u00edstica, quienes llevaron adelante las pericias del cuerpo del trabajador.<\/p>\n<p>Por otro lado, el Comandante Castro se\u00f1al\u00f3 que esta persona fue ingresada en normal estado de temperancia al calabozo, \u201ctoda vez que continuamente estaba insultando a la se\u00f1ora que ya hab\u00eda agredido previamente y era un procedimiento por violencia intrafamiliar\u201d.<\/p>\n<p>El Subprefecto record\u00f3 que el suicida ten\u00eda una prohibici\u00f3n judicial de acercarse a su ex esposa, por lo cual al momento de su detenci\u00f3n estaba cometiendo el delito de desacato.<\/p>\n<p>El trabajador ten\u00eda domicilio en la villa Portal Nevado de Los Andes y se trata del segundo caso de suicidio en menos de 24 horas que se registra en la provincia.<\/p>\n<p>Luego de casi cuatro horas de peritaje el cuerpo fue remitido al Servicio M\u00e9dico Legal de San Felipe para realizarle la autopsia de rigor.<\/p>\n","protected":false},"excerpt":{"rendered":"<p>Occiso hab\u00eda golpeado a su ex esposa en su lugar de trabajo, siendo detenido por Carabineros y trasladado al cuartel donde se quit\u00f3 la vida usando su camisa que at\u00f3 a los&#8230;<\/p>\n","protected":false},"author":482,"featured_media":16606,"comment_status":"open","ping_status":"open","sticky":false,"template":"","format":"standard","meta":{"advanced_seo_description":"","jetpack_seo_html_title":"","jetpack_seo_noindex":false,"_jetpack_memberships_contains_paid_content":false,"footnotes":""},"categories":[21],"tags":[],"class_list":["post-16605","post","type-post","status-publish","format-standard","has-post-thumbnail","hentry","category-policial"],"jetpack_featured_media_url":"https:\/\/i0.wp.com\/eltrabajo.cl\/portal\/wp-content\/uploads\/2012\/04\/suicidio-tenencia5.jpg?fit=600%2C405&ssl=1","jetpack_sharing_enabled":true,"jetpack_likes_enabled":true,"jetpack-related-posts":[],"_links":{"self":[{"href":"https:\/\/eltrabajo.cl\/portal\/wp-json\/wp\/v2\/posts\/16605","targetHints":{"allow":["GET"]}}],"collection":[{"href":"https:\/\/eltrabajo.cl\/portal\/wp-json\/wp\/v2\/posts"}],"about":[{"href":"https:\/\/eltrabajo.cl\/portal\/wp-json\/wp\/v2\/types\/post"}],"author":[{"embeddable":true,"href":"https:\/\/eltrabajo.cl\/portal\/wp-json\/wp\/v2\/users\/482"}],"replies":[{"embeddable":true,"href":"https:\/\/eltrabajo.cl\/portal\/wp-json\/wp\/v2\/comments?post=16605"}],"version-history":[{"count":0,"href":"https:\/\/eltrabajo.cl\/portal\/wp-json\/wp\/v2\/posts\/16605\/revisions"}],"wp:featuredmedia":[{"embeddable":true,"href":"https:\/\/eltrabajo.cl\/portal\/wp-json\/wp\/v2\/media\/16606"}],"wp:attachment":[{"href":"https:\/\/eltrabajo.cl\/portal\/wp-json\/wp\/v2\/media?parent=16605"}],"wp:term":[{"taxonomy":"category","embeddable":true,"href":"https:\/\/eltrabajo.cl\/portal\/wp-json\/wp\/v2\/categories?post=16605"},{"taxonomy":"post_tag","embeddable":true,"href":"https:\/\/eltrabajo.cl\/portal\/wp-json\/wp\/v2\/tags?post=16605"}],"curies":[{"name":"wp","href":"https:\/\/api.w.org\/{rel}","templated":true}]}}