{"id":16612,"date":"2012-04-13T10:04:06","date_gmt":"2012-04-13T13:04:06","guid":{"rendered":"http:\/\/www.eltrabajo.cl\/portal\/?p=16612"},"modified":"2012-04-13T10:04:06","modified_gmt":"2012-04-13T13:04:06","slug":"trabajador-quedo-atrapado-por-un-tractor-mientras-laboraba-en-un-fundo","status":"publish","type":"post","link":"https:\/\/eltrabajo.cl\/portal\/trabajador-quedo-atrapado-por-un-tractor-mientras-laboraba-en-un-fundo\/","title":{"rendered":"Trabajador qued\u00f3 atrapado por un tractor mientras laboraba en un fundo"},"content":{"rendered":"<p>Pablo Salinas Sald\u00edas &#8211; <a href=\"mailto:psalinas@eltrabajo.cl\">psalinas@eltrabajo.cl<\/a><\/p>\n<figure id=\"attachment_16613\" aria-describedby=\"caption-attachment-16613\" style=\"width: 600px\" class=\"wp-caption alignnone\"><a href=\"http:\/\/www.eltrabajo.cl\/portal\/2012\/04\/trabajador-quedo-atrapado-por-un-tractor-mientras-laboraba-en-un-fundo\/urgencias-san-camilo\/\" rel=\"attachment wp-att-16613\"><img data-recalc-dims=\"1\" loading=\"lazy\" decoding=\"async\" class=\"size-full wp-image-16613\" title=\"Urgencias San Camilo\" src=\"https:\/\/i0.wp.com\/www.eltrabajo.cl\/portal\/wp-content\/uploads\/2012\/04\/Urgencias-San-Camilo.jpg?resize=600%2C450\" alt=\"\" width=\"600\" height=\"450\" srcset=\"https:\/\/i0.wp.com\/eltrabajo.cl\/portal\/wp-content\/uploads\/2012\/04\/Urgencias-San-Camilo.jpg?w=600&amp;ssl=1 600w, https:\/\/i0.wp.com\/eltrabajo.cl\/portal\/wp-content\/uploads\/2012\/04\/Urgencias-San-Camilo.jpg?resize=200%2C150&amp;ssl=1 200w, https:\/\/i0.wp.com\/eltrabajo.cl\/portal\/wp-content\/uploads\/2012\/04\/Urgencias-San-Camilo.jpg?resize=300%2C225&amp;ssl=1 300w, https:\/\/i0.wp.com\/eltrabajo.cl\/portal\/wp-content\/uploads\/2012\/04\/Urgencias-San-Camilo.jpg?resize=150%2C112&amp;ssl=1 150w, https:\/\/i0.wp.com\/eltrabajo.cl\/portal\/wp-content\/uploads\/2012\/04\/Urgencias-San-Camilo.jpg?resize=400%2C300&amp;ssl=1 400w\" sizes=\"auto, (max-width: 600px) 100vw, 600px\" \/><\/a><figcaption id=\"caption-attachment-16613\" class=\"wp-caption-text\">Afortunadamente el trabajador fue asistido por sus compa\u00f1eros de labores y personal del SAMU, siendo derivado hasta Urgencias del Hospital San Camilo donde recibi\u00f3 los primeros auxilios.<\/figcaption><\/figure>\n<p>Con fractura en su pierna, de car\u00e1cter grave pero sin riesgo vital, result\u00f3 un joven de 29 a\u00f1os de edad, identificado como Luis Carvajal Fern\u00e1ndez, empleado del Fundo Los Graneros, quien qued\u00f3 literalmente atrapado bajo una rampla que soportaba un tractor el cual conduc\u00eda y que se desliz\u00f3 hacia su cuerpo sin percatarse originando el accidente.<\/p>\n<p>El hecho se registr\u00f3 alrededor de las 16:00 horas de ayer jueves, cuando Luis Carvajal realizaba sus labores habituales en dicho fundo conduciendo un tractor que efectuaba maniobras en una acequia. En esos instantes el conductor descendi\u00f3 de la m\u00e1quina para realizar unos ajustes en la parte trasera del m\u00f3vil, el que habr\u00eda dejado sin su freno de mano, lo que origin\u00f3 el desplazamiento del pesado veh\u00edculo que comenz\u00f3 a retroceder, haciendo caer al hombre y dej\u00e1ndolo atrapado por sus piernas.<\/p>\n<p>Afortunadamente sus compa\u00f1eros de trabajo se percataron de lo sucedido, solicitando la presencia del personal del SAMU que en conjunto movieron la m\u00e1quina para rescatar al herido que se encontraba consciente y aparentemente con lesiones de no mucha gravedad.<\/p>\n<p>Asimismo, se hab\u00eda solicitado la presencia de la Unidad de Rescates de Bomberos de San Felipe, quienes se constituyeron en el lugar, encontrando a Luis Carvajal consciente y ya liberado, por lo que fue derivado hasta Urgencias del Hospital San Camilo desde donde hasta el cierre de esta nota se encontraba con una fractura en una de sus piernas por lo que se estar\u00edan realizando radiograf\u00edas para ser posteriormente trasladado hasta el Instituto de Seguridad del Trabajo, IST, por considerarse un accidente laboral.<\/p>\n","protected":false},"excerpt":{"rendered":"<p>Pablo Salinas Sald\u00edas &#8211; psalinas@eltrabajo.cl Con fractura en su pierna, de car\u00e1cter grave pero sin riesgo vital, result\u00f3 un joven de 29 a\u00f1os de edad, identificado como Luis Carvajal Fern\u00e1ndez, empleado del&#8230;<\/p>\n","protected":false},"author":482,"featured_media":16613,"comment_status":"open","ping_status":"open","sticky":false,"template":"","format":"standard","meta":{"advanced_seo_description":"","jetpack_seo_html_title":"","jetpack_seo_noindex":false,"_jetpack_memberships_contains_paid_content":false,"footnotes":""},"categories":[21],"tags":[],"class_list":["post-16612","post","type-post","status-publish","format-standard","has-post-thumbnail","hentry","category-policial"],"jetpack_featured_media_url":"https:\/\/i0.wp.com\/eltrabajo.cl\/portal\/wp-content\/uploads\/2012\/04\/Urgencias-San-Camilo.jpg?fit=600%2C450&ssl=1","jetpack_sharing_enabled":true,"jetpack_likes_enabled":true,"jetpack-related-posts":[],"_links":{"self":[{"href":"https:\/\/eltrabajo.cl\/portal\/wp-json\/wp\/v2\/posts\/16612","targetHints":{"allow":["GET"]}}],"collection":[{"href":"https:\/\/eltrabajo.cl\/portal\/wp-json\/wp\/v2\/posts"}],"about":[{"href":"https:\/\/eltrabajo.cl\/portal\/wp-json\/wp\/v2\/types\/post"}],"author":[{"embeddable":true,"href":"https:\/\/eltrabajo.cl\/portal\/wp-json\/wp\/v2\/users\/482"}],"replies":[{"embeddable":true,"href":"https:\/\/eltrabajo.cl\/portal\/wp-json\/wp\/v2\/comments?post=16612"}],"version-history":[{"count":0,"href":"https:\/\/eltrabajo.cl\/portal\/wp-json\/wp\/v2\/posts\/16612\/revisions"}],"wp:featuredmedia":[{"embeddable":true,"href":"https:\/\/eltrabajo.cl\/portal\/wp-json\/wp\/v2\/media\/16613"}],"wp:attachment":[{"href":"https:\/\/eltrabajo.cl\/portal\/wp-json\/wp\/v2\/media?parent=16612"}],"wp:term":[{"taxonomy":"category","embeddable":true,"href":"https:\/\/eltrabajo.cl\/portal\/wp-json\/wp\/v2\/categories?post=16612"},{"taxonomy":"post_tag","embeddable":true,"href":"https:\/\/eltrabajo.cl\/portal\/wp-json\/wp\/v2\/tags?post=16612"}],"curies":[{"name":"wp","href":"https:\/\/api.w.org\/{rel}","templated":true}]}}