{"id":16620,"date":"2012-04-16T04:49:04","date_gmt":"2012-04-16T07:49:04","guid":{"rendered":"http:\/\/www.eltrabajo.cl\/portal\/?p=16620"},"modified":"2012-04-16T04:49:04","modified_gmt":"2012-04-16T07:49:04","slug":"no-hay-caso-union-san-felipe-no-puede-salir-del-foso","status":"publish","type":"post","link":"https:\/\/eltrabajo.cl\/portal\/no-hay-caso-union-san-felipe-no-puede-salir-del-foso\/","title":{"rendered":"No hay caso, Uni\u00f3n San Felipe no puede salir del foso"},"content":{"rendered":"<figure id=\"attachment_16621\" aria-describedby=\"caption-attachment-16621\" style=\"width: 600px\" class=\"wp-caption alignnone\"><a href=\"http:\/\/www.eltrabajo.cl\/portal\/2012\/04\/no-hay-caso-union-san-felipe-no-puede-salir-del-foso\/cabezea_silva\/\" rel=\"attachment wp-att-16621\"><img data-recalc-dims=\"1\" loading=\"lazy\" decoding=\"async\" class=\"size-full wp-image-16621\" title=\"cabezea_silva\" src=\"https:\/\/i0.wp.com\/www.eltrabajo.cl\/portal\/wp-content\/uploads\/2012\/04\/cabezea_silva.jpg?resize=600%2C450\" alt=\"\" width=\"600\" height=\"450\" srcset=\"https:\/\/i0.wp.com\/eltrabajo.cl\/portal\/wp-content\/uploads\/2012\/04\/cabezea_silva.jpg?w=600&amp;ssl=1 600w, https:\/\/i0.wp.com\/eltrabajo.cl\/portal\/wp-content\/uploads\/2012\/04\/cabezea_silva.jpg?resize=200%2C150&amp;ssl=1 200w, https:\/\/i0.wp.com\/eltrabajo.cl\/portal\/wp-content\/uploads\/2012\/04\/cabezea_silva.jpg?resize=300%2C225&amp;ssl=1 300w, https:\/\/i0.wp.com\/eltrabajo.cl\/portal\/wp-content\/uploads\/2012\/04\/cabezea_silva.jpg?resize=150%2C112&amp;ssl=1 150w, https:\/\/i0.wp.com\/eltrabajo.cl\/portal\/wp-content\/uploads\/2012\/04\/cabezea_silva.jpg?resize=400%2C300&amp;ssl=1 400w\" sizes=\"auto, (max-width: 600px) 100vw, 600px\" \/><\/a><figcaption id=\"caption-attachment-16621\" class=\"wp-caption-text\">Diego Silva fue un agente ofensivo en los balones detenidos. El defensor, a ra\u00edz de una lesi\u00f3n, debi\u00f3 ser sustituido en la segunda etapa del partido contra la Universidad de Concepci\u00f3n, duelo donde no m\u00e1s de 1000 espectadores acompa\u00f1aron a la escuadra albirroja la tarde del s\u00e1bado en el Municipal.<\/figcaption><\/figure>\n<p>Un empate a 2 con un claro sabor a derrota, obtuvo el s\u00e1bado Uni\u00f3n San Felipe frente a la Universidad de Concepci\u00f3n, en un partido ante no m\u00e1s de 1000 espectadores en el Estadio Municipal.<\/p>\n<p>El conjunto albirrojo se vio bien en la primera mitad del cotejo, tiempo en el cual fue muy superior a los universitarios, que solo fueron capaces de mantener intacta la valla de Britez hasta los 25\u00b4 del primer tiempo, cuando Claudio Latorre abri\u00f3 el marcador para el local mediante un preciso cabezazo.<\/p>\n<p>Uni\u00f3n San Felipe acaparaba aplausos, ya que tras el rompimiento del cero, sigui\u00f3 martillando sobre el arco norte, pero para su mala fortuna el dominio y el buen juego no se reflej\u00f3 en el tanteador y se fue al descanso con la minima diferencia a su favor, pecado que 45 minutos despu\u00e9s pagar\u00eda muy caro.<\/p>\n<figure id=\"attachment_16622\" aria-describedby=\"caption-attachment-16622\" style=\"width: 300px\" class=\"wp-caption alignright\"><a href=\"http:\/\/www.eltrabajo.cl\/portal\/2012\/04\/no-hay-caso-union-san-felipe-no-puede-salir-del-foso\/menses_avanmza\/\" rel=\"attachment wp-att-16622\"><img data-recalc-dims=\"1\" loading=\"lazy\" decoding=\"async\" class=\"size-medium wp-image-16622\" title=\"menses_avanmza\" src=\"https:\/\/i0.wp.com\/www.eltrabajo.cl\/portal\/wp-content\/uploads\/2012\/04\/menses_avanmza-300x225.jpg?resize=300%2C225\" alt=\"\" width=\"300\" height=\"225\" srcset=\"https:\/\/i0.wp.com\/eltrabajo.cl\/portal\/wp-content\/uploads\/2012\/04\/menses_avanmza.jpg?resize=300%2C225&amp;ssl=1 300w, https:\/\/i0.wp.com\/eltrabajo.cl\/portal\/wp-content\/uploads\/2012\/04\/menses_avanmza.jpg?resize=200%2C150&amp;ssl=1 200w, https:\/\/i0.wp.com\/eltrabajo.cl\/portal\/wp-content\/uploads\/2012\/04\/menses_avanmza.jpg?resize=150%2C112&amp;ssl=1 150w, https:\/\/i0.wp.com\/eltrabajo.cl\/portal\/wp-content\/uploads\/2012\/04\/menses_avanmza.jpg?resize=400%2C300&amp;ssl=1 400w, https:\/\/i0.wp.com\/eltrabajo.cl\/portal\/wp-content\/uploads\/2012\/04\/menses_avanmza.jpg?w=600&amp;ssl=1 600w\" sizes=\"auto, (max-width: 300px) 100vw, 300px\" \/><\/a><figcaption id=\"caption-attachment-16622\" class=\"wp-caption-text\">El Un\u00ed domin\u00f3 gran parte del partido contra el \u2018Campanil\u2019, pero no fue suficiente para quedarse con los tres puntos.<\/figcaption><\/figure>\n<p>En el complemento, la presi\u00f3n unionista dur\u00f3 solo unos minutos y a medida que fue avanzando el reloj el \u2018Campanil\u2019 equilibr\u00f3 las acciones y lo que es aun peor, se apropio de la tenencia del bal\u00f3n, en eso influy\u00f3 bastante la baja f\u00edsica de Pablo Meneses, que desapareci\u00f3 de las labores de mediocampo.<\/p>\n<p>El publico es sabio y se dio cuenta que lo que estaba pasando sobre el terreno de juego era muy peligroso y lo hacia saber con una leve pero notoria silbatina que reflejaba su temor, sensaci\u00f3n que se har\u00eda palpable al minuto \u201866\u00b4, cuando Miguel \u00c1ngel Hern\u00e1ndez anot\u00f3 con un tiro cruzado desde la derecha el empate.<\/p>\n<p>Felizmente la alegr\u00eda forastera no durar\u00eda mucho debido a que los 68\u00b4, un autogol de Alejandro Gaete puso en ventaja a los aconcag\u00fcinos que otra vez defraudar\u00edan a su fanaticada al dejar escapar de manera infantil una victoria que ya ten\u00edan en el bolsillo.<\/p>\n<p>Para que eso sucediera, se ocurrieron dos situaciones muy torpes casi al finalizar el duelo y completamente evitables. La primera, una falta innecesaria en el borde de la entrada del \u00e1rea grande. La segunda, un penal infantil (un jugador en la barrera puso su mano para impedir que el bal\u00f3n lo golpeara), muy bien cobrado por el Juez Manuel Acosta, que Renato Ramos, se encargar\u00eda de aprovechar para poner el 2 a 2 final a los \u201889\u00b4.<\/p>\n<p>As\u00ed las cosas el Un\u00ed sum\u00f3 un escaso punto que lo mantiene en el pen\u00faltimo lugar de la Tabla, algo que ya tiene hastiado al respetable, que lo \u00fanico que quiere es ver ganar a su equipo que en el \u00faltimo tiempo solo le ha regalado sinsabores.<\/p>\n<p><strong>FICHA T\u00c9CNICA<\/strong><\/p>\n<p>Estadio: Municipal de San Felipe<\/p>\n<p>Uni\u00f3n San Felipe (2): Diego S\u00e1nchez (Arq.); Diego Silva (Sergio N\u00fa\u00f1ez), Felipe Salinas, Bladimir Fern\u00e1ndez, Enzo Vera, Sebasti\u00e1n P\u00e1ez, Kilian Virviescas, Francisco Pi\u00f1a (Esteban Carvajal), Pablo Meneses (Javier Vatter), Pablo Vranjic\u00e1n, Claudio Latorre. DT. Nelson Cossio<\/p>\n<p>U. de Concepci\u00f3n (2): Cristi\u00e1n Br\u00edtez (Arq.); Diego D\u00edaz, Juan Gonz\u00e1lez, Andr\u00e9s Imperiale, Alejandro Gaete, Jos\u00e9 Manuel Contreras (Miguel Hern\u00e1ndez), Michael Lepe (Juan Jos\u00e9 Ribera,), Gerardo Navarrete, An\u00edbal Carvallo, Jos\u00e9 Luis Jim\u00e9nez, Claudio Guerra (Renato Ramos). DT. Yuri Fern\u00e1ndez<\/p>\n<p>Goles: 25\u00b4 1-0, Claudio Latorre (UDF); 66\u00b4 1-1 Miguel Hern\u00e1ndez (UDC) 68\u00b4 2-1Alejandro Gaete (USF, autogol); 89\u00b4 2-2 Renato Ramos (UDC).<\/p>\n","protected":false},"excerpt":{"rendered":"<p>Un empate a 2 con un claro sabor a derrota, obtuvo el s\u00e1bado Uni\u00f3n San Felipe frente a la Universidad de Concepci\u00f3n, en un partido ante no m\u00e1s de 1000 espectadores en&#8230;<\/p>\n","protected":false},"author":482,"featured_media":16621,"comment_status":"open","ping_status":"open","sticky":false,"template":"","format":"standard","meta":{"advanced_seo_description":"","jetpack_seo_html_title":"","jetpack_seo_noindex":false,"_jetpack_memberships_contains_paid_content":false,"footnotes":""},"categories":[19],"tags":[],"class_list":["post-16620","post","type-post","status-publish","format-standard","has-post-thumbnail","hentry","category-deportes"],"jetpack_featured_media_url":"https:\/\/i0.wp.com\/eltrabajo.cl\/portal\/wp-content\/uploads\/2012\/04\/cabezea_silva.jpg?fit=600%2C450&ssl=1","jetpack_sharing_enabled":true,"jetpack_likes_enabled":true,"jetpack-related-posts":[],"_links":{"self":[{"href":"https:\/\/eltrabajo.cl\/portal\/wp-json\/wp\/v2\/posts\/16620","targetHints":{"allow":["GET"]}}],"collection":[{"href":"https:\/\/eltrabajo.cl\/portal\/wp-json\/wp\/v2\/posts"}],"about":[{"href":"https:\/\/eltrabajo.cl\/portal\/wp-json\/wp\/v2\/types\/post"}],"author":[{"embeddable":true,"href":"https:\/\/eltrabajo.cl\/portal\/wp-json\/wp\/v2\/users\/482"}],"replies":[{"embeddable":true,"href":"https:\/\/eltrabajo.cl\/portal\/wp-json\/wp\/v2\/comments?post=16620"}],"version-history":[{"count":0,"href":"https:\/\/eltrabajo.cl\/portal\/wp-json\/wp\/v2\/posts\/16620\/revisions"}],"wp:featuredmedia":[{"embeddable":true,"href":"https:\/\/eltrabajo.cl\/portal\/wp-json\/wp\/v2\/media\/16621"}],"wp:attachment":[{"href":"https:\/\/eltrabajo.cl\/portal\/wp-json\/wp\/v2\/media?parent=16620"}],"wp:term":[{"taxonomy":"category","embeddable":true,"href":"https:\/\/eltrabajo.cl\/portal\/wp-json\/wp\/v2\/categories?post=16620"},{"taxonomy":"post_tag","embeddable":true,"href":"https:\/\/eltrabajo.cl\/portal\/wp-json\/wp\/v2\/tags?post=16620"}],"curies":[{"name":"wp","href":"https:\/\/api.w.org\/{rel}","templated":true}]}}