{"id":16627,"date":"2012-04-16T04:52:50","date_gmt":"2012-04-16T07:52:50","guid":{"rendered":"http:\/\/www.eltrabajo.cl\/portal\/?p=16627"},"modified":"2012-04-16T04:52:50","modified_gmt":"2012-04-16T07:52:50","slug":"tras-16-anos-de-lucha-18-familias-sanfelipenas-reciben-su-casa-propia","status":"publish","type":"post","link":"https:\/\/eltrabajo.cl\/portal\/tras-16-anos-de-lucha-18-familias-sanfelipenas-reciben-su-casa-propia\/","title":{"rendered":"Tras 16 a\u00f1os de lucha, 18 familias sanfelipe\u00f1as reciben su casa propia"},"content":{"rendered":"<figure id=\"attachment_16628\" aria-describedby=\"caption-attachment-16628\" style=\"width: 600px\" class=\"wp-caption alignnone\"><a href=\"http:\/\/www.eltrabajo.cl\/portal\/2012\/04\/tras-16-anos-de-lucha-18-familias-sanfelipenas-reciben-su-casa-propia\/llaves2\/\" rel=\"attachment wp-att-16628\"><img data-recalc-dims=\"1\" loading=\"lazy\" decoding=\"async\" class=\"size-full wp-image-16628\" title=\"Llaves2\" src=\"https:\/\/i0.wp.com\/www.eltrabajo.cl\/portal\/wp-content\/uploads\/2012\/04\/Llaves2.jpg?resize=600%2C450\" alt=\"\" width=\"600\" height=\"450\" srcset=\"https:\/\/i0.wp.com\/eltrabajo.cl\/portal\/wp-content\/uploads\/2012\/04\/Llaves2.jpg?w=600&amp;ssl=1 600w, https:\/\/i0.wp.com\/eltrabajo.cl\/portal\/wp-content\/uploads\/2012\/04\/Llaves2.jpg?resize=200%2C150&amp;ssl=1 200w, https:\/\/i0.wp.com\/eltrabajo.cl\/portal\/wp-content\/uploads\/2012\/04\/Llaves2.jpg?resize=300%2C225&amp;ssl=1 300w, https:\/\/i0.wp.com\/eltrabajo.cl\/portal\/wp-content\/uploads\/2012\/04\/Llaves2.jpg?resize=150%2C112&amp;ssl=1 150w, https:\/\/i0.wp.com\/eltrabajo.cl\/portal\/wp-content\/uploads\/2012\/04\/Llaves2.jpg?resize=400%2C300&amp;ssl=1 400w\" sizes=\"auto, (max-width: 600px) 100vw, 600px\" \/><\/a><figcaption id=\"caption-attachment-16628\" class=\"wp-caption-text\">Los 18 jefes de familia posaron para Diario El Trabajo en compa\u00f1\u00eda de algunas autoridades seriamente involucradas en esta soluci\u00f3n de vivienda, en sus manos, las llaves de las nueva viviendas.<\/figcaption><\/figure>\n<p>Con alegr\u00eda y mucha emoci\u00f3n, 18 familias de la localidad de Bucalemu en San Felipe, recibieron las llaves de sus nuevas viviendas, construidas con apoyo del Serviu, en el marco del Subsidio para la Clase Media, en su modalidad colectiva.<\/p>\n<p>Se trata de un grupo de vecinos que hace 16 a\u00f1os comenz\u00f3 las gestiones para lograr el sue\u00f1o de la casa propia, el que si bien no fue f\u00e1cil de concretar, se hizo posible con el apoyo de Serviu, la Municipalidad y la Constructora Valle Mar.<\/p>\n<p>\u2018Comit\u00e9 La Primavera\u2019 comenz\u00f3 a organizarse el a\u00f1o 1996 con el objetivo de obtener sus viviendas en un terreno emplazado en el mismo sector de residencia, terreno que reci\u00e9n lograron adquirir el a\u00f1o 2002. El problema fue que \u00e9ste era para uso agr\u00edcola, por lo que tuvieron que tramitar el cambio de uso de suelo, lo que fue aprobado por la Seremi de Agricultura.<\/p>\n<p><strong>MUCHOS A\u00d1OS LUCHANDO<\/strong><\/p>\n<figure id=\"attachment_16629\" aria-describedby=\"caption-attachment-16629\" style=\"width: 300px\" class=\"wp-caption alignright\"><a href=\"http:\/\/www.eltrabajo.cl\/portal\/2012\/04\/tras-16-anos-de-lucha-18-familias-sanfelipenas-reciben-su-casa-propia\/sillas1-2\/\" rel=\"attachment wp-att-16629\"><img data-recalc-dims=\"1\" loading=\"lazy\" decoding=\"async\" class=\"size-medium wp-image-16629\" title=\"Sillas1\" src=\"https:\/\/i0.wp.com\/www.eltrabajo.cl\/portal\/wp-content\/uploads\/2012\/04\/Sillas1-300x225.jpg?resize=300%2C225\" alt=\"\" width=\"300\" height=\"225\" srcset=\"https:\/\/i0.wp.com\/eltrabajo.cl\/portal\/wp-content\/uploads\/2012\/04\/Sillas1.jpg?resize=300%2C225&amp;ssl=1 300w, https:\/\/i0.wp.com\/eltrabajo.cl\/portal\/wp-content\/uploads\/2012\/04\/Sillas1.jpg?resize=200%2C150&amp;ssl=1 200w, https:\/\/i0.wp.com\/eltrabajo.cl\/portal\/wp-content\/uploads\/2012\/04\/Sillas1.jpg?resize=150%2C112&amp;ssl=1 150w, https:\/\/i0.wp.com\/eltrabajo.cl\/portal\/wp-content\/uploads\/2012\/04\/Sillas1.jpg?resize=400%2C300&amp;ssl=1 400w, https:\/\/i0.wp.com\/eltrabajo.cl\/portal\/wp-content\/uploads\/2012\/04\/Sillas1.jpg?w=600&amp;ssl=1 600w\" sizes=\"auto, (max-width: 300px) 100vw, 300px\" \/><\/a><figcaption id=\"caption-attachment-16629\" class=\"wp-caption-text\">Los enseres fueron trasladados de las viejas viviendas a las nuevas, cada vecino sinti\u00f3 alivio y alegr\u00eda en este d\u00eda inolvidable para ellos.<\/figcaption><\/figure>\n<p>Durante a\u00f1os, las familias no lograron concretar un proyecto para el Fondo Solidario de Vivienda, por lo que la actual administraci\u00f3n de Serviu los orient\u00f3 para que postularan mediante el nuevo Subsidio para la Clase Media, lo que sumado al apoyo del municipio que les apoy\u00f3 en calidad de Edis y el pleno respaldo de la Constructora Valle Mar, termin\u00f3 por materializarse esta sentida aspiraci\u00f3n.<\/p>\n<p>Idilia Aldunce es una de las beneficiadas con este proyecto y tras participar de la ceremonia de inauguraci\u00f3n, se dirigi\u00f3 a su nueva casa junto a su marido, para celebrar con champa\u00f1a, este sue\u00f1o hecho realidad.<\/p>\n<p>\u00abEste momento es demasiado emocionante, porque fueron 16 a\u00f1os los que luchamos para conseguir nuestras casas. Uno mira para atr\u00e1s y piensa que fueron muchos los que partieron con sus ni\u00f1os chicos y hoy, ya son grandes\u00bb, coment\u00f3 Aldunce emocionada.<\/p>\n<p>La encargada de la Oficina de la Vivienda de la Municipalidad, Asistente Social Valeria Zald\u00edvar, explic\u00f3 que \u00abEstas familias pasaron por diferentes Asistencias T\u00e9cnicas que si bien contribuyeron al logro de este objetivo, hubo tambi\u00e9n mucha demora. Nosotros como municipio tomamos este comit\u00e9 a principios de 2011 y lo organizamos en conjunto con la Delegaci\u00f3n Provincial de Serviu, visualizando una opci\u00f3n real para estas familias, cuando sali\u00f3 el subsidio DS 1, para Familias Emergentes y Clase Media\u00bb explic\u00f3 Zald\u00edvar.<\/p>\n<p>Seg\u00fan dijo el Seremi de Vivienda, Mat\u00edas Avsolomovich, este es el primer proyecto que se ejecuta en la regi\u00f3n, enmarcado en el Subsidio para familias Emergentes y Clase Media. \u00abA menos de un a\u00f1o desde que lanzamos este Programa, ya estamos entregando las primeras viviendas\u00bb, se\u00f1al\u00f3 el Secretario Regional Ministerial.<\/p>\n<p>Tras la ceremonia de inauguraci\u00f3n, que fue presidida por la Gobernadora Patricia Boffa, el Seremi de Vivienda, el Diputado Gaspar Rivas y el Alcalde (S) Claudio D\u00edaz, las autoridades visitaron una de las viviendas, para luego concurrir a la casa que hasta ahora habitaba una familia y ayudarle a trasladar sus enseres a la nueva vivienda.<\/p>\n","protected":false},"excerpt":{"rendered":"<p>Con alegr\u00eda y mucha emoci\u00f3n, 18 familias de la localidad de Bucalemu en San Felipe, recibieron las llaves de sus nuevas viviendas, construidas con apoyo del Serviu, en el marco del Subsidio&#8230;<\/p>\n","protected":false},"author":482,"featured_media":16628,"comment_status":"open","ping_status":"open","sticky":false,"template":"","format":"standard","meta":{"advanced_seo_description":"","jetpack_seo_html_title":"","jetpack_seo_noindex":false,"_jetpack_memberships_contains_paid_content":false,"footnotes":""},"categories":[1],"tags":[],"class_list":["post-16627","post","type-post","status-publish","format-standard","has-post-thumbnail","hentry","category-cronica"],"jetpack_featured_media_url":"https:\/\/i0.wp.com\/eltrabajo.cl\/portal\/wp-content\/uploads\/2012\/04\/Llaves2.jpg?fit=600%2C450&ssl=1","jetpack_sharing_enabled":true,"jetpack_likes_enabled":true,"jetpack-related-posts":[],"_links":{"self":[{"href":"https:\/\/eltrabajo.cl\/portal\/wp-json\/wp\/v2\/posts\/16627","targetHints":{"allow":["GET"]}}],"collection":[{"href":"https:\/\/eltrabajo.cl\/portal\/wp-json\/wp\/v2\/posts"}],"about":[{"href":"https:\/\/eltrabajo.cl\/portal\/wp-json\/wp\/v2\/types\/post"}],"author":[{"embeddable":true,"href":"https:\/\/eltrabajo.cl\/portal\/wp-json\/wp\/v2\/users\/482"}],"replies":[{"embeddable":true,"href":"https:\/\/eltrabajo.cl\/portal\/wp-json\/wp\/v2\/comments?post=16627"}],"version-history":[{"count":0,"href":"https:\/\/eltrabajo.cl\/portal\/wp-json\/wp\/v2\/posts\/16627\/revisions"}],"wp:featuredmedia":[{"embeddable":true,"href":"https:\/\/eltrabajo.cl\/portal\/wp-json\/wp\/v2\/media\/16628"}],"wp:attachment":[{"href":"https:\/\/eltrabajo.cl\/portal\/wp-json\/wp\/v2\/media?parent=16627"}],"wp:term":[{"taxonomy":"category","embeddable":true,"href":"https:\/\/eltrabajo.cl\/portal\/wp-json\/wp\/v2\/categories?post=16627"},{"taxonomy":"post_tag","embeddable":true,"href":"https:\/\/eltrabajo.cl\/portal\/wp-json\/wp\/v2\/tags?post=16627"}],"curies":[{"name":"wp","href":"https:\/\/api.w.org\/{rel}","templated":true}]}}