{"id":16634,"date":"2012-04-16T05:00:20","date_gmt":"2012-04-16T08:00:20","guid":{"rendered":"http:\/\/www.eltrabajo.cl\/portal\/?p=16634"},"modified":"2012-04-16T05:00:20","modified_gmt":"2012-04-16T08:00:20","slug":"diputado-rivas-cuestiona-asignacion-de-recursos-a-senadores","status":"publish","type":"post","link":"https:\/\/eltrabajo.cl\/portal\/diputado-rivas-cuestiona-asignacion-de-recursos-a-senadores\/","title":{"rendered":"Diputado Rivas cuestiona asignaci\u00f3n de recursos a Senadores"},"content":{"rendered":"<figure id=\"attachment_16635\" aria-describedby=\"caption-attachment-16635\" style=\"width: 300px\" class=\"wp-caption alignleft\"><a href=\"http:\/\/www.eltrabajo.cl\/portal\/2012\/04\/diputado-rivas-cuestiona-asignacion-de-recursos-a-senadores\/rivas-5\/\" rel=\"attachment wp-att-16635\"><img data-recalc-dims=\"1\" loading=\"lazy\" decoding=\"async\" class=\"size-medium wp-image-16635\" title=\"rivas\" src=\"https:\/\/i0.wp.com\/www.eltrabajo.cl\/portal\/wp-content\/uploads\/2012\/04\/rivas-300x200.jpg?resize=300%2C200\" alt=\"\" width=\"300\" height=\"200\" srcset=\"https:\/\/i0.wp.com\/eltrabajo.cl\/portal\/wp-content\/uploads\/2012\/04\/rivas.jpg?resize=300%2C200&amp;ssl=1 300w, https:\/\/i0.wp.com\/eltrabajo.cl\/portal\/wp-content\/uploads\/2012\/04\/rivas.jpg?resize=200%2C133&amp;ssl=1 200w, https:\/\/i0.wp.com\/eltrabajo.cl\/portal\/wp-content\/uploads\/2012\/04\/rivas.jpg?resize=150%2C100&amp;ssl=1 150w, https:\/\/i0.wp.com\/eltrabajo.cl\/portal\/wp-content\/uploads\/2012\/04\/rivas.jpg?resize=400%2C266&amp;ssl=1 400w, https:\/\/i0.wp.com\/eltrabajo.cl\/portal\/wp-content\/uploads\/2012\/04\/rivas.jpg?w=600&amp;ssl=1 600w\" sizes=\"auto, (max-width: 300px) 100vw, 300px\" \/><\/a><figcaption id=\"caption-attachment-16635\" class=\"wp-caption-text\">El Diputado Gaspar Rivas explic\u00f3 que la asignaci\u00f3n de recursos ser\u00eda para el trabajo en los distritos y no va al sueldo de los Senadores.<\/figcaption><\/figure>\n<p>Sylvia Vergara &#8211; <a href=\"mailto:svergara@eltrabajo.cl\">svergara@eltrabajo.cl<\/a><\/p>\n<p>Cr\u00edticas en todos los tonos aparecieron en las redes sociales, luego de que se supiera del aumento en la asignaci\u00f3n de dos millones de pesos para los Senadores, recursos que deber\u00edan ser usados en sus circunscripciones.<\/p>\n<p>Antes esa situaci\u00f3n se refiri\u00f3 el Diputado Gaspar Rivas, quien se\u00f1al\u00f3 que el aumento de dos millones de pesos no va directamente al sueldo de los Senadores sino que se refiere a asignaciones para gastos operacionales.<\/p>\n<p>Rivas aclar\u00f3 que la solicitud de este dinero extra lo realiz\u00f3 el ex presidente de la C\u00e1mara Alta, Guido Girardi, antes de dejar la Presidencia, para que con posterioridad a la entrada en vigencia del nuevo sistema de asignaciones parlamentarias se pudiera aumentar la asignaci\u00f3n de los gastos.<\/p>\n<p>\u201cNosotros como parlamentarios, como C\u00e1mara Baja, criticamos el hecho y no nos parec\u00eda de que una vez ya establecidas las reglas del juego para ambas C\u00e1maras, se estuviera por parte de la C\u00e1mara Alta solicitando un aumento de la asignaci\u00f3n, nos parec\u00eda una forma de romper las reglas del juego que hab\u00edamos mantenido con la Comisi\u00f3n de Asignaciones financieras desde un principio y que se hab\u00eda determinado el a\u00f1o pasado 2011\u201d se\u00f1al\u00f3 Rivas.<\/p>\n<p>A juicio del parlamentario, la C\u00e1mara Alta es libre de hacer las solicitudes que estime conveniente, pero en este tema, los diputados realizaron los cuestionamientos necesarios. Seg\u00fan el Diputado Rivas, estos recursos ser\u00edan destinados para asesor\u00edas y gastos en el distrito, y no ir\u00edan directamente al sueldo de los Senadores, tal como sucede con los Diputados.<\/p>\n<p><strong>\u00abTODAV\u00cdA QUEDA DINERO, HAGAMOS UN FONDITO M\u00c1S\u00bb<\/strong><\/p>\n<p>\u201cNosotros tenemos nuestras asignaciones que corresponden a la misma cantidad para asesor\u00edas, pero nosotros aceptamos las reglas como nos manifestaron desde un principio, jam\u00e1s hubo una petici\u00f3n a posteriori de que se hubiera definido, jam\u00e1s a nosotros nos preguntaron nuestra opini\u00f3n respecto de eso, ni tampoco dijimos no nos parece las asignaciones que nos han establecido, simplemente dejamos que la Comisi\u00f3n cumpliera su trabajo, en el cual nosotros no ten\u00edamos ninguna injerencia, aceptamos lo que se nos establec\u00eda y parece que eso no fue lo que hizo la C\u00e1mara Alta, a trav\u00e9s de su ex presidente el Senador Girardi, diciendo todav\u00eda queda dinero , hagamos un fondito m\u00e1s, un aporte m\u00e1s\u201d.<\/p>\n<p>Sin embargo y aunque los dineros no van directamente al sueldo de los Senadores, sino que para el trabajo en los distritos, la comunidad realiz\u00f3 una cr\u00edtica bastante fuerte, especialmente en las redes sociales, donde se se\u00f1al\u00f3 que a muchos parlamentarios no se les ve en sus distritos regularmente.<\/p>\n<p>\u201cEfectivamente es una cr\u00edtica que se hace y se genera por parte de la ciudadan\u00eda, que es leg\u00edtima de considerar, y que eso contribuye a una mala imagen del Congreso\u201d, dijo Rivas.<\/p>\n","protected":false},"excerpt":{"rendered":"<p>Sylvia Vergara &#8211; svergara@eltrabajo.cl Cr\u00edticas en todos los tonos aparecieron en las redes sociales, luego de que se supiera del aumento en la asignaci\u00f3n de dos millones de pesos para los Senadores,&#8230;<\/p>\n","protected":false},"author":482,"featured_media":16635,"comment_status":"open","ping_status":"open","sticky":false,"template":"","format":"standard","meta":{"advanced_seo_description":"","jetpack_seo_html_title":"","jetpack_seo_noindex":false,"_jetpack_memberships_contains_paid_content":false,"footnotes":""},"categories":[1],"tags":[],"class_list":["post-16634","post","type-post","status-publish","format-standard","has-post-thumbnail","hentry","category-cronica"],"jetpack_featured_media_url":"https:\/\/i0.wp.com\/eltrabajo.cl\/portal\/wp-content\/uploads\/2012\/04\/rivas.jpg?fit=600%2C400&ssl=1","jetpack_sharing_enabled":true,"jetpack_likes_enabled":true,"jetpack-related-posts":[],"_links":{"self":[{"href":"https:\/\/eltrabajo.cl\/portal\/wp-json\/wp\/v2\/posts\/16634","targetHints":{"allow":["GET"]}}],"collection":[{"href":"https:\/\/eltrabajo.cl\/portal\/wp-json\/wp\/v2\/posts"}],"about":[{"href":"https:\/\/eltrabajo.cl\/portal\/wp-json\/wp\/v2\/types\/post"}],"author":[{"embeddable":true,"href":"https:\/\/eltrabajo.cl\/portal\/wp-json\/wp\/v2\/users\/482"}],"replies":[{"embeddable":true,"href":"https:\/\/eltrabajo.cl\/portal\/wp-json\/wp\/v2\/comments?post=16634"}],"version-history":[{"count":0,"href":"https:\/\/eltrabajo.cl\/portal\/wp-json\/wp\/v2\/posts\/16634\/revisions"}],"wp:featuredmedia":[{"embeddable":true,"href":"https:\/\/eltrabajo.cl\/portal\/wp-json\/wp\/v2\/media\/16635"}],"wp:attachment":[{"href":"https:\/\/eltrabajo.cl\/portal\/wp-json\/wp\/v2\/media?parent=16634"}],"wp:term":[{"taxonomy":"category","embeddable":true,"href":"https:\/\/eltrabajo.cl\/portal\/wp-json\/wp\/v2\/categories?post=16634"},{"taxonomy":"post_tag","embeddable":true,"href":"https:\/\/eltrabajo.cl\/portal\/wp-json\/wp\/v2\/tags?post=16634"}],"curies":[{"name":"wp","href":"https:\/\/api.w.org\/{rel}","templated":true}]}}