{"id":16638,"date":"2012-04-16T05:02:14","date_gmt":"2012-04-16T08:02:14","guid":{"rendered":"http:\/\/www.eltrabajo.cl\/portal\/?p=16638"},"modified":"2012-04-16T05:02:14","modified_gmt":"2012-04-16T08:02:14","slug":"docentes-aconcaguinos-destacan-en-programa-magister-del-mineduc","status":"publish","type":"post","link":"https:\/\/eltrabajo.cl\/portal\/docentes-aconcaguinos-destacan-en-programa-magister-del-mineduc\/","title":{"rendered":"Docentes aconcag\u00fcinos destacan en programa Mag\u00edster del Mineduc"},"content":{"rendered":"<figure id=\"attachment_16639\" aria-describedby=\"caption-attachment-16639\" style=\"width: 600px\" class=\"wp-caption alignnone\"><a href=\"http:\/\/www.eltrabajo.cl\/portal\/2012\/04\/docentes-aconcaguinos-destacan-en-programa-magister-del-mineduc\/magister2\/\" rel=\"attachment wp-att-16639\"><img data-recalc-dims=\"1\" loading=\"lazy\" decoding=\"async\" class=\"size-full wp-image-16639\" title=\"Magister2\" src=\"https:\/\/i0.wp.com\/www.eltrabajo.cl\/portal\/wp-content\/uploads\/2012\/04\/Magister2.jpg?resize=600%2C408\" alt=\"\" width=\"600\" height=\"408\" srcset=\"https:\/\/i0.wp.com\/eltrabajo.cl\/portal\/wp-content\/uploads\/2012\/04\/Magister2.jpg?w=600&amp;ssl=1 600w, https:\/\/i0.wp.com\/eltrabajo.cl\/portal\/wp-content\/uploads\/2012\/04\/Magister2.jpg?resize=200%2C136&amp;ssl=1 200w, https:\/\/i0.wp.com\/eltrabajo.cl\/portal\/wp-content\/uploads\/2012\/04\/Magister2.jpg?resize=300%2C204&amp;ssl=1 300w, https:\/\/i0.wp.com\/eltrabajo.cl\/portal\/wp-content\/uploads\/2012\/04\/Magister2.jpg?resize=150%2C102&amp;ssl=1 150w, https:\/\/i0.wp.com\/eltrabajo.cl\/portal\/wp-content\/uploads\/2012\/04\/Magister2.jpg?resize=400%2C272&amp;ssl=1 400w\" sizes=\"auto, (max-width: 600px) 100vw, 600px\" \/><\/a><figcaption id=\"caption-attachment-16639\" class=\"wp-caption-text\">Carolyn Payera Moll, Laura R\u00edos Rojas y Helmut Kauffmann, figuran como los m\u00e1s destacados en esta nueva iniciativa acad\u00e9mica.<\/figcaption><\/figure>\n<p>M\u00e1s que contentos, muy entusiasmados se encuentran varios aconcag\u00fcinos que participan actualmente en el Programa Mag\u00edster del Mineduc en Santiago.<\/p>\n<p>Carolyn Payera Moll, Coordinadora Educaci\u00f3n Especial de Panquehue, junto a Laura R\u00edos Rojas, Jefe UTP de la Escuela \u2018El Sauce\u2019 de Los Andes, y Helmut Kauffmann Chivano, Asesor T\u00e9cnico del Dem de Santa Mar\u00eda, siguen aprovechando su beca para realizaci\u00f3n de un Mag\u00edster en Liderazgo y Gesti\u00f3n Integral para la Transformaci\u00f3n Pedag\u00f3gica, dictado por la Universidad Academia Humanismo Cristiano.<\/p>\n<p>Todo este desplazamiento pedag\u00f3gico se desarrolla dentro del marco del aprovechamiento de la beca \u2018Formaci\u00f3n de Directores Excelencia\u2019, actualmente est\u00e1n ejecutando el 5\u00ba M\u00f3dulo de trece que conforman esta gesta educativa.<\/p>\n","protected":false},"excerpt":{"rendered":"<p>M\u00e1s que contentos, muy entusiasmados se encuentran varios aconcag\u00fcinos que participan actualmente en el Programa Mag\u00edster del Mineduc en Santiago. Carolyn Payera Moll, Coordinadora Educaci\u00f3n Especial de Panquehue, junto a Laura R\u00edos&#8230;<\/p>\n","protected":false},"author":482,"featured_media":16639,"comment_status":"open","ping_status":"open","sticky":false,"template":"","format":"standard","meta":{"advanced_seo_description":"","jetpack_seo_html_title":"","jetpack_seo_noindex":false,"_jetpack_memberships_contains_paid_content":false,"footnotes":""},"categories":[1],"tags":[],"class_list":["post-16638","post","type-post","status-publish","format-standard","has-post-thumbnail","hentry","category-cronica"],"jetpack_featured_media_url":"https:\/\/i0.wp.com\/eltrabajo.cl\/portal\/wp-content\/uploads\/2012\/04\/Magister2.jpg?fit=600%2C408&ssl=1","jetpack_sharing_enabled":true,"jetpack_likes_enabled":true,"jetpack-related-posts":[],"_links":{"self":[{"href":"https:\/\/eltrabajo.cl\/portal\/wp-json\/wp\/v2\/posts\/16638","targetHints":{"allow":["GET"]}}],"collection":[{"href":"https:\/\/eltrabajo.cl\/portal\/wp-json\/wp\/v2\/posts"}],"about":[{"href":"https:\/\/eltrabajo.cl\/portal\/wp-json\/wp\/v2\/types\/post"}],"author":[{"embeddable":true,"href":"https:\/\/eltrabajo.cl\/portal\/wp-json\/wp\/v2\/users\/482"}],"replies":[{"embeddable":true,"href":"https:\/\/eltrabajo.cl\/portal\/wp-json\/wp\/v2\/comments?post=16638"}],"version-history":[{"count":0,"href":"https:\/\/eltrabajo.cl\/portal\/wp-json\/wp\/v2\/posts\/16638\/revisions"}],"wp:featuredmedia":[{"embeddable":true,"href":"https:\/\/eltrabajo.cl\/portal\/wp-json\/wp\/v2\/media\/16639"}],"wp:attachment":[{"href":"https:\/\/eltrabajo.cl\/portal\/wp-json\/wp\/v2\/media?parent=16638"}],"wp:term":[{"taxonomy":"category","embeddable":true,"href":"https:\/\/eltrabajo.cl\/portal\/wp-json\/wp\/v2\/categories?post=16638"},{"taxonomy":"post_tag","embeddable":true,"href":"https:\/\/eltrabajo.cl\/portal\/wp-json\/wp\/v2\/tags?post=16638"}],"curies":[{"name":"wp","href":"https:\/\/api.w.org\/{rel}","templated":true}]}}