{"id":16642,"date":"2012-04-16T05:06:29","date_gmt":"2012-04-16T08:06:29","guid":{"rendered":"http:\/\/www.eltrabajo.cl\/portal\/?p=16642"},"modified":"2012-04-16T05:06:29","modified_gmt":"2012-04-16T08:06:29","slug":"profesoras-de-la-carrera-de-enfermeria-de-la-uv-san-felipe-se-especializan-en-brasil","status":"publish","type":"post","link":"https:\/\/eltrabajo.cl\/portal\/profesoras-de-la-carrera-de-enfermeria-de-la-uv-san-felipe-se-especializan-en-brasil\/","title":{"rendered":"Profesoras de la carrera de Enfermer\u00eda de la UV San Felipe se especializan en Brasil"},"content":{"rendered":"<p>&nbsp;<\/p>\n<figure id=\"attachment_16643\" aria-describedby=\"caption-attachment-16643\" style=\"width: 600px\" class=\"wp-caption alignnone\"><a href=\"http:\/\/www.eltrabajo.cl\/portal\/2012\/04\/profesoras-de-la-carrera-de-enfermeria-de-la-uv-san-felipe-se-especializan-en-brasil\/bruna-espinoza-y-carmen-gloria-garces\/\" rel=\"attachment wp-att-16643\"><img data-recalc-dims=\"1\" loading=\"lazy\" decoding=\"async\" class=\"size-full wp-image-16643\" title=\"Bruna Espinoza y Carmen Gloria Garces\" src=\"https:\/\/i0.wp.com\/www.eltrabajo.cl\/portal\/wp-content\/uploads\/2012\/04\/Bruna-Espinoza-y-Carmen-Gloria-Garces.jpg?resize=600%2C500\" alt=\"\" width=\"600\" height=\"500\" srcset=\"https:\/\/i0.wp.com\/eltrabajo.cl\/portal\/wp-content\/uploads\/2012\/04\/Bruna-Espinoza-y-Carmen-Gloria-Garces.jpg?w=600&amp;ssl=1 600w, https:\/\/i0.wp.com\/eltrabajo.cl\/portal\/wp-content\/uploads\/2012\/04\/Bruna-Espinoza-y-Carmen-Gloria-Garces.jpg?resize=180%2C150&amp;ssl=1 180w, https:\/\/i0.wp.com\/eltrabajo.cl\/portal\/wp-content\/uploads\/2012\/04\/Bruna-Espinoza-y-Carmen-Gloria-Garces.jpg?resize=300%2C250&amp;ssl=1 300w, https:\/\/i0.wp.com\/eltrabajo.cl\/portal\/wp-content\/uploads\/2012\/04\/Bruna-Espinoza-y-Carmen-Gloria-Garces.jpg?resize=150%2C125&amp;ssl=1 150w, https:\/\/i0.wp.com\/eltrabajo.cl\/portal\/wp-content\/uploads\/2012\/04\/Bruna-Espinoza-y-Carmen-Gloria-Garces.jpg?resize=400%2C333&amp;ssl=1 400w\" sizes=\"auto, (max-width: 600px) 100vw, 600px\" \/><\/a><figcaption id=\"caption-attachment-16643\" class=\"wp-caption-text\">Durante un mes, las acad\u00e9micas de la carrera de Enfermer\u00eda, Bruna Espinoza y Carmen Gloria Garc\u00e9s, se especializaron en la investigaci\u00f3n de alcohol y drogas, en la Universidad de Sao Paulo, Brasil.<\/figcaption><\/figure>\n<p>Muy contentas y optimistas de volver para seguir capacit\u00e1ndose, se encuentran las docentes de la carrera de Enfermer\u00eda de la Universidad de Valpara\u00edso Campus San Felipe, Bruna Espinoza y Carmen Gloria Garc\u00e9s, luego de participar durante un mes, en una especializaci\u00f3n para la investigaci\u00f3n de alcohol y drogas, en la Universidad de Sao Paulo, Brasil.<\/p>\n<p><strong>ERAN TRES CUPOS<\/strong><\/p>\n<p>Seg\u00fan explicaron las docentes, esta iniciativa se enmarca en un convenio suscrito por la casa de estudios, la que ofreci\u00f3 a la Universidad de Valpara\u00edso, tres cupos para esta instancia de especializaci\u00f3n, la que reuni\u00f3 a profesionales del \u00e1rea de la Salud de distintos pa\u00edses de Sudam\u00e9rica.<\/p>\n<p>\u201cLa Universidad ten\u00eda tres cupos que se distribuyeron entre Valpara\u00edso y San Felipe, defini\u00e9ndose quienes participar\u00edan, de acuerdo a los intereses de los acad\u00e9micos\u201d, se\u00f1al\u00f3 la profesora, Carmen Gloria Garc\u00e9s.<\/p>\n<p>Consultada la docente por el balance de su participaci\u00f3n en esta instancia de especializaci\u00f3n, se\u00f1al\u00f3 que \u201cEstuvimos un mes y fue una experiencia de gran valor acad\u00e9mico, pero sobre todo, de las competencias transversales, porque estar en contacto todos los d\u00edas, durante un mes, con profesionales de todos los pa\u00edses, fue muy enriquecedor.<\/p>\n<p>Carmen Gloria Garc\u00e9s y Bruna Espinoza, voluntariamente se sumaron a estad\u00edas en hospitales y consultorios, en el \u00e1rea de atenci\u00f3n primaria. \u201cPara nosotras fue muy gratificante establecer que en Chile tenemos un sistema de atenci\u00f3n de salud bastante competente\u201d, detall\u00f3 Espinoza.<\/p>\n","protected":false},"excerpt":{"rendered":"<p>&nbsp; Muy contentas y optimistas de volver para seguir capacit\u00e1ndose, se encuentran las docentes de la carrera de Enfermer\u00eda de la Universidad de Valpara\u00edso Campus San Felipe, Bruna Espinoza y Carmen Gloria&#8230;<\/p>\n","protected":false},"author":482,"featured_media":16643,"comment_status":"open","ping_status":"open","sticky":false,"template":"","format":"standard","meta":{"advanced_seo_description":"","jetpack_seo_html_title":"","jetpack_seo_noindex":false,"_jetpack_memberships_contains_paid_content":false,"footnotes":""},"categories":[1],"tags":[],"class_list":["post-16642","post","type-post","status-publish","format-standard","has-post-thumbnail","hentry","category-cronica"],"jetpack_featured_media_url":"https:\/\/i0.wp.com\/eltrabajo.cl\/portal\/wp-content\/uploads\/2012\/04\/Bruna-Espinoza-y-Carmen-Gloria-Garces.jpg?fit=600%2C500&ssl=1","jetpack_sharing_enabled":true,"jetpack_likes_enabled":true,"jetpack-related-posts":[],"_links":{"self":[{"href":"https:\/\/eltrabajo.cl\/portal\/wp-json\/wp\/v2\/posts\/16642","targetHints":{"allow":["GET"]}}],"collection":[{"href":"https:\/\/eltrabajo.cl\/portal\/wp-json\/wp\/v2\/posts"}],"about":[{"href":"https:\/\/eltrabajo.cl\/portal\/wp-json\/wp\/v2\/types\/post"}],"author":[{"embeddable":true,"href":"https:\/\/eltrabajo.cl\/portal\/wp-json\/wp\/v2\/users\/482"}],"replies":[{"embeddable":true,"href":"https:\/\/eltrabajo.cl\/portal\/wp-json\/wp\/v2\/comments?post=16642"}],"version-history":[{"count":0,"href":"https:\/\/eltrabajo.cl\/portal\/wp-json\/wp\/v2\/posts\/16642\/revisions"}],"wp:featuredmedia":[{"embeddable":true,"href":"https:\/\/eltrabajo.cl\/portal\/wp-json\/wp\/v2\/media\/16643"}],"wp:attachment":[{"href":"https:\/\/eltrabajo.cl\/portal\/wp-json\/wp\/v2\/media?parent=16642"}],"wp:term":[{"taxonomy":"category","embeddable":true,"href":"https:\/\/eltrabajo.cl\/portal\/wp-json\/wp\/v2\/categories?post=16642"},{"taxonomy":"post_tag","embeddable":true,"href":"https:\/\/eltrabajo.cl\/portal\/wp-json\/wp\/v2\/tags?post=16642"}],"curies":[{"name":"wp","href":"https:\/\/api.w.org\/{rel}","templated":true}]}}