{"id":16647,"date":"2012-04-16T05:22:39","date_gmt":"2012-04-16T08:22:39","guid":{"rendered":"http:\/\/www.eltrabajo.cl\/portal\/?p=16647"},"modified":"2012-04-16T05:22:39","modified_gmt":"2012-04-16T08:22:39","slug":"por-venganza-%e2%80%98terrorista-casero%e2%80%99-incendio-vehiculos-en-guzmanes","status":"publish","type":"post","link":"https:\/\/eltrabajo.cl\/portal\/por-venganza-%e2%80%98terrorista-casero%e2%80%99-incendio-vehiculos-en-guzmanes\/","title":{"rendered":"Por venganza, \u2018terrorista casero\u2019 incendi\u00f3 veh\u00edculos en Guzmanes"},"content":{"rendered":"<figure id=\"attachment_16648\" aria-describedby=\"caption-attachment-16648\" style=\"width: 600px\" class=\"wp-caption alignnone\"><a href=\"http:\/\/www.eltrabajo.cl\/portal\/2012\/04\/por-venganza-%e2%80%98terrorista-casero%e2%80%99-incendio-vehiculos-en-guzmanes\/incendio1-2\/\" rel=\"attachment wp-att-16648\"><img data-recalc-dims=\"1\" loading=\"lazy\" decoding=\"async\" class=\"size-full wp-image-16648\" title=\"incendio1\" src=\"https:\/\/i0.wp.com\/www.eltrabajo.cl\/portal\/wp-content\/uploads\/2012\/04\/incendio1.jpg?resize=600%2C450\" alt=\"\" width=\"600\" height=\"450\" srcset=\"https:\/\/i0.wp.com\/eltrabajo.cl\/portal\/wp-content\/uploads\/2012\/04\/incendio1.jpg?w=600&amp;ssl=1 600w, https:\/\/i0.wp.com\/eltrabajo.cl\/portal\/wp-content\/uploads\/2012\/04\/incendio1.jpg?resize=200%2C150&amp;ssl=1 200w, https:\/\/i0.wp.com\/eltrabajo.cl\/portal\/wp-content\/uploads\/2012\/04\/incendio1.jpg?resize=300%2C225&amp;ssl=1 300w, https:\/\/i0.wp.com\/eltrabajo.cl\/portal\/wp-content\/uploads\/2012\/04\/incendio1.jpg?resize=150%2C112&amp;ssl=1 150w, https:\/\/i0.wp.com\/eltrabajo.cl\/portal\/wp-content\/uploads\/2012\/04\/incendio1.jpg?resize=400%2C300&amp;ssl=1 400w\" sizes=\"auto, (max-width: 600px) 100vw, 600px\" \/><\/a><figcaption id=\"caption-attachment-16648\" class=\"wp-caption-text\">P\u00e9rdidas totales en este furg\u00f3n se registraron luego de que un \u2018terrorista\u2019 casero le prendiera fuego.<\/figcaption><\/figure>\n<p><strong>PUTAENDO.-<\/strong> Como un atentado terrorista de tipo incendiario calific\u00f3 el propietario de la empresa Agrofumig, ubicada en \u2018La Orilla\u2019 de Gusmanez, Pedro Garay Salinas, lo ocurrido en su propiedad la madrugada de este domingo, cuando un desconocido ingres\u00f3 hasta el estacionamiento de su empresa incendiando un veh\u00edculo y dejando da\u00f1os menores en un segundo auto.<\/p>\n<p>Pedro Garay Salinas explic\u00f3 que tras el aviso dado por una vecina del taller en horas de la ma\u00f1ana que se\u00f1alaba el incendio de un furg\u00f3n utilitario marca JAC a\u00f1o 2012 los vecinos lograron controlar el fuego en el furg\u00f3n utilitario que amenazaba con propagarse a la bodega donde se encontraba gran cantidad de maquinaria agr\u00edcola, combustibles, pl\u00e1sticos y varios productos qu\u00edmicos usados en las faenas de dicha empresa, lo que podr\u00eda haber desencadenado un incendio de proporciones.<\/p>\n<p>&nbsp;<\/p>\n<figure id=\"attachment_16652\" aria-describedby=\"caption-attachment-16652\" style=\"width: 300px\" class=\"wp-caption alignright\"><a href=\"http:\/\/www.eltrabajo.cl\/portal\/2012\/04\/por-venganza-%e2%80%98terrorista-casero%e2%80%99-incendio-vehiculos-en-guzmanes\/incendio2-4\/\" rel=\"attachment wp-att-16652\"><img data-recalc-dims=\"1\" loading=\"lazy\" decoding=\"async\" class=\"size-medium wp-image-16652\" title=\"incendio2\" src=\"https:\/\/i0.wp.com\/www.eltrabajo.cl\/portal\/wp-content\/uploads\/2012\/04\/incendio23-300x201.jpg?resize=300%2C201\" alt=\"\" width=\"300\" height=\"201\" srcset=\"https:\/\/i0.wp.com\/eltrabajo.cl\/portal\/wp-content\/uploads\/2012\/04\/incendio23.jpg?resize=300%2C201&amp;ssl=1 300w, https:\/\/i0.wp.com\/eltrabajo.cl\/portal\/wp-content\/uploads\/2012\/04\/incendio23.jpg?resize=200%2C134&amp;ssl=1 200w, https:\/\/i0.wp.com\/eltrabajo.cl\/portal\/wp-content\/uploads\/2012\/04\/incendio23.jpg?resize=150%2C100&amp;ssl=1 150w, https:\/\/i0.wp.com\/eltrabajo.cl\/portal\/wp-content\/uploads\/2012\/04\/incendio23.jpg?resize=400%2C268&amp;ssl=1 400w, https:\/\/i0.wp.com\/eltrabajo.cl\/portal\/wp-content\/uploads\/2012\/04\/incendio23.jpg?w=600&amp;ssl=1 600w\" sizes=\"auto, (max-width: 300px) 100vw, 300px\" \/><\/a><figcaption id=\"caption-attachment-16652\" class=\"wp-caption-text\">Pedro Garay Salinas, due\u00f1o de la empresa, explic\u00f3 a Diario El Trabajo que gracias a la intervenci\u00f3n oportuna de los vecinos, se pudo evitar un da\u00f1o mayor en su empresa.<\/figcaption><\/figure>\n<p>&nbsp;<\/p>\n<p>El empresario avalu\u00f3 los da\u00f1os preliminarmente en mas de 2 millones de pesos, agregando adem\u00e1s que el apoyo de los vecinos que con baldes, mangueras y extintores llegaron en gran cantidad hasta su vivienda evit\u00f3 una tragedia mayor.<\/p>\n<p><strong>INCENDIARIO CONFES\u00d3<\/strong><\/p>\n<p>Horas despu\u00e9s, y en un tiempo \u2018Record\u2019, personal especializado de la SIP logr\u00f3 ubicar al sujeto identificado como Juan C.I. quien habr\u00eda confesado al personal de la SIP ser el autor del atentado incendiario, donde adem\u00e1s fue reconocida una bicicleta en la que el sujeto lleg\u00f3 hasta el lugar por vecinos que vieron dicha bicicleta en el sector.<\/p>\n<p>El sujeto habr\u00eda ocupado cera como acelerante para la basura para el inicio del fuego, confirmando nuestras fuentes que el motivo que lo llev\u00f3 a realizar el atentado habr\u00eda sido en venganza en contra del empresario ya que este le habr\u00eda cobrado varias veces una deuda que manten\u00eda con \u00e9l lo que lo molest\u00f3 de sobremanera y lo llev\u00f3 a cometer dicha acci\u00f3n.<\/p>\n<p>A pesar de las pruebas contundentes, de la confesi\u00f3n y de los graves da\u00f1os econ\u00f3micos causados, el sujeto fue dejado en libertad por instrucci\u00f3n del Fiscal de Turno, quedando a la espera de citaci\u00f3n para comparecer ante la Fiscal\u00eda.<\/p>\n<p>Patricio Gallardo<\/p>\n","protected":false},"excerpt":{"rendered":"<p>PUTAENDO.- Como un atentado terrorista de tipo incendiario calific\u00f3 el propietario de la empresa Agrofumig, ubicada en \u2018La Orilla\u2019 de Gusmanez, Pedro Garay Salinas, lo ocurrido en su propiedad la madrugada de&#8230;<\/p>\n","protected":false},"author":482,"featured_media":16648,"comment_status":"open","ping_status":"open","sticky":false,"template":"","format":"standard","meta":{"advanced_seo_description":"","jetpack_seo_html_title":"","jetpack_seo_noindex":false,"_jetpack_memberships_contains_paid_content":false,"footnotes":""},"categories":[21],"tags":[],"class_list":["post-16647","post","type-post","status-publish","format-standard","has-post-thumbnail","hentry","category-policial"],"jetpack_featured_media_url":"https:\/\/i0.wp.com\/eltrabajo.cl\/portal\/wp-content\/uploads\/2012\/04\/incendio1.jpg?fit=600%2C450&ssl=1","jetpack_sharing_enabled":true,"jetpack_likes_enabled":true,"jetpack-related-posts":[],"_links":{"self":[{"href":"https:\/\/eltrabajo.cl\/portal\/wp-json\/wp\/v2\/posts\/16647","targetHints":{"allow":["GET"]}}],"collection":[{"href":"https:\/\/eltrabajo.cl\/portal\/wp-json\/wp\/v2\/posts"}],"about":[{"href":"https:\/\/eltrabajo.cl\/portal\/wp-json\/wp\/v2\/types\/post"}],"author":[{"embeddable":true,"href":"https:\/\/eltrabajo.cl\/portal\/wp-json\/wp\/v2\/users\/482"}],"replies":[{"embeddable":true,"href":"https:\/\/eltrabajo.cl\/portal\/wp-json\/wp\/v2\/comments?post=16647"}],"version-history":[{"count":0,"href":"https:\/\/eltrabajo.cl\/portal\/wp-json\/wp\/v2\/posts\/16647\/revisions"}],"wp:featuredmedia":[{"embeddable":true,"href":"https:\/\/eltrabajo.cl\/portal\/wp-json\/wp\/v2\/media\/16648"}],"wp:attachment":[{"href":"https:\/\/eltrabajo.cl\/portal\/wp-json\/wp\/v2\/media?parent=16647"}],"wp:term":[{"taxonomy":"category","embeddable":true,"href":"https:\/\/eltrabajo.cl\/portal\/wp-json\/wp\/v2\/categories?post=16647"},{"taxonomy":"post_tag","embeddable":true,"href":"https:\/\/eltrabajo.cl\/portal\/wp-json\/wp\/v2\/tags?post=16647"}],"curies":[{"name":"wp","href":"https:\/\/api.w.org\/{rel}","templated":true}]}}