{"id":16657,"date":"2012-04-16T05:29:43","date_gmt":"2012-04-16T08:29:43","guid":{"rendered":"http:\/\/www.eltrabajo.cl\/portal\/?p=16657"},"modified":"2012-04-16T05:29:49","modified_gmt":"2012-04-16T08:29:49","slug":"nino-de-diez-anos-se-corta-los-brazos-porque-companeros-lo-agreden","status":"publish","type":"post","link":"https:\/\/eltrabajo.cl\/portal\/nino-de-diez-anos-se-corta-los-brazos-porque-companeros-lo-agreden\/","title":{"rendered":"Ni\u00f1o de diez a\u00f1os se corta los brazos porque compa\u00f1eros lo agreden"},"content":{"rendered":"<figure id=\"attachment_16658\" aria-describedby=\"caption-attachment-16658\" style=\"width: 600px\" class=\"wp-caption alignnone\"><a href=\"http:\/\/www.eltrabajo.cl\/portal\/2012\/04\/nino-de-diez-anos-se-corta-los-brazos-porque-companeros-lo-agreden\/rasgunos1\/\" rel=\"attachment wp-att-16658\"><img data-recalc-dims=\"1\" loading=\"lazy\" decoding=\"async\" class=\"size-full wp-image-16658\" title=\"Rasgunos1\" src=\"https:\/\/i0.wp.com\/www.eltrabajo.cl\/portal\/wp-content\/uploads\/2012\/04\/Rasgunos1.jpg?resize=600%2C450\" alt=\"\" width=\"600\" height=\"450\" srcset=\"https:\/\/i0.wp.com\/eltrabajo.cl\/portal\/wp-content\/uploads\/2012\/04\/Rasgunos1.jpg?w=600&amp;ssl=1 600w, https:\/\/i0.wp.com\/eltrabajo.cl\/portal\/wp-content\/uploads\/2012\/04\/Rasgunos1.jpg?resize=200%2C150&amp;ssl=1 200w, https:\/\/i0.wp.com\/eltrabajo.cl\/portal\/wp-content\/uploads\/2012\/04\/Rasgunos1.jpg?resize=300%2C225&amp;ssl=1 300w, https:\/\/i0.wp.com\/eltrabajo.cl\/portal\/wp-content\/uploads\/2012\/04\/Rasgunos1.jpg?resize=150%2C112&amp;ssl=1 150w, https:\/\/i0.wp.com\/eltrabajo.cl\/portal\/wp-content\/uploads\/2012\/04\/Rasgunos1.jpg?resize=400%2C300&amp;ssl=1 400w\" sizes=\"auto, (max-width: 600px) 100vw, 600px\" \/><\/a><figcaption id=\"caption-attachment-16658\" class=\"wp-caption-text\">El peque\u00f1o Tom\u00e1s dice que se hizo estos cortes en los brazos para demostrar ante los ni\u00f1os que lo molestan, que \u00e9l es fuerte.<\/figcaption><\/figure>\n<p>Sylvia Vergara &#8211; <a href=\"mailto:svergara@eltrabajo.cl\">svergara@eltrabajo.cl<\/a><\/p>\n<p>Maltrato tanto f\u00edsico como psicol\u00f3gico estar\u00eda sufriendo un menor de 10 a\u00f1os por parte de compa\u00f1eros en el Liceo Mixto de San Felipe. As\u00ed lo denunci\u00f3 su madre, Evelyn Mu\u00f1oz, quien indic\u00f3 que las agresiones, que se remontar\u00edan al a\u00f1o 2011, cuando el peque\u00f1o comenz\u00f3 a ser blanco de burlas y maltrato f\u00edsico de parte de un compa\u00f1ero de curso, se intensificaron la semana pasada.<\/p>\n<p>Su madre Evelyn, dice que le comunic\u00f3 a la profesora la situaci\u00f3n, pero de acuerdo a la informaci\u00f3n que ella tiene, la docente no habr\u00eda informado ni al Inspector ni a la Direcci\u00f3n del colegio.<\/p>\n<p>La situaci\u00f3n de maltrato se habr\u00eda seguido produciendo y con m\u00e1s gravedad la semana reci\u00e9n pasada, cuando el ni\u00f1o lleg\u00f3 con los brazos con cortes.<\/p>\n<p>\u201cMe mandan a llamar, el Inspector General, y yo le digo a mi hijo que por qu\u00e9 me llamaron, y \u00e9l me dice, &#8216;Por esto mam\u00e1&#8217;, y \u00e9l me muestra los brazos con tajos, y le digo por qu\u00e9 se hace eso, y dice porque unos compa\u00f1eros lo molestan, le dicen sobrenombres, y no es solamente a \u00e9l, es a otro compa\u00f1ero tambi\u00e9n\u201d, se\u00f1ala Evelyn.<\/p>\n<p>El colegio ya se encontraba en antecedentes de esta situaci\u00f3n, por lo que llamaron de inmediato a Evelyn, quien se present\u00f3 el viernes para conocer lo ocurrido, donde habr\u00edan puesto en duda su relaci\u00f3n de familia: \u201cEstaban pregunt\u00e1ndose c\u00f3mo era yo como mam\u00e1, c\u00f3mo era la educaci\u00f3n, yo le he inculcado valores, somos de religi\u00f3n Cat\u00f3lica, entonces es como absurdo que digan estas cosas, y \u00e9l (el ni\u00f1o) me dice que es una manera de mostrar a los ni\u00f1os que \u00e9l tiene m\u00e1s fuerza\u201d, comenta Evelyn.<\/p>\n<div class=\"mceTemp\">\n<dl id=\"attachment_16660\" class=\"wp-caption alignright\" style=\"width: 310px;\">\n<dt class=\"wp-caption-dt\"><a href=\"http:\/\/www.eltrabajo.cl\/portal\/2012\/04\/nino-de-diez-anos-se-corta-los-brazos-porque-companeros-lo-agreden\/madre1-4\/\" rel=\"attachment wp-att-16660\"><img data-recalc-dims=\"1\" loading=\"lazy\" decoding=\"async\" class=\"size-medium wp-image-16660\" title=\"Madre1\" src=\"https:\/\/i0.wp.com\/www.eltrabajo.cl\/portal\/wp-content\/uploads\/2012\/04\/Madre11-300x253.jpg?resize=300%2C253\" alt=\"\" width=\"300\" height=\"253\" srcset=\"https:\/\/i0.wp.com\/eltrabajo.cl\/portal\/wp-content\/uploads\/2012\/04\/Madre11.jpg?resize=300%2C253&amp;ssl=1 300w, https:\/\/i0.wp.com\/eltrabajo.cl\/portal\/wp-content\/uploads\/2012\/04\/Madre11.jpg?resize=177%2C150&amp;ssl=1 177w, https:\/\/i0.wp.com\/eltrabajo.cl\/portal\/wp-content\/uploads\/2012\/04\/Madre11.jpg?resize=150%2C126&amp;ssl=1 150w, https:\/\/i0.wp.com\/eltrabajo.cl\/portal\/wp-content\/uploads\/2012\/04\/Madre11.jpg?resize=400%2C337&amp;ssl=1 400w, https:\/\/i0.wp.com\/eltrabajo.cl\/portal\/wp-content\/uploads\/2012\/04\/Madre11.jpg?w=600&amp;ssl=1 600w\" sizes=\"auto, (max-width: 300px) 100vw, 300px\" \/><\/a><\/dt>\n<dd class=\"wp-caption-dd\">Evelyn Mu\u00f1oz se\u00f1al\u00f3 que toda la familia se encuentra afectada con esta situaci\u00f3n y dice que su hijo tiene depresi\u00f3n.<\/dd>\n<\/dl>\n<p><strong>\u00ab\u00c9L QUIERE MORIRSE\u00bb<\/strong><\/div>\n<p>Adem\u00e1s esta mam\u00e1 cuenta que su hijo se encuentra con una depresi\u00f3n, por lo que est\u00e1n pensando como familia en enviarlo al psic\u00f3logo.<\/p>\n<p>Evelyn dice no entender esta situaci\u00f3n, sobre todo porque su hijo tiene muy buenas notas y siempre ha sido un buen alumno, lo que, a su juicio, generar\u00eda la envidia de un grupo de ni\u00f1os de su curso, de cuatro espec\u00edficamente que lo estar\u00edan atormentando.<\/p>\n<p>\u201cSon cuatro los ni\u00f1os que los molestan, son del mismo curso, de la misma edad, lo molestan desde el a\u00f1o pasado. \u00c9l s\u00f3lo llora, no hace caso, tiene buenas notas, 6.8 de promedio, pero ahora \u00faltimo se ha puesto m\u00e1s agresivo y yo le preguntaba qu\u00e9 le pasaba, pero nunca me dijo eso. Lo que me alert\u00f3 ahora es que \u00e9l quiere morirse, quiere matarse, y me dice que estar\u00eda mejor en un caj\u00f3n. Eso para nosotros como pap\u00e1s es terrible, nosotros somos s\u00faper unidos\u201d, explic\u00f3 la angustiada madre a Diario El Trabajo.<\/p>\n<p>El peque\u00f1o dice que estos compa\u00f1eros lo molestan coloc\u00e1ndole sobrenombres: \u201cMe dicen \u2018Jirafa\u2019, me dicen \u2018Nerd\u2019, porque yo soy el \u00fanico que escribo en las clases\u201d, coment\u00f3 el peque\u00f1o.<\/p>\n<p>Ante esta situaci\u00f3n, Evelyn est\u00e1 evaluando sacar del colegio al ni\u00f1o y emprender acciones legales contra la instituci\u00f3n, debido al tipo de situaci\u00f3n que se est\u00e1n produciendo dentro del establecimiento y para que ning\u00fan otro ni\u00f1o pase por este calvario.<\/p>\n<p><strong>DIRECTOR DEL MIXTO<\/strong><\/p>\n<p>Consultado el Director de Educaci\u00f3n B\u00e1sica del Liceo Mixto, \u00d3scar S\u00e1nchez, sobre la situaci\u00f3n, el directivo dice estar en conocimiento del caso de este menor desde el a\u00f1o pasado, cuando la apoderada realiz\u00f3 la primea denuncia.<\/p>\n<p>Seg\u00fan S\u00e1nchez, luego de que en 2011 se hiciera la investigaci\u00f3n del caso, se decidi\u00f3 desvincular del establecimiento al menor agresor, ya que se pudo establecer que el hijo de Evelyn estaba siendo agredido.<\/p>\n<p>Sin embargo desde esta oportunidad no hab\u00edan tenido conocimiento de m\u00e1s agresiones contra este estudiante, ya que no hab\u00edan recibido ninguna denuncia al respecto.<\/p>\n<p>\u201cYo no tengo ninguna otra denuncia de que estos ni\u00f1itos hayan maltratado a Tom\u00e1s, y Tom\u00e1s acusa en este caso a cuatro ni\u00f1os de su curso que lo molestan, pero \u00e9l se hizo el corte con otros compa\u00f1eros del curso y no son los ni\u00f1os agresores, no son los ni\u00f1os que declara que lo agreden que est\u00e1n involucrados en los cortes\u201d, dice S\u00e1nchez.<\/p>\n<p>Seg\u00fan explica el Directivo, el jueves mandaron a llamar a Evelyn, pero que la apoderada reci\u00e9n se present\u00f3 en el establecimiento el viernes para conocer la situaci\u00f3n.<\/p>\n<p>\u201cElla no vino el jueves, vino viernes en la ma\u00f1ana, el ni\u00f1o cuando lleg\u00f3 a la casa cont\u00f3 su versi\u00f3n de esta situaci\u00f3n, inmediatamente tomamos cartas en el asunto y fuimos a hablar con los ni\u00f1os y ellos estaban jugando y los ni\u00f1os que Tom\u00e1s dice que lo molestan, en este caso no tienen nada que ver, y Tom\u00e1s con otros ni\u00f1os estaban jugando a hacerse estas marcas.<\/p>\n<p>S\u00e1nchez se\u00f1ala que el d\u00eda jueves comenzaron una investigaci\u00f3n interna para establecer qu\u00e9 fue lo que ocurri\u00f3, proceso que deber\u00eda durar toda esta semana, tiempo durante el cual se entrevistar\u00e1 a los menores, profesores y a la Orientadora, entre otros funcionarios.<\/p>\n<p>Luego de establecer las responsabilidades, el Reglamento de Convivencia del colegio establece que ante esta situaci\u00f3n se debe derivar a los ni\u00f1os a Orientaci\u00f3n y a un psic\u00f3logo para entregar apoyo al ni\u00f1o y a la familia. Mientras que en el caso de los responsables podr\u00edan ser desvinculados del colegio dependiendo de su responsabilidad.<\/p>\n","protected":false},"excerpt":{"rendered":"<p>Sylvia Vergara &#8211; svergara@eltrabajo.cl Maltrato tanto f\u00edsico como psicol\u00f3gico estar\u00eda sufriendo un menor de 10 a\u00f1os por parte de compa\u00f1eros en el Liceo Mixto de San Felipe. As\u00ed lo denunci\u00f3 su madre,&#8230;<\/p>\n","protected":false},"author":482,"featured_media":16658,"comment_status":"open","ping_status":"open","sticky":false,"template":"","format":"standard","meta":{"advanced_seo_description":"","jetpack_seo_html_title":"","jetpack_seo_noindex":false,"_jetpack_memberships_contains_paid_content":false,"footnotes":""},"categories":[15],"tags":[],"class_list":["post-16657","post","type-post","status-publish","format-standard","has-post-thumbnail","hentry","category-comunidad"],"jetpack_featured_media_url":"https:\/\/i0.wp.com\/eltrabajo.cl\/portal\/wp-content\/uploads\/2012\/04\/Rasgunos1.jpg?fit=600%2C450&ssl=1","jetpack_sharing_enabled":true,"jetpack_likes_enabled":true,"jetpack-related-posts":[],"_links":{"self":[{"href":"https:\/\/eltrabajo.cl\/portal\/wp-json\/wp\/v2\/posts\/16657","targetHints":{"allow":["GET"]}}],"collection":[{"href":"https:\/\/eltrabajo.cl\/portal\/wp-json\/wp\/v2\/posts"}],"about":[{"href":"https:\/\/eltrabajo.cl\/portal\/wp-json\/wp\/v2\/types\/post"}],"author":[{"embeddable":true,"href":"https:\/\/eltrabajo.cl\/portal\/wp-json\/wp\/v2\/users\/482"}],"replies":[{"embeddable":true,"href":"https:\/\/eltrabajo.cl\/portal\/wp-json\/wp\/v2\/comments?post=16657"}],"version-history":[{"count":0,"href":"https:\/\/eltrabajo.cl\/portal\/wp-json\/wp\/v2\/posts\/16657\/revisions"}],"wp:featuredmedia":[{"embeddable":true,"href":"https:\/\/eltrabajo.cl\/portal\/wp-json\/wp\/v2\/media\/16658"}],"wp:attachment":[{"href":"https:\/\/eltrabajo.cl\/portal\/wp-json\/wp\/v2\/media?parent=16657"}],"wp:term":[{"taxonomy":"category","embeddable":true,"href":"https:\/\/eltrabajo.cl\/portal\/wp-json\/wp\/v2\/categories?post=16657"},{"taxonomy":"post_tag","embeddable":true,"href":"https:\/\/eltrabajo.cl\/portal\/wp-json\/wp\/v2\/tags?post=16657"}],"curies":[{"name":"wp","href":"https:\/\/api.w.org\/{rel}","templated":true}]}}