{"id":16667,"date":"2012-04-16T05:35:24","date_gmt":"2012-04-16T08:35:24","guid":{"rendered":"http:\/\/www.eltrabajo.cl\/portal\/?p=16667"},"modified":"2012-04-16T05:35:24","modified_gmt":"2012-04-16T08:35:24","slug":"madre-encuentra-sin-vida-a-su-hijo-de-diez-anos-en-el-patio-de-su-casa","status":"publish","type":"post","link":"https:\/\/eltrabajo.cl\/portal\/madre-encuentra-sin-vida-a-su-hijo-de-diez-anos-en-el-patio-de-su-casa\/","title":{"rendered":"Madre encuentra sin vida a su hijo de diez a\u00f1os en el patio de su casa"},"content":{"rendered":"<figure id=\"attachment_16668\" aria-describedby=\"caption-attachment-16668\" style=\"width: 600px\" class=\"wp-caption alignnone\"><a href=\"http:\/\/www.eltrabajo.cl\/portal\/2012\/04\/madre-encuentra-sin-vida-a-su-hijo-de-diez-anos-en-el-patio-de-su-casa\/suicidio2\/\" rel=\"attachment wp-att-16668\"><img data-recalc-dims=\"1\" loading=\"lazy\" decoding=\"async\" class=\"size-full wp-image-16668\" title=\"Suicidio2\" src=\"https:\/\/i0.wp.com\/www.eltrabajo.cl\/portal\/wp-content\/uploads\/2012\/04\/Suicidio2.jpg?resize=600%2C450\" alt=\"\" width=\"600\" height=\"450\" srcset=\"https:\/\/i0.wp.com\/eltrabajo.cl\/portal\/wp-content\/uploads\/2012\/04\/Suicidio2.jpg?w=600&amp;ssl=1 600w, https:\/\/i0.wp.com\/eltrabajo.cl\/portal\/wp-content\/uploads\/2012\/04\/Suicidio2.jpg?resize=200%2C150&amp;ssl=1 200w, https:\/\/i0.wp.com\/eltrabajo.cl\/portal\/wp-content\/uploads\/2012\/04\/Suicidio2.jpg?resize=300%2C225&amp;ssl=1 300w, https:\/\/i0.wp.com\/eltrabajo.cl\/portal\/wp-content\/uploads\/2012\/04\/Suicidio2.jpg?resize=150%2C112&amp;ssl=1 150w, https:\/\/i0.wp.com\/eltrabajo.cl\/portal\/wp-content\/uploads\/2012\/04\/Suicidio2.jpg?resize=400%2C300&amp;ssl=1 400w\" sizes=\"auto, (max-width: 600px) 100vw, 600px\" \/><\/a><figcaption id=\"caption-attachment-16668\" class=\"wp-caption-text\">Mat\u00edas M.O. era alumno de la Escuela Eduardo Becerra de Casablanca, generando conmoci\u00f3n en la comunidad por este lamentable hecho que enluta a una conocida familia del sector de Los Patos.<\/figcaption><\/figure>\n<p><strong>PUTAENDO.-<\/strong> Consternaci\u00f3n gener\u00f3 en la comunidad de Los Patos y en la comuna y regiones aleda\u00f1as, el suicidio de un menor de diez a\u00f1os ocurrido la tarde de este domingo en el sector antes mencionado.<\/p>\n<p>Los hechos habr\u00edan quedado al descubierto a eso de las 15:00 horas de este domingo, cuando la madre del menor comenz\u00f3 a buscarlo por las inmediaciones de su casa, encontrando al peque\u00f1o Mat\u00edas M.O. ahorcado en el patio de la vivienda.<\/p>\n<p>La madre, aunque cay\u00f3 en shock, dio aviso como pudo a Carabineros del Ret\u00e9n Los Patos, quienes llegaron al lugar y donde ya r\u00e1pidamente se hab\u00eda solicitado la presencia del SAMU, comprobando lamentablemente que el menor ya se encontraba fallecido.<\/p>\n<p>Por orden del Fiscal de Turno se constituy\u00f3 en el lugar de los hechos la Brigada de Homicidios de la PDI de Los Andes, al mando del Inspector Rafael Herrera, quien declin\u00f3 entregar detalles oficiales por \u2018\u00d3rdenes Superiores\u2019. Nuestro medio en forma extraoficial se enter\u00f3 que el menor falleci\u00f3 por asfixia por ahorcamiento del tipo suicida, descart\u00e1ndose la intervenci\u00f3n de terceras personas. Mat\u00edas M.O. era alumno de la Escuela Eduardo Becerra de Casablanca, generando conmoci\u00f3n en la comunidad por este lamentable hecho que enluta a una conocida familia del sector de Los Patos.<\/p>\n<p><strong>Patricio Gallardo M.<\/strong><\/p>\n","protected":false},"excerpt":{"rendered":"<p>PUTAENDO.- Consternaci\u00f3n gener\u00f3 en la comunidad de Los Patos y en la comuna y regiones aleda\u00f1as, el suicidio de un menor de diez a\u00f1os ocurrido la tarde de este domingo en el&#8230;<\/p>\n","protected":false},"author":482,"featured_media":16668,"comment_status":"open","ping_status":"open","sticky":false,"template":"","format":"standard","meta":{"advanced_seo_description":"","jetpack_seo_html_title":"","jetpack_seo_noindex":false,"_jetpack_memberships_contains_paid_content":false,"footnotes":""},"categories":[21],"tags":[],"class_list":["post-16667","post","type-post","status-publish","format-standard","has-post-thumbnail","hentry","category-policial"],"jetpack_featured_media_url":"https:\/\/i0.wp.com\/eltrabajo.cl\/portal\/wp-content\/uploads\/2012\/04\/Suicidio2.jpg?fit=600%2C450&ssl=1","jetpack_sharing_enabled":true,"jetpack_likes_enabled":true,"jetpack-related-posts":[],"_links":{"self":[{"href":"https:\/\/eltrabajo.cl\/portal\/wp-json\/wp\/v2\/posts\/16667","targetHints":{"allow":["GET"]}}],"collection":[{"href":"https:\/\/eltrabajo.cl\/portal\/wp-json\/wp\/v2\/posts"}],"about":[{"href":"https:\/\/eltrabajo.cl\/portal\/wp-json\/wp\/v2\/types\/post"}],"author":[{"embeddable":true,"href":"https:\/\/eltrabajo.cl\/portal\/wp-json\/wp\/v2\/users\/482"}],"replies":[{"embeddable":true,"href":"https:\/\/eltrabajo.cl\/portal\/wp-json\/wp\/v2\/comments?post=16667"}],"version-history":[{"count":0,"href":"https:\/\/eltrabajo.cl\/portal\/wp-json\/wp\/v2\/posts\/16667\/revisions"}],"wp:featuredmedia":[{"embeddable":true,"href":"https:\/\/eltrabajo.cl\/portal\/wp-json\/wp\/v2\/media\/16668"}],"wp:attachment":[{"href":"https:\/\/eltrabajo.cl\/portal\/wp-json\/wp\/v2\/media?parent=16667"}],"wp:term":[{"taxonomy":"category","embeddable":true,"href":"https:\/\/eltrabajo.cl\/portal\/wp-json\/wp\/v2\/categories?post=16667"},{"taxonomy":"post_tag","embeddable":true,"href":"https:\/\/eltrabajo.cl\/portal\/wp-json\/wp\/v2\/tags?post=16667"}],"curies":[{"name":"wp","href":"https:\/\/api.w.org\/{rel}","templated":true}]}}