{"id":16671,"date":"2012-04-16T05:43:41","date_gmt":"2012-04-16T08:43:41","guid":{"rendered":"http:\/\/www.eltrabajo.cl\/portal\/?p=16671"},"modified":"2012-04-24T11:43:10","modified_gmt":"2012-04-24T14:43:10","slug":"en-ajuste-de-cuentas-matan-a-joven-de-18-anos-de-balazo-en-el-pecho","status":"publish","type":"post","link":"https:\/\/eltrabajo.cl\/portal\/en-ajuste-de-cuentas-matan-a-joven-de-18-anos-de-balazo-en-el-pecho\/","title":{"rendered":"En ajuste de cuentas matan a joven de 18 a\u00f1os de balazo en el pecho"},"content":{"rendered":"<figure id=\"attachment_16672\" aria-describedby=\"caption-attachment-16672\" style=\"width: 300px\" class=\"wp-caption alignleft\"><a href=\"http:\/\/www.eltrabajo.cl\/portal\/2012\/04\/en-ajuste-de-cuentas-matan-a-joven-de-18-anos-de-balazo-en-el-pecho\/kevin1\/\" rel=\"attachment wp-att-16672\"><img data-recalc-dims=\"1\" loading=\"lazy\" decoding=\"async\" class=\"size-medium wp-image-16672\" title=\"Kevin1\" src=\"https:\/\/i0.wp.com\/www.eltrabajo.cl\/portal\/wp-content\/uploads\/2012\/04\/Kevin1-300x266.jpg?resize=300%2C266\" alt=\"\" width=\"300\" height=\"266\" srcset=\"https:\/\/i0.wp.com\/eltrabajo.cl\/portal\/wp-content\/uploads\/2012\/04\/Kevin1.jpg?resize=300%2C266&amp;ssl=1 300w, https:\/\/i0.wp.com\/eltrabajo.cl\/portal\/wp-content\/uploads\/2012\/04\/Kevin1.jpg?resize=168%2C150&amp;ssl=1 168w, https:\/\/i0.wp.com\/eltrabajo.cl\/portal\/wp-content\/uploads\/2012\/04\/Kevin1.jpg?resize=150%2C133&amp;ssl=1 150w, https:\/\/i0.wp.com\/eltrabajo.cl\/portal\/wp-content\/uploads\/2012\/04\/Kevin1.jpg?resize=400%2C355&amp;ssl=1 400w, https:\/\/i0.wp.com\/eltrabajo.cl\/portal\/wp-content\/uploads\/2012\/04\/Kevin1.jpg?w=600&amp;ssl=1 600w\" sizes=\"auto, (max-width: 300px) 100vw, 300px\" \/><\/a><figcaption id=\"caption-attachment-16672\" class=\"wp-caption-text\">De un certero balazo en su pecho, Kevin Tapia Tapia, de 18 a\u00f1os de edad, fue ultimado con arma de fuego y pu\u00f1al la madrugada de este domingo.<\/figcaption><\/figure>\n<p>Sylvia Vergara &#8211; <a href=\"mailto:svergara@eltrabajo.cl\">svergara@eltrabajo.cl<\/a><\/p>\n<p>Un sujeto de 18 a\u00f1os de edad, identificado como Kevin Jameson Jordan Tapia Tapia, result\u00f3 muerto la madrugada de este domingo, luego de haber sido herido con un arma de fuego en su pecho y con un arma blanca en uno de sus costados. El hecho, que ha resultado bastante confuso, se registr\u00f3 alrededor de las 5:15 de la madrugada en la poblaci\u00f3n Chorrillos en la comuna de San Felipe.<\/p>\n<p>A esa hora, la Central de Comunicaciones de Carabineros recibi\u00f3 un llamado al Nivel de emergencia 133, dando cuenta de varios disparos, los que se habr\u00edan sentido en el pasaje uno de esa poblaci\u00f3n.<\/p>\n<p>Ante esa situaci\u00f3n, se traslad\u00f3 personal policial al lugar, y al llegar a ese sitio, testigos indicaron que en un veh\u00edculo blanco, al parecer un Chevrolet Spark, era trasladado hasta el Hospital San Camilo, un sujeto que habr\u00eda sido herido con un arma de fuego.<\/p>\n<p>Con esa informaci\u00f3n, los efectivos policiales se trasladaron hasta el Centro Asistencial sanfelipe\u00f1o, donde efectivamente, minutos antes, hab\u00eda ingresado Kevin Tapia Tapia, domiciliado en Calle Nueva en la Poblaci\u00f3n Chorrillos de San Felipe, el cual hab\u00eda recibido heridas de bala y por un corte con un arma blanca en el costado derecho.<\/p>\n<p>Ante la gravedad de sus lesiones, Tapia fue ingresado al Servicio de Urgencias del hospital, donde por varios minutos los galenos realizaron las maniobras de rigor, las que no dieron los resultados esperados, constatando la muerte del joven alrededor de las 5:40 horas de esta madrugada.<\/p>\n<p>Carabineros de San Felipe contin\u00faa con la investigaci\u00f3n para aclarar las circunstancias en que el joven fue herido, adem\u00e1s de dar con el paradero de los autores del hecho.<\/p>\n<p>En horas de la tarde del domingo, Carabineros encontr\u00f3 el arma de fuego que le habr\u00eda producido las heridas que le provocaron la muerte a Tapia, la que fue ubicada en la Villa Departamental.<\/p>\n","protected":false},"excerpt":{"rendered":"<p>Sylvia Vergara &#8211; svergara@eltrabajo.cl Un sujeto de 18 a\u00f1os de edad, identificado como Kevin Jameson Jordan Tapia Tapia, result\u00f3 muerto la madrugada de este domingo, luego de haber sido herido con un&#8230;<\/p>\n","protected":false},"author":482,"featured_media":16672,"comment_status":"closed","ping_status":"open","sticky":false,"template":"","format":"standard","meta":{"advanced_seo_description":"","jetpack_seo_html_title":"","jetpack_seo_noindex":false,"_jetpack_memberships_contains_paid_content":false,"footnotes":""},"categories":[21],"tags":[],"class_list":["post-16671","post","type-post","status-publish","format-standard","has-post-thumbnail","hentry","category-policial"],"jetpack_featured_media_url":"https:\/\/i0.wp.com\/eltrabajo.cl\/portal\/wp-content\/uploads\/2012\/04\/Kevin1.jpg?fit=600%2C533&ssl=1","jetpack_sharing_enabled":true,"jetpack_likes_enabled":true,"jetpack-related-posts":[],"_links":{"self":[{"href":"https:\/\/eltrabajo.cl\/portal\/wp-json\/wp\/v2\/posts\/16671","targetHints":{"allow":["GET"]}}],"collection":[{"href":"https:\/\/eltrabajo.cl\/portal\/wp-json\/wp\/v2\/posts"}],"about":[{"href":"https:\/\/eltrabajo.cl\/portal\/wp-json\/wp\/v2\/types\/post"}],"author":[{"embeddable":true,"href":"https:\/\/eltrabajo.cl\/portal\/wp-json\/wp\/v2\/users\/482"}],"replies":[{"embeddable":true,"href":"https:\/\/eltrabajo.cl\/portal\/wp-json\/wp\/v2\/comments?post=16671"}],"version-history":[{"count":0,"href":"https:\/\/eltrabajo.cl\/portal\/wp-json\/wp\/v2\/posts\/16671\/revisions"}],"wp:featuredmedia":[{"embeddable":true,"href":"https:\/\/eltrabajo.cl\/portal\/wp-json\/wp\/v2\/media\/16672"}],"wp:attachment":[{"href":"https:\/\/eltrabajo.cl\/portal\/wp-json\/wp\/v2\/media?parent=16671"}],"wp:term":[{"taxonomy":"category","embeddable":true,"href":"https:\/\/eltrabajo.cl\/portal\/wp-json\/wp\/v2\/categories?post=16671"},{"taxonomy":"post_tag","embeddable":true,"href":"https:\/\/eltrabajo.cl\/portal\/wp-json\/wp\/v2\/tags?post=16671"}],"curies":[{"name":"wp","href":"https:\/\/api.w.org\/{rel}","templated":true}]}}