{"id":16676,"date":"2012-04-17T04:18:34","date_gmt":"2012-04-17T07:18:34","guid":{"rendered":"http:\/\/www.eltrabajo.cl\/portal\/?p=16676"},"modified":"2012-04-17T04:18:34","modified_gmt":"2012-04-17T07:18:34","slug":"exhiben-primeras-fotografias-del-cristo-de-rinconada-en-centro-cultural","status":"publish","type":"post","link":"https:\/\/eltrabajo.cl\/portal\/exhiben-primeras-fotografias-del-cristo-de-rinconada-en-centro-cultural\/","title":{"rendered":"Exhiben primeras fotograf\u00edas del Cristo de Rinconada en Centro Cultural"},"content":{"rendered":"<figure id=\"attachment_16677\" aria-describedby=\"caption-attachment-16677\" style=\"width: 600px\" class=\"wp-caption alignnone\"><a href=\"http:\/\/www.eltrabajo.cl\/portal\/2012\/04\/exhiben-primeras-fotografias-del-cristo-de-rinconada-en-centro-cultural\/cristo1\/\" rel=\"attachment wp-att-16677\"><img data-recalc-dims=\"1\" loading=\"lazy\" decoding=\"async\" class=\"size-full wp-image-16677\" title=\"Cristo1\" src=\"https:\/\/i0.wp.com\/www.eltrabajo.cl\/portal\/wp-content\/uploads\/2012\/04\/Cristo1.jpg?resize=600%2C390\" alt=\"\" width=\"600\" height=\"390\" srcset=\"https:\/\/i0.wp.com\/eltrabajo.cl\/portal\/wp-content\/uploads\/2012\/04\/Cristo1.jpg?w=600&amp;ssl=1 600w, https:\/\/i0.wp.com\/eltrabajo.cl\/portal\/wp-content\/uploads\/2012\/04\/Cristo1.jpg?resize=200%2C130&amp;ssl=1 200w, https:\/\/i0.wp.com\/eltrabajo.cl\/portal\/wp-content\/uploads\/2012\/04\/Cristo1.jpg?resize=300%2C195&amp;ssl=1 300w, https:\/\/i0.wp.com\/eltrabajo.cl\/portal\/wp-content\/uploads\/2012\/04\/Cristo1.jpg?resize=150%2C97&amp;ssl=1 150w, https:\/\/i0.wp.com\/eltrabajo.cl\/portal\/wp-content\/uploads\/2012\/04\/Cristo1.jpg?resize=400%2C260&amp;ssl=1 400w\" sizes=\"auto, (max-width: 600px) 100vw, 600px\" \/><\/a><figcaption id=\"caption-attachment-16677\" class=\"wp-caption-text\">Esta foto muestra al mismo Peter Horn sobre el madero a\u00fan en el suelo dirigiendo la obra para ser levantado.<\/figcaption><\/figure>\n<p><strong>PUTAENDO.-<\/strong> Una importante exposici\u00f3n fotogr\u00e1fica se est\u00e1 realizando en el Centro Cultural de Rinconada de Silva, donde se muestran las primeras fotograf\u00edas del Santo Cristo de Rinconada que datan de la d\u00e9cada de 1920 en adelante.\u00a0<\/p>\n<p>Gema Lepe, Directora de dicho Centro Cultural, se\u00f1al\u00f3 que orgullosamente pueden contarle a la comunidad que hoy cuentan con este invaluable tesoro obsequiado por un joven matrimonio rinconadino, donde se puede observar los momentos m\u00e1s importantes de esta obra maravillosa tallada por el Escultor alem\u00e1n Peter Horn.<\/p>\n<p>Estas fotos muestran el arduo trabajo realizado por lugare\u00f1os y Horn al momento de ser levantada la cruz y ser ubicada en el lugar que se encuentra hasta el d\u00eda de hoy, resultando emocionante ver al mismo Peter Horn sobre el madero a\u00fan en el suelo dirigiendo la obra para ser levantado.<\/p>\n<p>\u201cPara nosotros como Centro Cultural de Rinconada de Silva, es motivo de gran orgullo y sencillamente fant\u00e1stico tener estas fotograf\u00edas que son un regalo de la Historia y tambi\u00e9n de la naturaleza, pues conocemos en estas im\u00e1genes c\u00f3mo un pino de m\u00e1s de 300 a\u00f1os de edad se convirti\u00f3 con la m\u00e1gica mano de Peter Horn, en la imagen de nuestro Santo Cristo, por lo que invitamos a la comunidad a que se acerquen a nuestro Centro Cultural para que aprecien esta belleza, donde incluso hemos visto gente que se ha emocionado hasta las l\u00e1grimas al reconocer en estas fotograf\u00edas a algunos de sus familiares y antepasados\u201d, se\u00f1al\u00f3 la Directora, Gema Lepe.<\/p>\n<figure id=\"attachment_16678\" aria-describedby=\"caption-attachment-16678\" style=\"width: 300px\" class=\"wp-caption alignright\"><a href=\"http:\/\/www.eltrabajo.cl\/portal\/2012\/04\/exhiben-primeras-fotografias-del-cristo-de-rinconada-en-centro-cultural\/arte1-2\/\" rel=\"attachment wp-att-16678\"><img data-recalc-dims=\"1\" loading=\"lazy\" decoding=\"async\" class=\"size-medium wp-image-16678\" title=\"Arte1\" src=\"https:\/\/i0.wp.com\/www.eltrabajo.cl\/portal\/wp-content\/uploads\/2012\/04\/Arte1-300x207.jpg?resize=300%2C207\" alt=\"\" width=\"300\" height=\"207\" srcset=\"https:\/\/i0.wp.com\/eltrabajo.cl\/portal\/wp-content\/uploads\/2012\/04\/Arte1.jpg?resize=300%2C207&amp;ssl=1 300w, https:\/\/i0.wp.com\/eltrabajo.cl\/portal\/wp-content\/uploads\/2012\/04\/Arte1.jpg?resize=200%2C138&amp;ssl=1 200w, https:\/\/i0.wp.com\/eltrabajo.cl\/portal\/wp-content\/uploads\/2012\/04\/Arte1.jpg?resize=150%2C103&amp;ssl=1 150w, https:\/\/i0.wp.com\/eltrabajo.cl\/portal\/wp-content\/uploads\/2012\/04\/Arte1.jpg?resize=400%2C276&amp;ssl=1 400w, https:\/\/i0.wp.com\/eltrabajo.cl\/portal\/wp-content\/uploads\/2012\/04\/Arte1.jpg?w=600&amp;ssl=1 600w\" sizes=\"auto, (max-width: 300px) 100vw, 300px\" \/><\/a><figcaption id=\"caption-attachment-16678\" class=\"wp-caption-text\">Gema Lepe, Directora del Centro Cultural de Rinconada, mostr\u00f3 a Diario El Trabajo el tesoro hist\u00f3rico que ahora est\u00e1 disponible para todo el p\u00fablico.<\/figcaption><\/figure>\n<p>En las fotograf\u00edas se pueden apreciar im\u00e1genes como la Virgen del Carmen del a\u00f1o 1920, donada por la se\u00f1ora Mercedes Vald\u00e9s Cuevas, esposa del Presidente de la Rep\u00fablica don Ram\u00f3n Barros Luco, o la misa a los pies del Cristo, efectuada el 16 de julio de 1938, adem\u00e1s de otras importantes fotograf\u00edas que gentilmente y con mucha dedicaci\u00f3n, Gema Lepe explica detenidamente la importancia y el momento preciso de dicha fotograf\u00eda para la comunidad de Rinconada.<\/p>\n<p><strong>Patricio Gallardo M.<\/strong><\/p>\n","protected":false},"excerpt":{"rendered":"<p>PUTAENDO.- Una importante exposici\u00f3n fotogr\u00e1fica se est\u00e1 realizando en el Centro Cultural de Rinconada de Silva, donde se muestran las primeras fotograf\u00edas del Santo Cristo de Rinconada que datan de la d\u00e9cada&#8230;<\/p>\n","protected":false},"author":482,"featured_media":16677,"comment_status":"open","ping_status":"open","sticky":false,"template":"","format":"standard","meta":{"advanced_seo_description":"","jetpack_seo_html_title":"","jetpack_seo_noindex":false,"_jetpack_memberships_contains_paid_content":false,"footnotes":""},"categories":[15],"tags":[],"class_list":["post-16676","post","type-post","status-publish","format-standard","has-post-thumbnail","hentry","category-comunidad"],"jetpack_featured_media_url":"https:\/\/i0.wp.com\/eltrabajo.cl\/portal\/wp-content\/uploads\/2012\/04\/Cristo1.jpg?fit=600%2C390&ssl=1","jetpack_sharing_enabled":true,"jetpack_likes_enabled":true,"jetpack-related-posts":[],"_links":{"self":[{"href":"https:\/\/eltrabajo.cl\/portal\/wp-json\/wp\/v2\/posts\/16676","targetHints":{"allow":["GET"]}}],"collection":[{"href":"https:\/\/eltrabajo.cl\/portal\/wp-json\/wp\/v2\/posts"}],"about":[{"href":"https:\/\/eltrabajo.cl\/portal\/wp-json\/wp\/v2\/types\/post"}],"author":[{"embeddable":true,"href":"https:\/\/eltrabajo.cl\/portal\/wp-json\/wp\/v2\/users\/482"}],"replies":[{"embeddable":true,"href":"https:\/\/eltrabajo.cl\/portal\/wp-json\/wp\/v2\/comments?post=16676"}],"version-history":[{"count":0,"href":"https:\/\/eltrabajo.cl\/portal\/wp-json\/wp\/v2\/posts\/16676\/revisions"}],"wp:featuredmedia":[{"embeddable":true,"href":"https:\/\/eltrabajo.cl\/portal\/wp-json\/wp\/v2\/media\/16677"}],"wp:attachment":[{"href":"https:\/\/eltrabajo.cl\/portal\/wp-json\/wp\/v2\/media?parent=16676"}],"wp:term":[{"taxonomy":"category","embeddable":true,"href":"https:\/\/eltrabajo.cl\/portal\/wp-json\/wp\/v2\/categories?post=16676"},{"taxonomy":"post_tag","embeddable":true,"href":"https:\/\/eltrabajo.cl\/portal\/wp-json\/wp\/v2\/tags?post=16676"}],"curies":[{"name":"wp","href":"https:\/\/api.w.org\/{rel}","templated":true}]}}