{"id":16687,"date":"2012-04-17T04:21:35","date_gmt":"2012-04-17T07:21:35","guid":{"rendered":"http:\/\/www.eltrabajo.cl\/portal\/?p=16687"},"modified":"2012-04-17T04:21:35","modified_gmt":"2012-04-17T07:21:35","slug":"piden-a-chilquinta-acelerar-luz-electrica-a-familias-del-ex-fundo-condoroma","status":"publish","type":"post","link":"https:\/\/eltrabajo.cl\/portal\/piden-a-chilquinta-acelerar-luz-electrica-a-familias-del-ex-fundo-condoroma\/","title":{"rendered":"Piden a Chilquinta acelerar luz el\u00e9ctrica a familias del ex fundo Condoroma"},"content":{"rendered":"<figure id=\"attachment_16688\" aria-describedby=\"caption-attachment-16688\" style=\"width: 600px\" class=\"wp-caption alignnone\"><a href=\"http:\/\/www.eltrabajo.cl\/portal\/2012\/04\/piden-a-chilquinta-acelerar-luz-electrica-a-familias-del-ex-fundo-condoroma\/familiascondoroma1\/\" rel=\"attachment wp-att-16688\"><img data-recalc-dims=\"1\" loading=\"lazy\" decoding=\"async\" class=\"size-full wp-image-16688\" title=\"familiascondoroma1\" src=\"https:\/\/i0.wp.com\/www.eltrabajo.cl\/portal\/wp-content\/uploads\/2012\/04\/familiascondoroma1.jpg?resize=600%2C450\" alt=\"\" width=\"600\" height=\"450\" srcset=\"https:\/\/i0.wp.com\/eltrabajo.cl\/portal\/wp-content\/uploads\/2012\/04\/familiascondoroma1.jpg?w=600&amp;ssl=1 600w, https:\/\/i0.wp.com\/eltrabajo.cl\/portal\/wp-content\/uploads\/2012\/04\/familiascondoroma1.jpg?resize=200%2C150&amp;ssl=1 200w, https:\/\/i0.wp.com\/eltrabajo.cl\/portal\/wp-content\/uploads\/2012\/04\/familiascondoroma1.jpg?resize=300%2C225&amp;ssl=1 300w, https:\/\/i0.wp.com\/eltrabajo.cl\/portal\/wp-content\/uploads\/2012\/04\/familiascondoroma1.jpg?resize=150%2C112&amp;ssl=1 150w, https:\/\/i0.wp.com\/eltrabajo.cl\/portal\/wp-content\/uploads\/2012\/04\/familiascondoroma1.jpg?resize=400%2C300&amp;ssl=1 400w\" sizes=\"auto, (max-width: 600px) 100vw, 600px\" \/><\/a><figcaption id=\"caption-attachment-16688\" class=\"wp-caption-text\">Los vecinos afectados ya cancelaron el empalme, pero la empresa se ha tomado su tiempo en cumplir con su parte.<\/figcaption><\/figure>\n<ul>\n<li><strong>Desde hace meses est\u00e1n sin suministro el\u00e9ctrico debido a que el fundo se puso a la venta, y pese a que vecinos cancelaron un nuevo empalme, la empresa el\u00e9ctrica a\u00fan no cumple con dotar de energ\u00eda el\u00e9ctrica a las familias.<\/strong><\/li>\n<\/ul>\n<p><strong>LOS ANDES.-<\/strong> Haciendo eco del clamor de los vecinos, el concejal Oscar Eduardo Araya solicit\u00f3 formalmente a la empresa Chilquinta apurar las gestiones para dotar suministro el\u00e9ctrico a ocho casas que se encuentran al interior del fundo Condoroma en el sector de Los Villares.<\/p>\n<p>Araya record\u00f3 que este problema se arrastra desde hace meses cuando el fundo se puso a la venta, quedando sin suministro de agua y luz, que antes eran proporcionados por los due\u00f1os de los terrenos.<\/p>\n<p>Indic\u00f3 que las familias lograron conseguir que la Municipalidad de Los Andes los abasteciera de agua potable, pero en el caso de la luz hicieron el sacrificio y cancelaron el empalme.<\/p>\n<p>Araya manifest\u00f3 que a pesar de pagar por este servicio, la empresa Chilquinta a\u00fan no da se\u00f1ales para ir a instalar los cables y medidores a la vivienda, con lo cual su calidad de vida se ha visto enormemente perjudicada.<\/p>\n<p>A\u00f1adi\u00f3 que en el intertanto est\u00e1n viendo con el Municipio la posibilidad de instalar un generador el\u00e9ctrico mientras se espera que Chilquinta realice las conexiones.<\/p>\n<p>En tanto Sara Zambrano, vocera de las familias afectadas, record\u00f3 que el problema de la falta de luz se arrastra de noviembre de 2011.<\/p>\n","protected":false},"excerpt":{"rendered":"<p>Desde hace meses est\u00e1n sin suministro el\u00e9ctrico debido a que el fundo se puso a la venta, y pese a que vecinos cancelaron un nuevo empalme, la empresa el\u00e9ctrica a\u00fan no cumple&#8230;<\/p>\n","protected":false},"author":482,"featured_media":16688,"comment_status":"open","ping_status":"open","sticky":false,"template":"","format":"standard","meta":{"advanced_seo_description":"","jetpack_seo_html_title":"","jetpack_seo_noindex":false,"_jetpack_memberships_contains_paid_content":false,"footnotes":""},"categories":[15],"tags":[],"class_list":["post-16687","post","type-post","status-publish","format-standard","has-post-thumbnail","hentry","category-comunidad"],"jetpack_featured_media_url":"https:\/\/i0.wp.com\/eltrabajo.cl\/portal\/wp-content\/uploads\/2012\/04\/familiascondoroma1.jpg?fit=600%2C450&ssl=1","jetpack_sharing_enabled":true,"jetpack_likes_enabled":true,"jetpack-related-posts":[],"_links":{"self":[{"href":"https:\/\/eltrabajo.cl\/portal\/wp-json\/wp\/v2\/posts\/16687","targetHints":{"allow":["GET"]}}],"collection":[{"href":"https:\/\/eltrabajo.cl\/portal\/wp-json\/wp\/v2\/posts"}],"about":[{"href":"https:\/\/eltrabajo.cl\/portal\/wp-json\/wp\/v2\/types\/post"}],"author":[{"embeddable":true,"href":"https:\/\/eltrabajo.cl\/portal\/wp-json\/wp\/v2\/users\/482"}],"replies":[{"embeddable":true,"href":"https:\/\/eltrabajo.cl\/portal\/wp-json\/wp\/v2\/comments?post=16687"}],"version-history":[{"count":0,"href":"https:\/\/eltrabajo.cl\/portal\/wp-json\/wp\/v2\/posts\/16687\/revisions"}],"wp:featuredmedia":[{"embeddable":true,"href":"https:\/\/eltrabajo.cl\/portal\/wp-json\/wp\/v2\/media\/16688"}],"wp:attachment":[{"href":"https:\/\/eltrabajo.cl\/portal\/wp-json\/wp\/v2\/media?parent=16687"}],"wp:term":[{"taxonomy":"category","embeddable":true,"href":"https:\/\/eltrabajo.cl\/portal\/wp-json\/wp\/v2\/categories?post=16687"},{"taxonomy":"post_tag","embeddable":true,"href":"https:\/\/eltrabajo.cl\/portal\/wp-json\/wp\/v2\/tags?post=16687"}],"curies":[{"name":"wp","href":"https:\/\/api.w.org\/{rel}","templated":true}]}}