{"id":16691,"date":"2012-04-17T04:23:57","date_gmt":"2012-04-17T07:23:57","guid":{"rendered":"http:\/\/www.eltrabajo.cl\/portal\/?p=16691"},"modified":"2012-04-17T04:23:57","modified_gmt":"2012-04-17T07:23:57","slug":"con-diversas-actividades-reservistas-apoyan-a-escuela-de-casablanca","status":"publish","type":"post","link":"https:\/\/eltrabajo.cl\/portal\/con-diversas-actividades-reservistas-apoyan-a-escuela-de-casablanca\/","title":{"rendered":"Con diversas actividades Reservistas apoyan a escuela de Casablanca"},"content":{"rendered":"<figure id=\"attachment_16692\" aria-describedby=\"caption-attachment-16692\" style=\"width: 300px\" class=\"wp-caption alignleft\"><a href=\"http:\/\/www.eltrabajo.cl\/portal\/2012\/04\/con-diversas-actividades-reservistas-apoyan-a-escuela-de-casablanca\/jorge-nunez\/\" rel=\"attachment wp-att-16692\"><img data-recalc-dims=\"1\" loading=\"lazy\" decoding=\"async\" class=\"size-medium wp-image-16692\" title=\"jorge nunez\" src=\"https:\/\/i0.wp.com\/www.eltrabajo.cl\/portal\/wp-content\/uploads\/2012\/04\/jorge-nunez-300x225.jpg?resize=300%2C225\" alt=\"\" width=\"300\" height=\"225\" srcset=\"https:\/\/i0.wp.com\/eltrabajo.cl\/portal\/wp-content\/uploads\/2012\/04\/jorge-nunez.jpg?resize=300%2C225&amp;ssl=1 300w, https:\/\/i0.wp.com\/eltrabajo.cl\/portal\/wp-content\/uploads\/2012\/04\/jorge-nunez.jpg?resize=200%2C150&amp;ssl=1 200w, https:\/\/i0.wp.com\/eltrabajo.cl\/portal\/wp-content\/uploads\/2012\/04\/jorge-nunez.jpg?resize=150%2C112&amp;ssl=1 150w, https:\/\/i0.wp.com\/eltrabajo.cl\/portal\/wp-content\/uploads\/2012\/04\/jorge-nunez.jpg?resize=400%2C300&amp;ssl=1 400w, https:\/\/i0.wp.com\/eltrabajo.cl\/portal\/wp-content\/uploads\/2012\/04\/jorge-nunez.jpg?w=600&amp;ssl=1 600w\" sizes=\"auto, (max-width: 300px) 100vw, 300px\" \/><\/a><figcaption id=\"caption-attachment-16692\" class=\"wp-caption-text\">Jorge N\u00fa\u00f1ez se\u00f1al\u00f3 que son 72 las personas que forman parte del Centro, pero que s\u00f3lo unos 40 \u00f3 50 participan activamente.<\/figcaption><\/figure>\n<p>Una visita a la escuela del sector de Casablanca realiz\u00f3 el fin de semana reci\u00e9n pasado el Centro de Reservistas de San Felipe, que ten\u00eda como objetivo ir en apoyo de ese establecimiento educacional.<\/p>\n<p>As\u00ed lo se\u00f1al\u00f3 Jorge N\u00fa\u00f1ez, secretario del Centro de Reservistas Jos\u00e9 Miguel Carrera, quien dijo que durante la visita se hicieron algunas labores de limpieza, ordenaron las dependencias, repararon los juegos infantiles que utilizan los ni\u00f1os que asisten a este establecimiento, pintaron las salas y un pasillo, e hicieron reparaciones en la parte el\u00e9ctrica, espec\u00edficamente en el sector de la cocina.<\/p>\n<p>Adem\u00e1s se instalaron televisores en algunas de las dependencias, ya que en ese mismo lugar se confeccionaron estructuras met\u00e1licas que sirvieron de soporte.<\/p>\n<p>\u201cMuy agradecida qued\u00f3 la directora de colegio por la visita del Centro de Reservistas de este a\u00f1o y qued\u00f3 programada otra visita para el pr\u00f3ximo mes, donde se finiquitar\u00edan algunas cosas que estaban faltando, como cambio de tubos fluorescentes, porque en este momento no ten\u00edan en stock en el colegio y tambi\u00e9n vamos a hacer algunos arreglos que no alcanzamos a realizar\u201d, dijo N\u00fa\u00f1ez.<\/p>\n<p>El centro de Reservistas apadrin\u00f3 hace seis a\u00f1os la escuela de Casablanca, en el marco de algunos trabajos que realizaba la entidad de beneficio hacia la comunidad. El lugar fue escogido adem\u00e1s porque el Centro cuenta con un asentamiento en el sector de Los Patos.<\/p>\n<p>\u201cEn la ciudad de San Felipe no tenemos ning\u00fan colegio apadrinado y decidimos apadrinar este colegio rural, porque nosotros tenemos un asentamiento en el sector de Los Patos, y producto de eso establecimos que ese colegio iba a ser beneficiado con las actividades nuestras una vez al a\u00f1o\u201d, sostuvo N\u00fa\u00f1ez.<\/p>\n<p>El Centro de Reservistas est\u00e1 formado por 72 personas, aunque son s\u00f3lo 40 \u00f3 50 los integrantes que participan activamente. Adem\u00e1s los costos de las actividades que realizan son absorbidas totalmente por los reservistas, no teniendo subvenci\u00f3n de ning\u00fan estamento.<\/p>\n<p>El Centro de Reservistas continuar\u00e1 con las actividades durante el resto del a\u00f1o, donde participar\u00e1n en actividades c\u00edvico-militares en las comunas de Los Andes, Santa Mar\u00eda, Llay Llay y Panquehue. A las que se sumar\u00e1n las visitas que realizar\u00e1n a las ciudades de Talca, Chill\u00e1n, La Serena y Arica, donde participar\u00e1n en la celebraci\u00f3n del Asalto y Toma del Morro de Arica.<\/p>\n","protected":false},"excerpt":{"rendered":"<p>Una visita a la escuela del sector de Casablanca realiz\u00f3 el fin de semana reci\u00e9n pasado el Centro de Reservistas de San Felipe, que ten\u00eda como objetivo ir en apoyo de ese&#8230;<\/p>\n","protected":false},"author":482,"featured_media":16692,"comment_status":"open","ping_status":"open","sticky":false,"template":"","format":"standard","meta":{"advanced_seo_description":"","jetpack_seo_html_title":"","jetpack_seo_noindex":false,"_jetpack_memberships_contains_paid_content":false,"footnotes":""},"categories":[1],"tags":[],"class_list":["post-16691","post","type-post","status-publish","format-standard","has-post-thumbnail","hentry","category-cronica"],"jetpack_featured_media_url":"https:\/\/i0.wp.com\/eltrabajo.cl\/portal\/wp-content\/uploads\/2012\/04\/jorge-nunez.jpg?fit=600%2C450&ssl=1","jetpack_sharing_enabled":true,"jetpack_likes_enabled":true,"jetpack-related-posts":[],"_links":{"self":[{"href":"https:\/\/eltrabajo.cl\/portal\/wp-json\/wp\/v2\/posts\/16691","targetHints":{"allow":["GET"]}}],"collection":[{"href":"https:\/\/eltrabajo.cl\/portal\/wp-json\/wp\/v2\/posts"}],"about":[{"href":"https:\/\/eltrabajo.cl\/portal\/wp-json\/wp\/v2\/types\/post"}],"author":[{"embeddable":true,"href":"https:\/\/eltrabajo.cl\/portal\/wp-json\/wp\/v2\/users\/482"}],"replies":[{"embeddable":true,"href":"https:\/\/eltrabajo.cl\/portal\/wp-json\/wp\/v2\/comments?post=16691"}],"version-history":[{"count":0,"href":"https:\/\/eltrabajo.cl\/portal\/wp-json\/wp\/v2\/posts\/16691\/revisions"}],"wp:featuredmedia":[{"embeddable":true,"href":"https:\/\/eltrabajo.cl\/portal\/wp-json\/wp\/v2\/media\/16692"}],"wp:attachment":[{"href":"https:\/\/eltrabajo.cl\/portal\/wp-json\/wp\/v2\/media?parent=16691"}],"wp:term":[{"taxonomy":"category","embeddable":true,"href":"https:\/\/eltrabajo.cl\/portal\/wp-json\/wp\/v2\/categories?post=16691"},{"taxonomy":"post_tag","embeddable":true,"href":"https:\/\/eltrabajo.cl\/portal\/wp-json\/wp\/v2\/tags?post=16691"}],"curies":[{"name":"wp","href":"https:\/\/api.w.org\/{rel}","templated":true}]}}