{"id":16695,"date":"2012-04-17T09:29:25","date_gmt":"2012-04-17T12:29:25","guid":{"rendered":"http:\/\/www.eltrabajo.cl\/portal\/?p=16695"},"modified":"2012-04-17T09:29:25","modified_gmt":"2012-04-17T12:29:25","slug":"intensas-lluvias-del-viernes-generaron-varias-emergencias-en-la-comuna","status":"publish","type":"post","link":"https:\/\/eltrabajo.cl\/portal\/intensas-lluvias-del-viernes-generaron-varias-emergencias-en-la-comuna\/","title":{"rendered":"Intensas lluvias del viernes generaron varias emergencias en la comuna"},"content":{"rendered":"<figure id=\"attachment_16696\" aria-describedby=\"caption-attachment-16696\" style=\"width: 300px\" class=\"wp-caption alignleft\"><a href=\"http:\/\/www.eltrabajo.cl\/portal\/2012\/04\/intensas-lluvias-del-viernes-generaron-varias-emergencias-en-la-comuna\/raul-astorga-4\/\" rel=\"attachment wp-att-16696\"><img data-recalc-dims=\"1\" loading=\"lazy\" decoding=\"async\" class=\"size-medium wp-image-16696\" title=\"raul astorga\" src=\"https:\/\/i0.wp.com\/www.eltrabajo.cl\/portal\/wp-content\/uploads\/2012\/04\/raul-astorga-300x225.jpg?resize=300%2C225\" alt=\"\" width=\"300\" height=\"225\" srcset=\"https:\/\/i0.wp.com\/eltrabajo.cl\/portal\/wp-content\/uploads\/2012\/04\/raul-astorga.jpg?resize=300%2C225&amp;ssl=1 300w, https:\/\/i0.wp.com\/eltrabajo.cl\/portal\/wp-content\/uploads\/2012\/04\/raul-astorga.jpg?resize=200%2C150&amp;ssl=1 200w, https:\/\/i0.wp.com\/eltrabajo.cl\/portal\/wp-content\/uploads\/2012\/04\/raul-astorga.jpg?resize=150%2C112&amp;ssl=1 150w, https:\/\/i0.wp.com\/eltrabajo.cl\/portal\/wp-content\/uploads\/2012\/04\/raul-astorga.jpg?resize=400%2C300&amp;ssl=1 400w, https:\/\/i0.wp.com\/eltrabajo.cl\/portal\/wp-content\/uploads\/2012\/04\/raul-astorga.jpg?w=600&amp;ssl=1 600w\" sizes=\"auto, (max-width: 300px) 100vw, 300px\" \/><\/a><figcaption id=\"caption-attachment-16696\" class=\"wp-caption-text\">Ra\u00fal Astorga se\u00f1al\u00f3 que el viernes y producto de las condiciones clim\u00e1ticas, se produjeron varias situaciones de emergencia, por lo que llam\u00f3 a la comunidad a revisar sus hogares para evitar tener problemas m\u00e1s serios cuando comiencen las lluvias.<\/figcaption><\/figure>\n<p>Las lluvias que se registraron el viernes reci\u00e9n pasado, las que por momentos fueron bastante intensas, dejaron entrever que la comunidad no se encuentra preparada para recibir este fen\u00f3meno, ya que los organismos de emergencias, especialmente Bomberos, tuvieron que actuar en varias situaciones a nivel comunal.<\/p>\n<p>As\u00ed lo dio a conocer Ra\u00fal Astorga, Relacionador P\u00fablico de la instituci\u00f3n, quien se\u00f1al\u00f3 que ante la llegada del invierno y de las pronosticadas lluvias para esta estaci\u00f3n, la recomendaci\u00f3n es comenzar a preparar las viviendas, limpiar los techos y las bajadas de agua lluvia y sobre todo no olvidar de revisar los techos, especialmente aquellas personas que en lugar de clavos o tornillos tienen piedras o maderas afirmando las planchas de zinc o pizarre\u00f1o.<\/p>\n<p>\u201cHacemos un llamado para que la gente se preocupe en estos d\u00edas de buen tiempo que vamos a tener, se supone que en dos meses m\u00e1s est\u00e1n cambiando los fen\u00f3menos y se presentar\u00edan las lluvias\u201d.<\/p>\n<p>A nivel bomberil espec\u00edficamente tambi\u00e9n se registraron bastantes problemas, especialmente en lo referido a los cortes de energ\u00eda el\u00e9ctrica.<\/p>\n<p>\u201cEs un tema bastante recurrente que hemos tenido en la fecha, tuvimos con Chilquinta 9 llamados, problemas bastante serios y la problem\u00e1tica que existe es la descoordinaci\u00f3n que existe con el tiempo y a quien se le avisa, porque con lluvia es bastante complejo trabajar con ese elemento, el que tiene que llevar la voz cantante son ellos y esto se va a tratar a nivel de Gobernaci\u00f3n para que podamos tratar el tema y una respuesta m\u00e1s r\u00e1pida\u201d, dijo Astorga.<\/p>\n<p>En tanto en la zona se registraron 5 accidentes vehiculares debido a las condiciones clim\u00e1ticas que se presentaron, sumado a un incendio vehicular, un tema bastante complejo y que preocupa a los organismos de emergencia.<\/p>\n<p>Asimismo Astorga entreg\u00f3 algunas recomendaciones al momento de comenzar a utilizar los sistemas de calefacci\u00f3n, especialmente las estufas a le\u00f1a. En ese sentido dijo que era necesario revisar, por lo menos una vez al a\u00f1o, los ductos met\u00e1licos, donde salen expelidos los vapores al exterior.<\/p>\n<p>\u201cAs\u00ed que ese tubo met\u00e1lico est\u00e9 limpio, antes de empezar los fr\u00edos, que se limpie, porque el holl\u00edn que se produce adentro se calienta y se produce exceso de calor y eso al toparse con la madera se inflama y en el entretecho se produce el incendio, la casa vale mucho m\u00e1s que gastar 30 mil pesos en la limpieza, adem\u00e1s uno mismo lo puede hacer tambi\u00e9n\u201d.<\/p>\n","protected":false},"excerpt":{"rendered":"<p>Las lluvias que se registraron el viernes reci\u00e9n pasado, las que por momentos fueron bastante intensas, dejaron entrever que la comunidad no se encuentra preparada para recibir este fen\u00f3meno, ya que los&#8230;<\/p>\n","protected":false},"author":482,"featured_media":16696,"comment_status":"open","ping_status":"open","sticky":false,"template":"","format":"standard","meta":{"advanced_seo_description":"","jetpack_seo_html_title":"","jetpack_seo_noindex":false,"_jetpack_memberships_contains_paid_content":false,"footnotes":""},"categories":[1],"tags":[],"class_list":["post-16695","post","type-post","status-publish","format-standard","has-post-thumbnail","hentry","category-cronica"],"jetpack_featured_media_url":"https:\/\/i0.wp.com\/eltrabajo.cl\/portal\/wp-content\/uploads\/2012\/04\/raul-astorga.jpg?fit=600%2C451&ssl=1","jetpack_sharing_enabled":true,"jetpack_likes_enabled":true,"jetpack-related-posts":[],"_links":{"self":[{"href":"https:\/\/eltrabajo.cl\/portal\/wp-json\/wp\/v2\/posts\/16695","targetHints":{"allow":["GET"]}}],"collection":[{"href":"https:\/\/eltrabajo.cl\/portal\/wp-json\/wp\/v2\/posts"}],"about":[{"href":"https:\/\/eltrabajo.cl\/portal\/wp-json\/wp\/v2\/types\/post"}],"author":[{"embeddable":true,"href":"https:\/\/eltrabajo.cl\/portal\/wp-json\/wp\/v2\/users\/482"}],"replies":[{"embeddable":true,"href":"https:\/\/eltrabajo.cl\/portal\/wp-json\/wp\/v2\/comments?post=16695"}],"version-history":[{"count":0,"href":"https:\/\/eltrabajo.cl\/portal\/wp-json\/wp\/v2\/posts\/16695\/revisions"}],"wp:featuredmedia":[{"embeddable":true,"href":"https:\/\/eltrabajo.cl\/portal\/wp-json\/wp\/v2\/media\/16696"}],"wp:attachment":[{"href":"https:\/\/eltrabajo.cl\/portal\/wp-json\/wp\/v2\/media?parent=16695"}],"wp:term":[{"taxonomy":"category","embeddable":true,"href":"https:\/\/eltrabajo.cl\/portal\/wp-json\/wp\/v2\/categories?post=16695"},{"taxonomy":"post_tag","embeddable":true,"href":"https:\/\/eltrabajo.cl\/portal\/wp-json\/wp\/v2\/tags?post=16695"}],"curies":[{"name":"wp","href":"https:\/\/api.w.org\/{rel}","templated":true}]}}