{"id":16699,"date":"2012-04-17T09:31:38","date_gmt":"2012-04-17T12:31:38","guid":{"rendered":"http:\/\/www.eltrabajo.cl\/portal\/?p=16699"},"modified":"2012-04-17T09:31:38","modified_gmt":"2012-04-17T12:31:38","slug":"municipio-establecera-mayor-coordinacion-con-chilquinta-ante-emergencias","status":"publish","type":"post","link":"https:\/\/eltrabajo.cl\/portal\/municipio-establecera-mayor-coordinacion-con-chilquinta-ante-emergencias\/","title":{"rendered":"Municipio establecer\u00e1 mayor coordinaci\u00f3n con Chilquinta ante emergencias"},"content":{"rendered":"<figure id=\"attachment_16700\" aria-describedby=\"caption-attachment-16700\" style=\"width: 300px\" class=\"wp-caption alignleft\"><a href=\"http:\/\/www.eltrabajo.cl\/portal\/2012\/04\/municipio-establecera-mayor-coordinacion-con-chilquinta-ante-emergencias\/claudio-diaz\/\" rel=\"attachment wp-att-16700\"><img data-recalc-dims=\"1\" loading=\"lazy\" decoding=\"async\" class=\"size-medium wp-image-16700\" title=\"claudio diaz\" src=\"https:\/\/i0.wp.com\/www.eltrabajo.cl\/portal\/wp-content\/uploads\/2012\/04\/claudio-diaz-300x225.jpg?resize=300%2C225\" alt=\"\" width=\"300\" height=\"225\" srcset=\"https:\/\/i0.wp.com\/eltrabajo.cl\/portal\/wp-content\/uploads\/2012\/04\/claudio-diaz.jpg?resize=300%2C225&amp;ssl=1 300w, https:\/\/i0.wp.com\/eltrabajo.cl\/portal\/wp-content\/uploads\/2012\/04\/claudio-diaz.jpg?resize=200%2C150&amp;ssl=1 200w, https:\/\/i0.wp.com\/eltrabajo.cl\/portal\/wp-content\/uploads\/2012\/04\/claudio-diaz.jpg?resize=150%2C112&amp;ssl=1 150w, https:\/\/i0.wp.com\/eltrabajo.cl\/portal\/wp-content\/uploads\/2012\/04\/claudio-diaz.jpg?resize=400%2C300&amp;ssl=1 400w, https:\/\/i0.wp.com\/eltrabajo.cl\/portal\/wp-content\/uploads\/2012\/04\/claudio-diaz.jpg?w=600&amp;ssl=1 600w\" sizes=\"auto, (max-width: 300px) 100vw, 300px\" \/><\/a><figcaption id=\"caption-attachment-16700\" class=\"wp-caption-text\">Claudio D\u00edaz dijo que el municipio trabaja en el Programa de Emergencia 2012 y se espera tener una mayor coordinaci\u00f3n con Chilquinta ante futuras situaciones cr\u00edticas.<\/figcaption><\/figure>\n<p>El municipio de San Felipe se encuentra por estos d\u00edas trabajando en el Programa de Emergencia del a\u00f1o 2012 y principalmente abocado a actualizar y preparar las condiciones de lo que ser\u00eda un evento de emergencia de nivel comunal.<\/p>\n<p>As\u00ed lo dio a conocer el director del Departamento de Obras del municipio, Claudio D\u00edaz, quien sostuvo que en esa l\u00ednea se est\u00e1 trabajando internamente en la actualizaci\u00f3n del manual de procedimientos como Comit\u00e9 de Emergencia Comunal, determinando la cantidad de funcionarios que participar\u00edan en estas actividades, con sus respectivas funciones y obligaciones, actualizando y proveyendo lo que es la bodega municipal de emergencia y principalmente lo que es la habilitaci\u00f3n de albergues para una situaci\u00f3n de demanda mayor en caso de la ocurrencia de un siniestro de importancia.<\/p>\n<p>\u201cA nivel urbano estar\u00edamos trabajando con la Escuela Hogar como punto de albergue, estamos revisando el recinto para poder habilitarlo de buena forma y en los sectores rurales estar\u00edamos operando con colegios y sedes comunitarias\u201d, dijo D\u00edaz.<\/p>\n<p>Seg\u00fan se\u00f1al\u00f3 el director, el municipio viene realizando un trabajo permanente desde el a\u00f1o 2000 a la fecha, que tiene como objetivo normalizar puntos cr\u00edticos, que quedan de manifiesto en las \u00e9pocas de lluvia y donde se producen anegamientos, o donde se generan aislamientos.<\/p>\n<p>En ese sentido se ha trabajado para tener resueltos puntos importantes a nivel de la periferia de la comuna, como por ejemplo el puente 21 de Mayo, las pasarelas del sector de El Asiento, algunos puntos cr\u00edticos que se han producido en el sector de Tierras Blancas, sectores que se suman a otros que se han ido generando debido al crecimiento de la comuna.<\/p>\n<p>\u201cEn este momento se est\u00e1n revisando a ra\u00edz de las \u00faltimas lluvias que acontecieron el fin de semana, entrar\u00edamos a implementar el plan de invierno para prevenci\u00f3n de situaciones de emergencias del 2012, y a ra\u00edz de eso vamos a revisar con el departamento que corresponda la situaci\u00f3n de escurrimiento de aguas lluvias, bocatoma de canales, la situaci\u00f3n de sem\u00e1foros, tambi\u00e9n que es una situaci\u00f3n que se vio afectada y en esa l\u00ednea, como todos los a\u00f1os, vamos a tratar de coordinar de buena forma y con una postura m\u00e1s participativa lo que tiene que ver con Chilquinta, que es la instancia donde tenemos mayor retraso en lo que es responder oportunamente a las situaciones de emergencia\u201d, dijo D\u00edaz.<\/p>\n<p>En ese sentido el director de Obras dijo que va a ser necesario realizar una nueva coordinaci\u00f3n con Chilquinta para establecer los procedimientos y se pueda responder con rapidez a la comunidad ante una situaci\u00f3n de emergencia.<\/p>\n<p>\u201cPorque en los programas siempre ellos han establecido que tienen un coordinador y un tel\u00e9fono de emergencia, pero en la pr\u00e1ctica seguimos con la situaci\u00f3n que esas coordinaciones no operan con la debida diligencia que necesitamos, entonces vamos a tener que insistir en una reuni\u00f3n de coordinaci\u00f3n con Chilquinta para asegurarle a la comunidad de que van a ser capaces de atender oportunamente a los requerimientos\u201d, sentenci\u00f3 D\u00edaz.<\/p>\n","protected":false},"excerpt":{"rendered":"<p>El municipio de San Felipe se encuentra por estos d\u00edas trabajando en el Programa de Emergencia del a\u00f1o 2012 y principalmente abocado a actualizar y preparar las condiciones de lo que ser\u00eda&#8230;<\/p>\n","protected":false},"author":482,"featured_media":16700,"comment_status":"open","ping_status":"open","sticky":false,"template":"","format":"standard","meta":{"advanced_seo_description":"","jetpack_seo_html_title":"","jetpack_seo_noindex":false,"_jetpack_memberships_contains_paid_content":false,"footnotes":""},"categories":[1],"tags":[],"class_list":["post-16699","post","type-post","status-publish","format-standard","has-post-thumbnail","hentry","category-cronica"],"jetpack_featured_media_url":"https:\/\/i0.wp.com\/eltrabajo.cl\/portal\/wp-content\/uploads\/2012\/04\/claudio-diaz.jpg?fit=600%2C450&ssl=1","jetpack_sharing_enabled":true,"jetpack_likes_enabled":true,"jetpack-related-posts":[],"_links":{"self":[{"href":"https:\/\/eltrabajo.cl\/portal\/wp-json\/wp\/v2\/posts\/16699","targetHints":{"allow":["GET"]}}],"collection":[{"href":"https:\/\/eltrabajo.cl\/portal\/wp-json\/wp\/v2\/posts"}],"about":[{"href":"https:\/\/eltrabajo.cl\/portal\/wp-json\/wp\/v2\/types\/post"}],"author":[{"embeddable":true,"href":"https:\/\/eltrabajo.cl\/portal\/wp-json\/wp\/v2\/users\/482"}],"replies":[{"embeddable":true,"href":"https:\/\/eltrabajo.cl\/portal\/wp-json\/wp\/v2\/comments?post=16699"}],"version-history":[{"count":0,"href":"https:\/\/eltrabajo.cl\/portal\/wp-json\/wp\/v2\/posts\/16699\/revisions"}],"wp:featuredmedia":[{"embeddable":true,"href":"https:\/\/eltrabajo.cl\/portal\/wp-json\/wp\/v2\/media\/16700"}],"wp:attachment":[{"href":"https:\/\/eltrabajo.cl\/portal\/wp-json\/wp\/v2\/media?parent=16699"}],"wp:term":[{"taxonomy":"category","embeddable":true,"href":"https:\/\/eltrabajo.cl\/portal\/wp-json\/wp\/v2\/categories?post=16699"},{"taxonomy":"post_tag","embeddable":true,"href":"https:\/\/eltrabajo.cl\/portal\/wp-json\/wp\/v2\/tags?post=16699"}],"curies":[{"name":"wp","href":"https:\/\/api.w.org\/{rel}","templated":true}]}}