{"id":16704,"date":"2012-04-17T09:43:24","date_gmt":"2012-04-17T12:43:24","guid":{"rendered":"http:\/\/www.eltrabajo.cl\/portal\/?p=16704"},"modified":"2012-04-17T09:52:44","modified_gmt":"2012-04-17T12:52:44","slug":"damnificado-de-incendio-recibio-su-nueva-casita-en-sector-el-asiento","status":"publish","type":"post","link":"https:\/\/eltrabajo.cl\/portal\/damnificado-de-incendio-recibio-su-nueva-casita-en-sector-el-asiento\/","title":{"rendered":"Damnificado de incendio recibi\u00f3 su nueva casita en sector El Asiento"},"content":{"rendered":"<figure id=\"attachment_16705\" aria-describedby=\"caption-attachment-16705\" style=\"width: 600px\" class=\"wp-caption alignnone\"><a href=\"http:\/\/www.eltrabajo.cl\/portal\/2012\/04\/damnificado-de-incendio-recibio-su-nueva-casita-en-sector-el-asiento\/casita1-2\/\" rel=\"attachment wp-att-16705\"><img data-recalc-dims=\"1\" loading=\"lazy\" decoding=\"async\" class=\"size-full wp-image-16705\" title=\"Casita1\" src=\"https:\/\/i0.wp.com\/www.eltrabajo.cl\/portal\/wp-content\/uploads\/2012\/04\/Casita1.jpg?resize=600%2C450\" alt=\"\" width=\"600\" height=\"450\" srcset=\"https:\/\/i0.wp.com\/eltrabajo.cl\/portal\/wp-content\/uploads\/2012\/04\/Casita1.jpg?w=600&amp;ssl=1 600w, https:\/\/i0.wp.com\/eltrabajo.cl\/portal\/wp-content\/uploads\/2012\/04\/Casita1.jpg?resize=200%2C150&amp;ssl=1 200w, https:\/\/i0.wp.com\/eltrabajo.cl\/portal\/wp-content\/uploads\/2012\/04\/Casita1.jpg?resize=300%2C225&amp;ssl=1 300w, https:\/\/i0.wp.com\/eltrabajo.cl\/portal\/wp-content\/uploads\/2012\/04\/Casita1.jpg?resize=150%2C112&amp;ssl=1 150w, https:\/\/i0.wp.com\/eltrabajo.cl\/portal\/wp-content\/uploads\/2012\/04\/Casita1.jpg?resize=400%2C300&amp;ssl=1 400w\" sizes=\"auto, (max-width: 600px) 100vw, 600px\" \/><\/a><figcaption id=\"caption-attachment-16705\" class=\"wp-caption-text\">Diario El Trabajo registr\u00f3 el momento en que trabajadores de la Junta Vecinal instalaban la media agua para Juan Carlos Ram\u00edrez.<\/figcaption><\/figure>\n<p>Roberto Gonz\u00e1lez Short &#8211; <a href=\"mailto:rgonzalez@eltrabajo.cl\">rgonzalez@eltrabajo.cl<\/a><\/p>\n<p>Luego que don Juan Carlos Ram\u00edrez, damnificado de un incendio en la poblaci\u00f3n de El Asiento en meses pasados, reclamara que la Junta Vecinal no estaba honrando su compromiso de brindarle auxilio en su situaci\u00f3n, las c\u00e1maras de Diario El Trabajo registraron el momento en que varios trabajadores instalaron la media agua en el sitio del siniestro.<\/p>\n<figure id=\"attachment_16706\" aria-describedby=\"caption-attachment-16706\" style=\"width: 240px\" class=\"wp-caption alignright\"><a href=\"http:\/\/www.eltrabajo.cl\/portal\/2012\/04\/damnificado-de-incendio-recibio-su-nueva-casita-en-sector-el-asiento\/casita2\/\" rel=\"attachment wp-att-16706\"><img data-recalc-dims=\"1\" loading=\"lazy\" decoding=\"async\" class=\"size-medium wp-image-16706 \" title=\"Casita2\" src=\"https:\/\/i0.wp.com\/www.eltrabajo.cl\/portal\/wp-content\/uploads\/2012\/04\/Casita2-300x225.jpg?resize=240%2C180\" alt=\"\" width=\"240\" height=\"180\" srcset=\"https:\/\/i0.wp.com\/eltrabajo.cl\/portal\/wp-content\/uploads\/2012\/04\/Casita2.jpg?resize=300%2C225&amp;ssl=1 300w, https:\/\/i0.wp.com\/eltrabajo.cl\/portal\/wp-content\/uploads\/2012\/04\/Casita2.jpg?resize=200%2C150&amp;ssl=1 200w, https:\/\/i0.wp.com\/eltrabajo.cl\/portal\/wp-content\/uploads\/2012\/04\/Casita2.jpg?resize=150%2C112&amp;ssl=1 150w, https:\/\/i0.wp.com\/eltrabajo.cl\/portal\/wp-content\/uploads\/2012\/04\/Casita2.jpg?resize=400%2C300&amp;ssl=1 400w, https:\/\/i0.wp.com\/eltrabajo.cl\/portal\/wp-content\/uploads\/2012\/04\/Casita2.jpg?w=600&amp;ssl=1 600w\" sizes=\"auto, (max-width: 240px) 100vw, 240px\" \/><\/a><figcaption id=\"caption-attachment-16706\" class=\"wp-caption-text\">Una vez terminada, Juan Carlos Ram\u00edrez se instal\u00f3 en su nueva casita.<\/figcaption><\/figure>\n<p>Durante el fin de semana antepasado, la Junta Vecinal N\u00ba38 de El Asiento coordin\u00f3 las obras para que el problema fuera resuelto, por lo que actualmente Juan Carlos Ram\u00edrez cuenta con una peque\u00f1a pero segura mediagua que le resguardar\u00e1 del agua y el fr\u00edo.<\/p>\n<p>\u201cEste fin de semana logramos tambi\u00e9n instalar toda la conexi\u00f3n el\u00e9ctrica en esa media agua. De los fondos que recaudamos con la actividad del mariachi, se pudieron reunir 38.000 pesos, de los cuales se gastaron 20.000 pesos en toda la cabler\u00eda y conectores el\u00e9ctricos, los 18.000 pesos que quedan en poder de nuestra Junta se decidir\u00e1 en estos d\u00edas si se la damos en efectivo o si se le compra mercader\u00eda\u201d, explic\u00f3 a Diario El Trabajo Luis Ortiz, Presidente de la Junta Vecinal N\u00ba38 de El Asiento.<\/p>\n<p>Seg\u00fan lo reportado por Ortiz, es gracias al Dipma y a la Municipalidad de San Felipe que se logr\u00f3 instalar esta peque\u00f1a estructura para el afectado.<\/p>\n<figure id=\"attachment_16707\" aria-describedby=\"caption-attachment-16707\" style=\"width: 180px\" class=\"wp-caption alignleft\"><a href=\"http:\/\/www.eltrabajo.cl\/portal\/2012\/04\/damnificado-de-incendio-recibio-su-nueva-casita-en-sector-el-asiento\/presidente1-2\/\" rel=\"attachment wp-att-16707\"><img data-recalc-dims=\"1\" loading=\"lazy\" decoding=\"async\" class=\"size-medium wp-image-16707 \" title=\"Presidente1\" src=\"https:\/\/i0.wp.com\/www.eltrabajo.cl\/portal\/wp-content\/uploads\/2012\/04\/Presidente1-300x264.jpg?resize=180%2C158\" alt=\"\" width=\"180\" height=\"158\" srcset=\"https:\/\/i0.wp.com\/eltrabajo.cl\/portal\/wp-content\/uploads\/2012\/04\/Presidente1.jpg?resize=300%2C264&amp;ssl=1 300w, https:\/\/i0.wp.com\/eltrabajo.cl\/portal\/wp-content\/uploads\/2012\/04\/Presidente1.jpg?resize=170%2C150&amp;ssl=1 170w, https:\/\/i0.wp.com\/eltrabajo.cl\/portal\/wp-content\/uploads\/2012\/04\/Presidente1.jpg?resize=150%2C132&amp;ssl=1 150w, https:\/\/i0.wp.com\/eltrabajo.cl\/portal\/wp-content\/uploads\/2012\/04\/Presidente1.jpg?resize=400%2C352&amp;ssl=1 400w, https:\/\/i0.wp.com\/eltrabajo.cl\/portal\/wp-content\/uploads\/2012\/04\/Presidente1.jpg?w=600&amp;ssl=1 600w\" sizes=\"auto, (max-width: 180px) 100vw, 180px\" \/><\/a><figcaption id=\"caption-attachment-16707\" class=\"wp-caption-text\">Luis Ortiz, Presidente de la Junta Vecinal N\u00ba38 de El Asiento de San Felipe.<\/figcaption><\/figure>\n<p>\u201cEstoy muy contento con mi casita, este invierno no pasar\u00e9 fr\u00edo y agradezco a quienes me han ayudado, no estoy enojado con nadie\u201d, coment\u00f3 el mismo Juan Carlos Ram\u00edrez al ser consultado por su actitud ahora que la Junta Vecinal le ha cumplido en ayudarle.<\/p>\n","protected":false},"excerpt":{"rendered":"<p>Roberto Gonz\u00e1lez Short &#8211; rgonzalez@eltrabajo.cl Luego que don Juan Carlos Ram\u00edrez, damnificado de un incendio en la poblaci\u00f3n de El Asiento en meses pasados, reclamara que la Junta Vecinal no estaba honrando&#8230;<\/p>\n","protected":false},"author":482,"featured_media":16705,"comment_status":"open","ping_status":"open","sticky":false,"template":"","format":"standard","meta":{"advanced_seo_description":"","jetpack_seo_html_title":"","jetpack_seo_noindex":false,"_jetpack_memberships_contains_paid_content":false,"footnotes":""},"categories":[15],"tags":[],"class_list":["post-16704","post","type-post","status-publish","format-standard","has-post-thumbnail","hentry","category-comunidad"],"jetpack_featured_media_url":"https:\/\/i0.wp.com\/eltrabajo.cl\/portal\/wp-content\/uploads\/2012\/04\/Casita1.jpg?fit=600%2C450&ssl=1","jetpack_sharing_enabled":true,"jetpack_likes_enabled":true,"jetpack-related-posts":[],"_links":{"self":[{"href":"https:\/\/eltrabajo.cl\/portal\/wp-json\/wp\/v2\/posts\/16704","targetHints":{"allow":["GET"]}}],"collection":[{"href":"https:\/\/eltrabajo.cl\/portal\/wp-json\/wp\/v2\/posts"}],"about":[{"href":"https:\/\/eltrabajo.cl\/portal\/wp-json\/wp\/v2\/types\/post"}],"author":[{"embeddable":true,"href":"https:\/\/eltrabajo.cl\/portal\/wp-json\/wp\/v2\/users\/482"}],"replies":[{"embeddable":true,"href":"https:\/\/eltrabajo.cl\/portal\/wp-json\/wp\/v2\/comments?post=16704"}],"version-history":[{"count":0,"href":"https:\/\/eltrabajo.cl\/portal\/wp-json\/wp\/v2\/posts\/16704\/revisions"}],"wp:featuredmedia":[{"embeddable":true,"href":"https:\/\/eltrabajo.cl\/portal\/wp-json\/wp\/v2\/media\/16705"}],"wp:attachment":[{"href":"https:\/\/eltrabajo.cl\/portal\/wp-json\/wp\/v2\/media?parent=16704"}],"wp:term":[{"taxonomy":"category","embeddable":true,"href":"https:\/\/eltrabajo.cl\/portal\/wp-json\/wp\/v2\/categories?post=16704"},{"taxonomy":"post_tag","embeddable":true,"href":"https:\/\/eltrabajo.cl\/portal\/wp-json\/wp\/v2\/tags?post=16704"}],"curies":[{"name":"wp","href":"https:\/\/api.w.org\/{rel}","templated":true}]}}