{"id":16716,"date":"2012-04-17T09:47:29","date_gmt":"2012-04-17T12:47:29","guid":{"rendered":"http:\/\/www.eltrabajo.cl\/portal\/?p=16716"},"modified":"2012-04-17T09:47:29","modified_gmt":"2012-04-17T12:47:29","slug":"policia-de-investigaciones-no-descarta-un-accidente-como-causa-de-la-muerte","status":"publish","type":"post","link":"https:\/\/eltrabajo.cl\/portal\/policia-de-investigaciones-no-descarta-un-accidente-como-causa-de-la-muerte\/","title":{"rendered":"Polic\u00eda de Investigaciones no descarta un accidente como causa de la muerte"},"content":{"rendered":"<figure id=\"attachment_16717\" aria-describedby=\"caption-attachment-16717\" style=\"width: 600px\" class=\"wp-caption alignnone\"><a href=\"http:\/\/www.eltrabajo.cl\/portal\/2012\/04\/policia-de-investigaciones-no-descarta-un-accidente-como-causa-de-la-muerte\/profesores-de-matias\/\" rel=\"attachment wp-att-16717\"><img data-recalc-dims=\"1\" loading=\"lazy\" decoding=\"async\" class=\"size-full wp-image-16717\" title=\"profesores de matias\" src=\"https:\/\/i0.wp.com\/www.eltrabajo.cl\/portal\/wp-content\/uploads\/2012\/04\/profesores-de-matias.jpg?resize=600%2C450\" alt=\"\" width=\"600\" height=\"450\" srcset=\"https:\/\/i0.wp.com\/eltrabajo.cl\/portal\/wp-content\/uploads\/2012\/04\/profesores-de-matias.jpg?w=600&amp;ssl=1 600w, https:\/\/i0.wp.com\/eltrabajo.cl\/portal\/wp-content\/uploads\/2012\/04\/profesores-de-matias.jpg?resize=200%2C150&amp;ssl=1 200w, https:\/\/i0.wp.com\/eltrabajo.cl\/portal\/wp-content\/uploads\/2012\/04\/profesores-de-matias.jpg?resize=300%2C225&amp;ssl=1 300w, https:\/\/i0.wp.com\/eltrabajo.cl\/portal\/wp-content\/uploads\/2012\/04\/profesores-de-matias.jpg?resize=150%2C112&amp;ssl=1 150w, https:\/\/i0.wp.com\/eltrabajo.cl\/portal\/wp-content\/uploads\/2012\/04\/profesores-de-matias.jpg?resize=400%2C300&amp;ssl=1 400w\" sizes=\"auto, (max-width: 600px) 100vw, 600px\" \/><\/a><figcaption id=\"caption-attachment-16717\" class=\"wp-caption-text\">La Directora del colegio, Mar\u00eda Teresa Donoso, junto a profesores de Mat\u00edas junto al puesto vac\u00edo del menor.<\/figcaption><\/figure>\n<ul>\n<li><strong>Profesores y compa\u00f1eros de Mat\u00edas Eduwer Mu\u00f1oz Orostizaga se encuentran consternados con aparente suicidio de menor de 10 a\u00f1os en Los Patos.<\/strong><\/li>\n<\/ul>\n<p><strong>PUTAENDO.-<\/strong> \u201cDesde hoy el cielo tiene un nuevo \u00e1ngel&#8230; Mat\u00edas Eduwer Mu\u00f1oz Orostizaga\u201d. Con estas sentidas palabras la directora de la escuela Eduardo Becerra Bascu\u00f1\u00e1n de Casa Blanca, profesora Mar\u00eda Teresa Donoso, se refiri\u00f3 a la tr\u00e1gica muerte de Mat\u00edas Eduwer Mu\u00f1oz Orostizaga, alumno del cuarto a\u00f1o b\u00e1sico de dicho establecimiento.<\/p>\n<p>Con el pabell\u00f3n nacional a media asta en se\u00f1al de duelo y con los profesores, alumnos y auxiliares sin entender lo sucedido y en un ambiente de mucho recogimiento, Diario El Trabajo fue recibido por la comunidad educativa de Casa blanca, se\u00f1alando su directora que no han logrado entender lo que ocurri\u00f3, asegurando que todo se trat\u00f3 de un terrible accidente pues no logran entender la posibilidad de un suicidio tomando en cuenta la personalidad de Mat\u00edas, quien era un peque\u00f1o alegre, cari\u00f1oso, respetuoso, despierto y muy participativo en el establecimiento, adem\u00e1s de ser muy buen compa\u00f1ero y un excelente alumnos que ten\u00eda un promedio general de 6.0, lo que reflejaba su buen rendimiento y ganas de superaci\u00f3n.<\/p>\n<figure id=\"attachment_16718\" aria-describedby=\"caption-attachment-16718\" style=\"width: 235px\" class=\"wp-caption alignright\"><a href=\"http:\/\/www.eltrabajo.cl\/portal\/2012\/04\/policia-de-investigaciones-no-descarta-un-accidente-como-causa-de-la-muerte\/matias\/\" rel=\"attachment wp-att-16718\"><img data-recalc-dims=\"1\" loading=\"lazy\" decoding=\"async\" class=\"size-medium wp-image-16718\" title=\"Matias\" src=\"https:\/\/i0.wp.com\/www.eltrabajo.cl\/portal\/wp-content\/uploads\/2012\/04\/Matias-235x300.jpg?resize=235%2C300\" alt=\"\" width=\"235\" height=\"300\" srcset=\"https:\/\/i0.wp.com\/eltrabajo.cl\/portal\/wp-content\/uploads\/2012\/04\/Matias.jpg?resize=235%2C300&amp;ssl=1 235w, https:\/\/i0.wp.com\/eltrabajo.cl\/portal\/wp-content\/uploads\/2012\/04\/Matias.jpg?resize=117%2C150&amp;ssl=1 117w, https:\/\/i0.wp.com\/eltrabajo.cl\/portal\/wp-content\/uploads\/2012\/04\/Matias.jpg?resize=400%2C509&amp;ssl=1 400w, https:\/\/i0.wp.com\/eltrabajo.cl\/portal\/wp-content\/uploads\/2012\/04\/Matias.jpg?w=804&amp;ssl=1 804w\" sizes=\"auto, (max-width: 235px) 100vw, 235px\" \/><\/a><figcaption id=\"caption-attachment-16718\" class=\"wp-caption-text\">El peque\u00f1o Mat\u00edas fue descrito como un ni\u00f1o bastante activo y alegre, por lo que sus cercanos no pueden creer que haya atentado contra su vida.<\/figcaption><\/figure>\n<p>Ana Estay, profesora jefe de Mat\u00edas, a quien cari\u00f1osamente llamaban \u2018Bullita\u2019 a prop\u00f3sito de su incansable \u00e1nimo y estilo de estar siempre activo, dijo que Mat\u00edas hab\u00eda sido un ni\u00f1o especial y que el amor, ternura y sonrisa maravillosa quedar\u00e1n para siempre presentes en los corazones de todos sus compa\u00f1eros y profesores.<\/p>\n<p>El profesor Henry Vargas dijo que el viernes pasado Mat\u00edas le pidi\u00f3 que lo grabara tocando la bater\u00eda del colegio, su gran pasi\u00f3n y que la demostraba con interminables horas de ensayo, pues su sue\u00f1o era tocar en una gran banda musical su tan apreciada bater\u00eda, por lo que se sum\u00f3 a la posibilidad de un accidente en el fatal hecho ocurrido la tarde del d\u00eda domingo.<\/p>\n<p>El puesto que ocupaba Mat\u00edas en la peque\u00f1a sala de su querido colegio fue cubierto con flores, se encendieron velas donde sus amiguitos le dejaron una hermosa carta escrita por sus propios compa\u00f1eros que tambi\u00e9n lo visitaron en su hogar donde es velado.<\/p>\n<p>En el humilde hogar del sector de Los Patos todo era tristeza. Las palabras de aliento de las cientos de personas que llegaban a todo momento a dar las condolencias no eran suficiente para la familia. Rosita Orostizaga, abuelita de Mat\u00edas, se\u00f1al\u00f3 a nuestro medio que su nieto era solo alegr\u00eda y que su hermosa sonrisa siempre le acompa\u00f1aba, agregando que siempre jugaba con una soga lazando animales y que era muy inquieto y que siempre se encaramaba en cualquier \u00e1rbol a jugar, asegurando que lo que le ocurri\u00f3 a su nieto fue un tr\u00e1gico accidente y de ninguna manera un suicidio.<\/p>\n<p><strong>VERSI\u00d3N DE LA PDI<\/strong><\/p>\n<p>En tanto Carlos Alegr\u00eda, jefe de la brigada de homicidios de La PDI, se\u00f1al\u00f3 que de acuerdo a la inspecci\u00f3n visual y preliminar el hecho correspond\u00eda a una muerte del tipo suicida, teniendo el cuerpo del peque\u00f1o una data aproximada a las cuatro horas de fallecido, sin embargo se\u00f1al\u00f3 que no se descarta la hip\u00f3tesis de un accidente por lo que se est\u00e1 trabajando en ambas l\u00edneas investigativas, agregando que durante los pr\u00f3ximos d\u00edas podr\u00eda tenerse claridad sobre este lamentable hecho, informe que ser\u00e1 entregado al fiscal Eduardo Fajardo quien orden\u00f3 una serie de diligencias para esclarecer fehacientemente esta tr\u00e1gica muerte.<\/p>\n<p>Mat\u00edas Mu\u00f1oz Orostizaga est\u00e1 siendo velado en su casa habitaci\u00f3n en el sector de la medialuna de Los Patos y sus funerales se efectuar\u00e1n hoy martes despu\u00e9s de una misa que ser\u00e1 oficiada por el eterno descanso de su alma en la capilla del templo parroquial de Putaendo, a las 16.00 horas.<\/p>\n<p>Cualquiera fuese la causa de tan lamentable hecho, lo concreto que sin lugar a dudas la directora de la escuelita de Casa blanca tiene toda la raz\u00f3n del mundo, pues desde hoy el cielo tienen un nuevo \u00e1ngel: Mat\u00edas Eduwer Mu\u00f1oz Orostizaga, que seguramente ya est\u00e1 en los brazos de Dios.<\/p>\n<p><strong>Patricio Gallardo<\/strong><\/p>\n","protected":false},"excerpt":{"rendered":"<p>Profesores y compa\u00f1eros de Mat\u00edas Eduwer Mu\u00f1oz Orostizaga se encuentran consternados con aparente suicidio de menor de 10 a\u00f1os en Los Patos. PUTAENDO.- \u201cDesde hoy el cielo tiene un nuevo \u00e1ngel&#8230; Mat\u00edas&#8230;<\/p>\n","protected":false},"author":482,"featured_media":16717,"comment_status":"open","ping_status":"open","sticky":false,"template":"","format":"standard","meta":{"advanced_seo_description":"","jetpack_seo_html_title":"","jetpack_seo_noindex":false,"_jetpack_memberships_contains_paid_content":false,"footnotes":""},"categories":[15],"tags":[],"class_list":["post-16716","post","type-post","status-publish","format-standard","has-post-thumbnail","hentry","category-comunidad"],"jetpack_featured_media_url":"https:\/\/i0.wp.com\/eltrabajo.cl\/portal\/wp-content\/uploads\/2012\/04\/profesores-de-matias.jpg?fit=600%2C450&ssl=1","jetpack_sharing_enabled":true,"jetpack_likes_enabled":true,"jetpack-related-posts":[],"_links":{"self":[{"href":"https:\/\/eltrabajo.cl\/portal\/wp-json\/wp\/v2\/posts\/16716","targetHints":{"allow":["GET"]}}],"collection":[{"href":"https:\/\/eltrabajo.cl\/portal\/wp-json\/wp\/v2\/posts"}],"about":[{"href":"https:\/\/eltrabajo.cl\/portal\/wp-json\/wp\/v2\/types\/post"}],"author":[{"embeddable":true,"href":"https:\/\/eltrabajo.cl\/portal\/wp-json\/wp\/v2\/users\/482"}],"replies":[{"embeddable":true,"href":"https:\/\/eltrabajo.cl\/portal\/wp-json\/wp\/v2\/comments?post=16716"}],"version-history":[{"count":0,"href":"https:\/\/eltrabajo.cl\/portal\/wp-json\/wp\/v2\/posts\/16716\/revisions"}],"wp:featuredmedia":[{"embeddable":true,"href":"https:\/\/eltrabajo.cl\/portal\/wp-json\/wp\/v2\/media\/16717"}],"wp:attachment":[{"href":"https:\/\/eltrabajo.cl\/portal\/wp-json\/wp\/v2\/media?parent=16716"}],"wp:term":[{"taxonomy":"category","embeddable":true,"href":"https:\/\/eltrabajo.cl\/portal\/wp-json\/wp\/v2\/categories?post=16716"},{"taxonomy":"post_tag","embeddable":true,"href":"https:\/\/eltrabajo.cl\/portal\/wp-json\/wp\/v2\/tags?post=16716"}],"curies":[{"name":"wp","href":"https:\/\/api.w.org\/{rel}","templated":true}]}}